{"id":2127,"date":"2021-03-28T12:01:54","date_gmt":"2021-03-28T12:01:54","guid":{"rendered":"https:\/\/www.upo.es\/patio-colorado\/?p=2127"},"modified":"2021-03-30T15:58:50","modified_gmt":"2021-03-30T15:58:50","slug":"asi-viven-los-maireneros-esta-semana-santa","status":"publish","type":"post","link":"https:\/\/www.upo.es\/patio-colorado\/2021\/03\/28\/asi-viven-los-maireneros-esta-semana-santa\/","title":{"rendered":"As\u00ed viven los maireneros esta Semana Santa"},"content":{"rendered":"<p>Buenos d\u00edas coloraos y color\u00e1s. Como sab\u00e9is, es el segundo a\u00f1o que no saldr\u00e1n las procesiones de Semana Santa debido a la pandemia global que estamos viviendo. A pesar de ello, Mairena del Alcor (Sevilla) ha querido acercar dichas procesiones a todos sus vecinos y visitantes posicionando as\u00ed 8 soportes de 3 metros de altura distribuidos por el Paseo de la feria antigua (avenida de Andaluc\u00eda).<\/p>\n<p>\u00bfY qu\u00e9 mejor manera de conmemorar esta festividad tan andaluza que un Domingo de Ramos en el Patio Colorao?<\/p>\n<p>La exposici\u00f3n estar\u00e1 disponible hasta el 4 de abril de 2021 y ha sido organizada por el Ayuntamiento y el Consejo de Cofrad\u00edas y Hermandades de Mairena del Alcor. Cada soporte est\u00e1 dedicado a una hermandad diferente. As\u00ed, todo ciudadano que pase por dicha avenida, puede sentir m\u00e1s de cerca esta semana tan especial.<\/p>\n<p>El cartel principal, y que da inicio a la exposici\u00f3n, ha sido realizado por Diego Pe\u00f1a Madro\u00f1al, un vecino del pueblo. En \u00e9l aparecen Mar\u00eda Sant\u00edsima de la Ancilla y Sant\u00edsimo Cristo de la Vera Cruz, un farol que estar\u00e1 en el futuro paso de palio, un nazareno junto a su cruz de gu\u00eda y, si os fij\u00e1is, tres velas apagadas para reforzar ese concepto de desvanecimiento por haber sido interrumpida la Semana Santa. Pese a esto, en la parte inferior del cartel, el autor da un ingente mensaje de esperanza para que confiemos en que el pr\u00f3ximo a\u00f1o podamos vivir de esta semana como siempre lo hemos hecho. Junto a dicho mensaje hay un c\u00f3digo el cual podemos escanear con el m\u00f3vil y as\u00ed poder ver esas velas que aparecen en el cartel, pero encendidas y en movimiento.<\/p>\n<p style=\"text-align: center\"><img loading=\"lazy\" decoding=\"async\" class=\"alignnone size-medium wp-image-2128\" src=\"https:\/\/www.upo.es\/patio-colorado\/wp-content\/uploads\/2021\/03\/WhatsApp-Image-2021-03-26-at-20.16.49-225x300.jpeg\" alt=\"\" width=\"225\" height=\"300\" srcset=\"https:\/\/www.upo.es\/patio-colorado\/wp-content\/uploads\/2021\/03\/WhatsApp-Image-2021-03-26-at-20.16.49-225x300.jpeg 225w, https:\/\/www.upo.es\/patio-colorado\/wp-content\/uploads\/2021\/03\/WhatsApp-Image-2021-03-26-at-20.16.49-768x1024.jpeg 768w, https:\/\/www.upo.es\/patio-colorado\/wp-content\/uploads\/2021\/03\/WhatsApp-Image-2021-03-26-at-20.16.49-1152x1536.jpeg 1152w, https:\/\/www.upo.es\/patio-colorado\/wp-content\/uploads\/2021\/03\/WhatsApp-Image-2021-03-26-at-20.16.49.jpeg 1200w\" sizes=\"auto, (max-width: 225px) 100vw, 225px\" \/><\/p>\n<p style=\"text-align: center\">Fuente: foto realizada por la autora de la noticia<\/p>\n<p>En los dem\u00e1s soportes se muestran todas y cada una de las Hermandades que llevan a cabo su penitencia por las calles de Mairena del Alcor a lo largo de la semana grande del Cofrade. En ellos encontramos una informaci\u00f3n detallada de la Hermandad y de la Cofrad\u00eda, como por ejemplo el nombre del Hermano Mayor, el n\u00famero aproximado de nazarenos, una descripci\u00f3n del h\u00e1bito, la antig\u00fcedad que tiene, el n\u00famero de hermanos, cu\u00e1l es la Sede Can\u00f3nica, el horario y punto de inter\u00e9s, la cuadrilla, el autor del paso, los capataces e incluso la Agrupaci\u00f3n Musical, iconograf\u00eda y adorno floral. Todo esto acompa\u00f1ado de im\u00e1genes del paso y un plano que muestra el recorrido que ha hecho durante a\u00f1os atr\u00e1s.<\/p>\n<p><img loading=\"lazy\" decoding=\"async\" class=\"alignnone size-medium wp-image-2131\" src=\"https:\/\/www.upo.es\/patio-colorado\/wp-content\/uploads\/2021\/03\/WhatsApp-Image-2021-03-26-at-20.16.51-225x300.jpeg\" alt=\"\" width=\"225\" height=\"300\" srcset=\"https:\/\/www.upo.es\/patio-colorado\/wp-content\/uploads\/2021\/03\/WhatsApp-Image-2021-03-26-at-20.16.51-225x300.jpeg 225w, https:\/\/www.upo.es\/patio-colorado\/wp-content\/uploads\/2021\/03\/WhatsApp-Image-2021-03-26-at-20.16.51-768x1024.jpeg 768w, https:\/\/www.upo.es\/patio-colorado\/wp-content\/uploads\/2021\/03\/WhatsApp-Image-2021-03-26-at-20.16.51-1152x1536.jpeg 1152w, https:\/\/www.upo.es\/patio-colorado\/wp-content\/uploads\/2021\/03\/WhatsApp-Image-2021-03-26-at-20.16.51.jpeg 1200w\" sizes=\"auto, (max-width: 225px) 100vw, 225px\" \/>\u00a0 \u00a0 \u00a0<img loading=\"lazy\" decoding=\"async\" class=\"alignnone size-medium wp-image-2132\" src=\"https:\/\/www.upo.es\/patio-colorado\/wp-content\/uploads\/2021\/03\/WhatsApp-Image-2021-03-26-at-20.16.54-225x300.jpeg\" alt=\"\" width=\"225\" height=\"300\" srcset=\"https:\/\/www.upo.es\/patio-colorado\/wp-content\/uploads\/2021\/03\/WhatsApp-Image-2021-03-26-at-20.16.54-225x300.jpeg 225w, https:\/\/www.upo.es\/patio-colorado\/wp-content\/uploads\/2021\/03\/WhatsApp-Image-2021-03-26-at-20.16.54-768x1024.jpeg 768w, https:\/\/www.upo.es\/patio-colorado\/wp-content\/uploads\/2021\/03\/WhatsApp-Image-2021-03-26-at-20.16.54-1152x1536.jpeg 1152w, https:\/\/www.upo.es\/patio-colorado\/wp-content\/uploads\/2021\/03\/WhatsApp-Image-2021-03-26-at-20.16.54.jpeg 1200w\" sizes=\"auto, (max-width: 225px) 100vw, 225px\" \/>\u00a0 \u00a0 \u00a0 <img loading=\"lazy\" decoding=\"async\" class=\"alignnone size-medium wp-image-2133\" src=\"https:\/\/www.upo.es\/patio-colorado\/wp-content\/uploads\/2021\/03\/WhatsApp-Image-2021-03-26-at-20.16.55-225x300.jpeg\" alt=\"\" width=\"225\" height=\"300\" srcset=\"https:\/\/www.upo.es\/patio-colorado\/wp-content\/uploads\/2021\/03\/WhatsApp-Image-2021-03-26-at-20.16.55-225x300.jpeg 225w, https:\/\/www.upo.es\/patio-colorado\/wp-content\/uploads\/2021\/03\/WhatsApp-Image-2021-03-26-at-20.16.55-768x1024.jpeg 768w, https:\/\/www.upo.es\/patio-colorado\/wp-content\/uploads\/2021\/03\/WhatsApp-Image-2021-03-26-at-20.16.55-1152x1536.jpeg 1152w, https:\/\/www.upo.es\/patio-colorado\/wp-content\/uploads\/2021\/03\/WhatsApp-Image-2021-03-26-at-20.16.55.jpeg 1200w\" sizes=\"auto, (max-width: 225px) 100vw, 225px\" \/><\/p>\n<p><img loading=\"lazy\" decoding=\"async\" class=\"alignnone size-medium wp-image-2134\" src=\"https:\/\/www.upo.es\/patio-colorado\/wp-content\/uploads\/2021\/03\/WhatsApp-Image-2021-03-26-at-20.16.56-225x300.jpeg\" alt=\"\" width=\"225\" height=\"300\" srcset=\"https:\/\/www.upo.es\/patio-colorado\/wp-content\/uploads\/2021\/03\/WhatsApp-Image-2021-03-26-at-20.16.56-225x300.jpeg 225w, https:\/\/www.upo.es\/patio-colorado\/wp-content\/uploads\/2021\/03\/WhatsApp-Image-2021-03-26-at-20.16.56-768x1024.jpeg 768w, https:\/\/www.upo.es\/patio-colorado\/wp-content\/uploads\/2021\/03\/WhatsApp-Image-2021-03-26-at-20.16.56-1152x1536.jpeg 1152w, https:\/\/www.upo.es\/patio-colorado\/wp-content\/uploads\/2021\/03\/WhatsApp-Image-2021-03-26-at-20.16.56.jpeg 1200w\" sizes=\"auto, (max-width: 225px) 100vw, 225px\" \/> <img loading=\"lazy\" decoding=\"async\" class=\"alignnone size-medium wp-image-2135\" src=\"https:\/\/www.upo.es\/patio-colorado\/wp-content\/uploads\/2021\/03\/WhatsApp-Image-2021-03-26-at-20.16.58-225x300.jpeg\" alt=\"\" width=\"225\" height=\"300\" srcset=\"https:\/\/www.upo.es\/patio-colorado\/wp-content\/uploads\/2021\/03\/WhatsApp-Image-2021-03-26-at-20.16.58-225x300.jpeg 225w, https:\/\/www.upo.es\/patio-colorado\/wp-content\/uploads\/2021\/03\/WhatsApp-Image-2021-03-26-at-20.16.58-768x1024.jpeg 768w, https:\/\/www.upo.es\/patio-colorado\/wp-content\/uploads\/2021\/03\/WhatsApp-Image-2021-03-26-at-20.16.58-1152x1536.jpeg 1152w, https:\/\/www.upo.es\/patio-colorado\/wp-content\/uploads\/2021\/03\/WhatsApp-Image-2021-03-26-at-20.16.58.jpeg 1200w\" sizes=\"auto, (max-width: 225px) 100vw, 225px\" \/> <img loading=\"lazy\" decoding=\"async\" class=\"alignnone size-medium wp-image-2136\" src=\"https:\/\/www.upo.es\/patio-colorado\/wp-content\/uploads\/2021\/03\/WhatsApp-Image-2021-03-26-at-20.17.00-225x300.jpeg\" alt=\"\" width=\"225\" height=\"300\" srcset=\"https:\/\/www.upo.es\/patio-colorado\/wp-content\/uploads\/2021\/03\/WhatsApp-Image-2021-03-26-at-20.17.00-225x300.jpeg 225w, https:\/\/www.upo.es\/patio-colorado\/wp-content\/uploads\/2021\/03\/WhatsApp-Image-2021-03-26-at-20.17.00-768x1024.jpeg 768w, https:\/\/www.upo.es\/patio-colorado\/wp-content\/uploads\/2021\/03\/WhatsApp-Image-2021-03-26-at-20.17.00-1152x1536.jpeg 1152w, https:\/\/www.upo.es\/patio-colorado\/wp-content\/uploads\/2021\/03\/WhatsApp-Image-2021-03-26-at-20.17.00.jpeg 1200w\" sizes=\"auto, (max-width: 225px) 100vw, 225px\" \/><\/p>\n<p><img loading=\"lazy\" decoding=\"async\" class=\"alignnone size-medium wp-image-2137\" src=\"https:\/\/www.upo.es\/patio-colorado\/wp-content\/uploads\/2021\/03\/WhatsApp-Image-2021-03-26-at-20.17.02-225x300.jpeg\" alt=\"\" width=\"225\" height=\"300\" srcset=\"https:\/\/www.upo.es\/patio-colorado\/wp-content\/uploads\/2021\/03\/WhatsApp-Image-2021-03-26-at-20.17.02-225x300.jpeg 225w, https:\/\/www.upo.es\/patio-colorado\/wp-content\/uploads\/2021\/03\/WhatsApp-Image-2021-03-26-at-20.17.02-768x1024.jpeg 768w, https:\/\/www.upo.es\/patio-colorado\/wp-content\/uploads\/2021\/03\/WhatsApp-Image-2021-03-26-at-20.17.02-1152x1536.jpeg 1152w, https:\/\/www.upo.es\/patio-colorado\/wp-content\/uploads\/2021\/03\/WhatsApp-Image-2021-03-26-at-20.17.02.jpeg 1200w\" sizes=\"auto, (max-width: 225px) 100vw, 225px\" \/><\/p>\n<p style=\"text-align: center\">Fuente: fotos realizadas por la autora de la noticia<\/p>\n<p>&nbsp;<\/p>\n<p>&nbsp;<\/p>\n","protected":false},"excerpt":{"rendered":"<p>Buenos d\u00edas coloraos y color\u00e1s. Como sab\u00e9is, es el segundo a\u00f1o que no saldr\u00e1n las procesiones de Semana Santa debido a la pandemia global que estamos viviendo. A pesar de ello, Mairena del Alcor (Sevilla) ha querido acercar dichas procesiones a todos sus vecinos y visitantes posicionando as\u00ed 8 soportes de 3 metros de altura [&hellip;]<\/p>\n","protected":false},"author":61,"featured_media":2138,"comment_status":"open","ping_status":"open","sticky":false,"template":"","format":"standard","meta":{"_acf_changed":false,"_monsterinsights_skip_tracking":false,"_monsterinsights_sitenote_active":false,"_monsterinsights_sitenote_note":"","_monsterinsights_sitenote_category":0,"footnotes":""},"categories":[45,12,35,301],"tags":[80,55,99,336,59,138,6],"class_list":["post-2127","post","type-post","status-publish","format-standard","has-post-thumbnail","hentry","category-boletin-colorao","category-eventos","category-fiestas-tradiciones","category-sevilla","tag-actualidad","tag-andalucia","tag-cultura","tag-mairena-del-alcor","tag-semanasanta","tag-quedate-en-casa","tag-sevilla"],"blocksy_meta":[],"acf":[],"jetpack_featured_media_url":"https:\/\/www.upo.es\/patio-colorado\/wp-content\/uploads\/2021\/03\/unnamed.jpg","_links":{"self":[{"href":"https:\/\/www.upo.es\/patio-colorado\/wp-json\/wp\/v2\/posts\/2127","targetHints":{"allow":["GET"]}}],"collection":[{"href":"https:\/\/www.upo.es\/patio-colorado\/wp-json\/wp\/v2\/posts"}],"about":[{"href":"https:\/\/www.upo.es\/patio-colorado\/wp-json\/wp\/v2\/types\/post"}],"author":[{"embeddable":true,"href":"https:\/\/www.upo.es\/patio-colorado\/wp-json\/wp\/v2\/users\/61"}],"replies":[{"embeddable":true,"href":"https:\/\/www.upo.es\/patio-colorado\/wp-json\/wp\/v2\/comments?post=2127"}],"version-history":[{"count":5,"href":"https:\/\/www.upo.es\/patio-colorado\/wp-json\/wp\/v2\/posts\/2127\/revisions"}],"predecessor-version":[{"id":2156,"href":"https:\/\/www.upo.es\/patio-colorado\/wp-json\/wp\/v2\/posts\/2127\/revisions\/2156"}],"wp:featuredmedia":[{"embeddable":true,"href":"https:\/\/www.upo.es\/patio-colorado\/wp-json\/wp\/v2\/media\/2138"}],"wp:attachment":[{"href":"https:\/\/www.upo.es\/patio-colorado\/wp-json\/wp\/v2\/media?parent=2127"}],"wp:term":[{"taxonomy":"category","embeddable":true,"href":"https:\/\/www.upo.es\/patio-colorado\/wp-json\/wp\/v2\/categories?post=2127"},{"taxonomy":"post_tag","embeddable":true,"href":"https:\/\/www.upo.es\/patio-colorado\/wp-json\/wp\/v2\/tags?post=2127"}],"curies":[{"name":"wp","href":"https:\/\/api.w.org\/{rel}","templated":true}]}}