{"id":2146,"date":"2021-03-31T11:04:32","date_gmt":"2021-03-31T11:04:32","guid":{"rendered":"https:\/\/www.upo.es\/patio-colorado\/?p=2146"},"modified":"2021-03-31T11:44:16","modified_gmt":"2021-03-31T11:44:16","slug":"la-exposicion-cofrade-de-jerez-en-video","status":"publish","type":"post","link":"https:\/\/www.upo.es\/patio-colorado\/2021\/03\/31\/la-exposicion-cofrade-de-jerez-en-video\/","title":{"rendered":"La exposici\u00f3n cofrade de Jerez, en v\u00eddeo"},"content":{"rendered":"<p>Como ya os comentamos hace un tiempo, la localidad gaditana de Jerez de la Frontera ha inaugurado recientemente una exposici\u00f3n cofrade ante la ausencia de procesiones esta Semana de Pasi\u00f3n, con el objetivo de reunir los enseres m\u00e1s destacados de multitud de hermandades y presentarlos al p\u00fablico. Esta muestra recibe el nombre de \u00abCofrad\u00edas, la huella del tiempo en Jerez\u00bb y estar\u00e1 situada en los Claustros de Santo Domingo hasta su finalizaci\u00f3n el d\u00eda 11 de abril.<\/p>\n<p>Sayas, orfebrer\u00eda, im\u00e1genes de pasos de misterio, cruces de gu\u00eda, dioramas y hasta pasos de palio completos podemos encontrar expuestos en este sitio, entre otros muchos objetos de gran calidad e historia.<\/p>\n<p>Para acceder hay que solicitar la entrada v\u00eda<em> online<\/em> a trav\u00e9s de este <a href=\"https:\/\/entradas.avanzar.es\/\">enlace<\/a>. Aunque son gratuitas, es necesario reservar d\u00eda y hora con antelaci\u00f3n debido al alto n\u00famero de personas interesadas en visitarla. Se pueden seleccionar un m\u00e1ximo de dos entradas por persona y, una vez rellenados los datos que se piden en dicha solicitud, recibir\u00e9is un correo a modo de resumen y de confirmaci\u00f3n de que la reserva se ha efectuado correctamente.<\/p>\n<p>Para que os hag\u00e1is una idea del contenido de la misma si est\u00e1is pensando en acercaros o por si, desafortunadamente, no pod\u00e9is asistir <em>in situ<\/em> a este museo temporal pero dese\u00e1is admirar sus tesoros, aunque sea a trav\u00e9s de una pantalla, os dejamos <a href=\"https:\/\/www.instagram.com\/tv\/CNFLhr1IQV6\/?igshid=114k3yedxr99a\">el siguiente v\u00eddeo<\/a> en el que hemos procurado recoger lo mejor posible la esencia de Jerez y sus cofrad\u00edas seg\u00fan esta muestra.<\/p>\n<p>\u00a1Dadle al\u00a0<em>play<\/em> y disfrutad la cultura con El Patio Colorao!<\/p>\n<p>&nbsp;<\/p>\n<p>M\u00fasica: Buler\u00edas en la Plazuela (Agrupaci\u00f3n Musical La Sentencia), Pasan los Campanilleros (Banda de M\u00fasica La Oliva de Salteras) y Sole\u00e1 Dame la Mano (Banda de M\u00fasica Santa Ana de Dos Hermanas).<\/p>\n<p>Imagen de portada extra\u00edda de Cadizfornia.info<\/p>\n","protected":false},"excerpt":{"rendered":"<p>Como ya os comentamos hace un tiempo, la localidad gaditana de Jerez de la Frontera ha inaugurado recientemente una exposici\u00f3n cofrade ante la ausencia de procesiones esta Semana de Pasi\u00f3n, con el objetivo de reunir los enseres m\u00e1s destacados de multitud de hermandades y presentarlos al p\u00fablico. Esta muestra recibe el nombre de \u00abCofrad\u00edas, la [&hellip;]<\/p>\n","protected":false},"author":50,"featured_media":2148,"comment_status":"open","ping_status":"open","sticky":false,"template":"","format":"standard","meta":{"_acf_changed":false,"_monsterinsights_skip_tracking":false,"_monsterinsights_sitenote_active":false,"_monsterinsights_sitenote_note":"","_monsterinsights_sitenote_category":0,"footnotes":""},"categories":[302,35,170,23,44,309,136],"tags":[55,99,320,319,64,59,28,300,85,50],"class_list":["post-2146","post","type-post","status-publish","format-standard","has-post-thumbnail","hentry","category-cadiz","category-fiestas-tradiciones","category-monumentos-y-turismo","category-patrimonio-vivo","category-patrimonio","category-provincias","category-reportajes","tag-andalucia","tag-cultura","tag-jerez","tag-jerezcultura","tag-patrimonio","tag-semanasanta","tag-arte","tag-cadiz","tag-exposicion","tag-visitas"],"blocksy_meta":[],"acf":[],"jetpack_featured_media_url":"https:\/\/www.upo.es\/patio-colorado\/wp-content\/uploads\/2021\/03\/Exposicion-Cofradias-La-huella-del-tiempo-en-Jerez-en-los-Claustros-de-Santo-Domingo.png","_links":{"self":[{"href":"https:\/\/www.upo.es\/patio-colorado\/wp-json\/wp\/v2\/posts\/2146","targetHints":{"allow":["GET"]}}],"collection":[{"href":"https:\/\/www.upo.es\/patio-colorado\/wp-json\/wp\/v2\/posts"}],"about":[{"href":"https:\/\/www.upo.es\/patio-colorado\/wp-json\/wp\/v2\/types\/post"}],"author":[{"embeddable":true,"href":"https:\/\/www.upo.es\/patio-colorado\/wp-json\/wp\/v2\/users\/50"}],"replies":[{"embeddable":true,"href":"https:\/\/www.upo.es\/patio-colorado\/wp-json\/wp\/v2\/comments?post=2146"}],"version-history":[{"count":12,"href":"https:\/\/www.upo.es\/patio-colorado\/wp-json\/wp\/v2\/posts\/2146\/revisions"}],"predecessor-version":[{"id":2172,"href":"https:\/\/www.upo.es\/patio-colorado\/wp-json\/wp\/v2\/posts\/2146\/revisions\/2172"}],"wp:featuredmedia":[{"embeddable":true,"href":"https:\/\/www.upo.es\/patio-colorado\/wp-json\/wp\/v2\/media\/2148"}],"wp:attachment":[{"href":"https:\/\/www.upo.es\/patio-colorado\/wp-json\/wp\/v2\/media?parent=2146"}],"wp:term":[{"taxonomy":"category","embeddable":true,"href":"https:\/\/www.upo.es\/patio-colorado\/wp-json\/wp\/v2\/categories?post=2146"},{"taxonomy":"post_tag","embeddable":true,"href":"https:\/\/www.upo.es\/patio-colorado\/wp-json\/wp\/v2\/tags?post=2146"}],"curies":[{"name":"wp","href":"https:\/\/api.w.org\/{rel}","templated":true}]}}