{"id":2158,"date":"2021-03-31T10:31:49","date_gmt":"2021-03-31T10:31:49","guid":{"rendered":"https:\/\/www.upo.es\/patio-colorado\/?p=2158"},"modified":"2021-03-31T10:35:45","modified_gmt":"2021-03-31T10:35:45","slug":"una-semana-santa-diferente","status":"publish","type":"post","link":"https:\/\/www.upo.es\/patio-colorado\/2021\/03\/31\/una-semana-santa-diferente\/","title":{"rendered":"Una Semana Santa diferente"},"content":{"rendered":"<p>Segundo a\u00f1o sin Semana Santa y eso para los sevillanos duele de una forma especial. Por supuesto no podemos generalizar, pero para muchos lo que se vive en Sevilla durante esta semana es \u00fanico, sean religiosos o no. El olor a incienso mezclado con el incipiente azahar, la marea de capirotes, obras de arte paseando por las callejuelas, m\u00fasica y silencio\u2026 Reconozco que me emociono solo de pensarlo. Este a\u00f1o el coronavirus no nos ha permitido celebrar la Semana Santa como siempre lo hemos hecho, pero las hermandades han encontrado formas originales de mantener el esp\u00edritu de esta celebraci\u00f3n con tanta tradici\u00f3n a pesar de las circunstancias.<\/p>\n<p>Ante la imposibilidad de ver los pasos en la calle, hice un recorrido con mi padre por algunas iglesias sevillanas para apreciar las im\u00e1genes aunque fuese dentro de sus templos. Me sorprendi\u00f3 mucho lo que me encontr\u00e9 esa ma\u00f1ana. En primer lugar la afluencia a las iglesias era espectacular (eso s\u00ed, con las medidas necesarias por supuesto), incluso en algunas tuvimos que esperar largos minutos de cola. A\u00fan con la espera, era muy emocionante ver c\u00f3mo personas de todas las edades visitaban las im\u00e1genes, algunos (podemos suponer que pertenecientes a la hermandad o muy devotos) incluso con l\u00e1grimas en los ojos, y c\u00f3mo los templos se cargaban de aroma por todos los ramos de flores que los visitantes iban dejando al pie de las figuras. En segundo lugar, la sorpresa de mayor agrado para m\u00ed fue la forma tan original y personal en la que las hermandades han presentado este a\u00f1o sus titulares, con una teatralidad y una escenograf\u00eda impresionante. Esta impactante presentaci\u00f3n, unida en muchas iglesias a la m\u00fasica de fondo o incienso, ayuda al espectador a transportarse y a acercarse, por poco que sea, a la experiencia real. A continuaci\u00f3n mostraremos solo algunos ejemplos de entre las iglesias que pude visitar, por lo que evidentemente habr\u00e1 ausencias importantes. Queremos recalcar que las presentadas aqu\u00ed no se corresponden con nuestro \u201cfavoritismo capillita\u201d, sino que son solo algunas trazas de lo que las cofrad\u00edas sevillanas ofrecen esta semana.<\/p>\n<ol>\n<li style=\"text-align: left\"><strong>Esperanza Macarena<\/strong><\/li>\n<\/ol>\n<p><img loading=\"lazy\" decoding=\"async\" class=\"alignnone size-medium wp-image-2159\" src=\"https:\/\/www.upo.es\/patio-colorado\/wp-content\/uploads\/2021\/03\/20210329_103347-225x300.jpg\" alt=\"\" width=\"225\" height=\"300\" srcset=\"https:\/\/www.upo.es\/patio-colorado\/wp-content\/uploads\/2021\/03\/20210329_103347-225x300.jpg 225w, https:\/\/www.upo.es\/patio-colorado\/wp-content\/uploads\/2021\/03\/20210329_103347-768x1024.jpg 768w, https:\/\/www.upo.es\/patio-colorado\/wp-content\/uploads\/2021\/03\/20210329_103347-1152x1536.jpg 1152w, https:\/\/www.upo.es\/patio-colorado\/wp-content\/uploads\/2021\/03\/20210329_103347-1536x2048.jpg 1536w, https:\/\/www.upo.es\/patio-colorado\/wp-content\/uploads\/2021\/03\/20210329_103347-scaled.jpg 1920w\" sizes=\"auto, (max-width: 225px) 100vw, 225px\" \/>\u00a0\u00a0\u00a0\u00a0\u00a0\u00a0 <img loading=\"lazy\" decoding=\"async\" class=\"alignnone size-medium wp-image-2160\" src=\"https:\/\/www.upo.es\/patio-colorado\/wp-content\/uploads\/2021\/03\/20210329_103352-225x300.jpg\" alt=\"\" width=\"225\" height=\"300\" srcset=\"https:\/\/www.upo.es\/patio-colorado\/wp-content\/uploads\/2021\/03\/20210329_103352-225x300.jpg 225w, https:\/\/www.upo.es\/patio-colorado\/wp-content\/uploads\/2021\/03\/20210329_103352-768x1024.jpg 768w, https:\/\/www.upo.es\/patio-colorado\/wp-content\/uploads\/2021\/03\/20210329_103352-1152x1536.jpg 1152w, https:\/\/www.upo.es\/patio-colorado\/wp-content\/uploads\/2021\/03\/20210329_103352-1536x2048.jpg 1536w, https:\/\/www.upo.es\/patio-colorado\/wp-content\/uploads\/2021\/03\/20210329_103352-scaled.jpg 1920w\" sizes=\"auto, (max-width: 225px) 100vw, 225px\" \/><\/p>\n<p>La ya de por s\u00ed impresionante Bas\u00edlica de la Macarena guardaba una sorpresa. La Virgen de la Macarena estaba vestida con uno de sus famosos mantos verde esperanza (ahora nos hace falta m\u00e1s que nunca) con los que sale en procesi\u00f3n. Para hacer una especie de trampantojo y dar la sensaci\u00f3n de que estaba montada en su paso, la hermandad ha puesto de marco de la imagen la parte frontal del palio y delante ha colocado cirios y flores similares a los que la rodean cuando sale a la calle. La escenograf\u00eda resultante tiene un gran impacto visual.<\/p>\n<p>2. <strong>La Lanzada<\/strong><\/p>\n<p><img loading=\"lazy\" decoding=\"async\" class=\"size-medium wp-image-2161 aligncenter\" src=\"https:\/\/www.upo.es\/patio-colorado\/wp-content\/uploads\/2021\/03\/20210329_105901-225x300.jpg\" alt=\"\" width=\"225\" height=\"300\" srcset=\"https:\/\/www.upo.es\/patio-colorado\/wp-content\/uploads\/2021\/03\/20210329_105901-225x300.jpg 225w, https:\/\/www.upo.es\/patio-colorado\/wp-content\/uploads\/2021\/03\/20210329_105901-768x1024.jpg 768w, https:\/\/www.upo.es\/patio-colorado\/wp-content\/uploads\/2021\/03\/20210329_105901-1152x1536.jpg 1152w, https:\/\/www.upo.es\/patio-colorado\/wp-content\/uploads\/2021\/03\/20210329_105901-1536x2048.jpg 1536w, https:\/\/www.upo.es\/patio-colorado\/wp-content\/uploads\/2021\/03\/20210329_105901-scaled.jpg 1920w\" sizes=\"auto, (max-width: 225px) 100vw, 225px\" \/><\/p>\n<p>En la peque\u00f1ita iglesia de San Mart\u00edn nos encontramos con el conjunto quiz\u00e1s m\u00e1s monumental de todos los que vimos. El elaborado paso de La Lanzada, con sus numerosas figuras, se represent\u00f3 en la cabecera del templo. La altura en la que se encontraba el crucificado y la composici\u00f3n en pir\u00e1mide de las im\u00e1genes es verdaderamente impactante, sobre todo en medio del silencio y el juego de luces de la iglesia. Sin duda es una escena que sobrecoge.<\/p>\n<p>3.\u00a0<strong>Dulce Nombre<\/strong><\/p>\n<p><img loading=\"lazy\" decoding=\"async\" class=\"size-medium wp-image-2162 aligncenter\" src=\"https:\/\/www.upo.es\/patio-colorado\/wp-content\/uploads\/2021\/03\/20210329_111415-225x300.jpg\" alt=\"\" width=\"225\" height=\"300\" srcset=\"https:\/\/www.upo.es\/patio-colorado\/wp-content\/uploads\/2021\/03\/20210329_111415-225x300.jpg 225w, https:\/\/www.upo.es\/patio-colorado\/wp-content\/uploads\/2021\/03\/20210329_111415-768x1024.jpg 768w, https:\/\/www.upo.es\/patio-colorado\/wp-content\/uploads\/2021\/03\/20210329_111415-1152x1536.jpg 1152w, https:\/\/www.upo.es\/patio-colorado\/wp-content\/uploads\/2021\/03\/20210329_111415-1536x2048.jpg 1536w, https:\/\/www.upo.es\/patio-colorado\/wp-content\/uploads\/2021\/03\/20210329_111415-scaled.jpg 1920w\" sizes=\"auto, (max-width: 225px) 100vw, 225px\" \/><\/p>\n<p>En el caso de la Virgen del Dulce Nombre no se ha usado ninguna parte del palio para enmarcar la imagen, pero se ha colocado junto al San Juan Evangelista de la hermandad en la misma posici\u00f3n en la que procesionan. Adem\u00e1s, se ha completado la escena con cirios, arreglos florales y un peque\u00f1o crucificado.<\/p>\n<p>4.\u00a0<strong>El Silencio<\/strong><\/p>\n<p><img loading=\"lazy\" decoding=\"async\" class=\"size-medium wp-image-2164 aligncenter\" src=\"https:\/\/www.upo.es\/patio-colorado\/wp-content\/uploads\/2021\/03\/20210329_113810-225x300.jpg\" alt=\"\" width=\"225\" height=\"300\" srcset=\"https:\/\/www.upo.es\/patio-colorado\/wp-content\/uploads\/2021\/03\/20210329_113810-225x300.jpg 225w, https:\/\/www.upo.es\/patio-colorado\/wp-content\/uploads\/2021\/03\/20210329_113810-768x1024.jpg 768w, https:\/\/www.upo.es\/patio-colorado\/wp-content\/uploads\/2021\/03\/20210329_113810-1152x1536.jpg 1152w, https:\/\/www.upo.es\/patio-colorado\/wp-content\/uploads\/2021\/03\/20210329_113810-1536x2048.jpg 1536w, https:\/\/www.upo.es\/patio-colorado\/wp-content\/uploads\/2021\/03\/20210329_113810-scaled.jpg 1920w\" sizes=\"auto, (max-width: 225px) 100vw, 225px\" \/><\/p>\n<p>La Virgen de la Concepci\u00f3n se presenta tambi\u00e9n con la parte delantera del palio sobre su cabeza y acompa\u00f1ada de San Juan Evangelista. Ambas im\u00e1genes vienen rodeadas de cirios y flores iguales a las que se utilizan en el paso. Lo curioso de este arreglo es que tambi\u00e9n se ha usado uno de los laterales de la base del paso, los respiraderos dorados y plateados tan caracter\u00edsticos de este paso de palio, que sirve de asiento para la escena.<\/p>\n<p>5.\u00a0<strong>Esperanza de Triana<\/strong><\/p>\n<p><img loading=\"lazy\" decoding=\"async\" class=\"size-medium wp-image-2167 aligncenter\" src=\"https:\/\/www.upo.es\/patio-colorado\/wp-content\/uploads\/2021\/03\/20210331_112733-300x255.jpg\" alt=\"\" width=\"300\" height=\"255\" srcset=\"https:\/\/www.upo.es\/patio-colorado\/wp-content\/uploads\/2021\/03\/20210331_112733-300x255.jpg 300w, https:\/\/www.upo.es\/patio-colorado\/wp-content\/uploads\/2021\/03\/20210331_112733-1024x872.jpg 1024w, https:\/\/www.upo.es\/patio-colorado\/wp-content\/uploads\/2021\/03\/20210331_112733-768x654.jpg 768w, https:\/\/www.upo.es\/patio-colorado\/wp-content\/uploads\/2021\/03\/20210331_112733-1536x1308.jpg 1536w, https:\/\/www.upo.es\/patio-colorado\/wp-content\/uploads\/2021\/03\/20210331_112733-2048x1744.jpg 2048w\" sizes=\"auto, (max-width: 300px) 100vw, 300px\" \/><\/p>\n<p>El caso de la Esperanza de Triana es muy especial por la sencillez con la que se ha concebido la composici\u00f3n. No aparece coronada ni con el manto de procesi\u00f3n, ni rodeada de los cirios y flores tan exuberantes que suelen acompa\u00f1arla en Semana Santa. En lugar de eso aparece con lo que se conoce como vestimenta de hebrea y sujetando una corona de espinas en las manos, que cambia este a\u00f1o por las tradicionales joyas. La escena se completa con una cruz y una base de flores. Se trata de una de las composiciones que m\u00e1s me emocionaron, por la fuerza de la imagen en su simplicidad.<\/p>\n<p>6. <strong>La Estrella<\/strong><\/p>\n<p><img loading=\"lazy\" decoding=\"async\" class=\"alignnone size-medium wp-image-2166\" src=\"https:\/\/www.upo.es\/patio-colorado\/wp-content\/uploads\/2021\/03\/20210329_132753-225x300.jpg\" alt=\"\" width=\"225\" height=\"300\" srcset=\"https:\/\/www.upo.es\/patio-colorado\/wp-content\/uploads\/2021\/03\/20210329_132753-225x300.jpg 225w, https:\/\/www.upo.es\/patio-colorado\/wp-content\/uploads\/2021\/03\/20210329_132753-768x1024.jpg 768w, https:\/\/www.upo.es\/patio-colorado\/wp-content\/uploads\/2021\/03\/20210329_132753-1152x1536.jpg 1152w, https:\/\/www.upo.es\/patio-colorado\/wp-content\/uploads\/2021\/03\/20210329_132753-1536x2048.jpg 1536w, https:\/\/www.upo.es\/patio-colorado\/wp-content\/uploads\/2021\/03\/20210329_132753-scaled.jpg 1920w\" sizes=\"auto, (max-width: 225px) 100vw, 225px\" \/><img loading=\"lazy\" decoding=\"async\" class=\"alignnone size-medium wp-image-2165\" src=\"https:\/\/www.upo.es\/patio-colorado\/wp-content\/uploads\/2021\/03\/20210329_132727-225x300.jpg\" alt=\"\" width=\"225\" height=\"300\" srcset=\"https:\/\/www.upo.es\/patio-colorado\/wp-content\/uploads\/2021\/03\/20210329_132727-225x300.jpg 225w, https:\/\/www.upo.es\/patio-colorado\/wp-content\/uploads\/2021\/03\/20210329_132727-768x1024.jpg 768w, https:\/\/www.upo.es\/patio-colorado\/wp-content\/uploads\/2021\/03\/20210329_132727-1152x1536.jpg 1152w, https:\/\/www.upo.es\/patio-colorado\/wp-content\/uploads\/2021\/03\/20210329_132727-1536x2048.jpg 1536w, https:\/\/www.upo.es\/patio-colorado\/wp-content\/uploads\/2021\/03\/20210329_132727-scaled.jpg 1920w\" sizes=\"auto, (max-width: 225px) 100vw, 225px\" \/><\/p>\n<p>La \u00faltima hermandad que incluiremos en este art\u00edculo. En esta iglesia el hilo musical ayudaba mucho a la ambientaci\u00f3n. En estas fotograf\u00edas podemos ver claramente los ramos de flores de los devotos de los que habl\u00e1bamos anteriormente. Tanto el Cristo como la Virgen se presentaban con la parte delantera de sus respectivos pasos, creando un trampantojo perfecto.<\/p>\n<p>Vistas estas hermandades nos quedamos con muchas ganas de ver lo que habr\u00e1n hecho las dem\u00e1s. Lo que est\u00e1 claro es que el ingenio sevillano se ha puesto este a\u00f1o al servicio de la Semana Santa, luchando por conseguir una sensaci\u00f3n igualmente especial. En este a\u00f1o de pandemia la esperanza y la creatividad son m\u00e1s importantes que nunca. Os animamos a todos y todas a visitar las iglesias y a compartir con nosotros las im\u00e1genes de vuestras cofrad\u00edas preferidas por redes sociales! Habr\u00e1 que conformarse con eso este a\u00f1o!<\/p>\n","protected":false},"excerpt":{"rendered":"<p>Segundo a\u00f1o sin Semana Santa y eso para los sevillanos duele de una forma especial. Por supuesto no podemos generalizar, pero para muchos lo que se vive en Sevilla durante esta semana es \u00fanico, sean religiosos o no. El olor a incienso mezclado con el incipiente azahar, la marea de capirotes, obras de arte paseando [&hellip;]<\/p>\n","protected":false},"author":44,"featured_media":2163,"comment_status":"open","ping_status":"open","sticky":false,"template":"","format":"standard","meta":{"_acf_changed":false,"_monsterinsights_skip_tracking":false,"_monsterinsights_sitenote_active":false,"_monsterinsights_sitenote_note":"","_monsterinsights_sitenote_category":0,"footnotes":""},"categories":[45,12,35,170,301],"tags":[],"class_list":["post-2158","post","type-post","status-publish","format-standard","has-post-thumbnail","hentry","category-boletin-colorao","category-eventos","category-fiestas-tradiciones","category-monumentos-y-turismo","category-sevilla"],"blocksy_meta":[],"acf":[],"jetpack_featured_media_url":"https:\/\/www.upo.es\/patio-colorado\/wp-content\/uploads\/2021\/03\/20210329_111745-scaled-e1617186932115.jpg","_links":{"self":[{"href":"https:\/\/www.upo.es\/patio-colorado\/wp-json\/wp\/v2\/posts\/2158","targetHints":{"allow":["GET"]}}],"collection":[{"href":"https:\/\/www.upo.es\/patio-colorado\/wp-json\/wp\/v2\/posts"}],"about":[{"href":"https:\/\/www.upo.es\/patio-colorado\/wp-json\/wp\/v2\/types\/post"}],"author":[{"embeddable":true,"href":"https:\/\/www.upo.es\/patio-colorado\/wp-json\/wp\/v2\/users\/44"}],"replies":[{"embeddable":true,"href":"https:\/\/www.upo.es\/patio-colorado\/wp-json\/wp\/v2\/comments?post=2158"}],"version-history":[{"count":1,"href":"https:\/\/www.upo.es\/patio-colorado\/wp-json\/wp\/v2\/posts\/2158\/revisions"}],"predecessor-version":[{"id":2168,"href":"https:\/\/www.upo.es\/patio-colorado\/wp-json\/wp\/v2\/posts\/2158\/revisions\/2168"}],"wp:featuredmedia":[{"embeddable":true,"href":"https:\/\/www.upo.es\/patio-colorado\/wp-json\/wp\/v2\/media\/2163"}],"wp:attachment":[{"href":"https:\/\/www.upo.es\/patio-colorado\/wp-json\/wp\/v2\/media?parent=2158"}],"wp:term":[{"taxonomy":"category","embeddable":true,"href":"https:\/\/www.upo.es\/patio-colorado\/wp-json\/wp\/v2\/categories?post=2158"},{"taxonomy":"post_tag","embeddable":true,"href":"https:\/\/www.upo.es\/patio-colorado\/wp-json\/wp\/v2\/tags?post=2158"}],"curies":[{"name":"wp","href":"https:\/\/api.w.org\/{rel}","templated":true}]}}