{"id":2181,"date":"2021-04-05T17:11:14","date_gmt":"2021-04-05T17:11:14","guid":{"rendered":"https:\/\/www.upo.es\/patio-colorado\/?p=2181"},"modified":"2021-04-05T17:11:14","modified_gmt":"2021-04-05T17:11:14","slug":"el-real-alcazar-de-sevilla-y-sus-jardines","status":"publish","type":"post","link":"https:\/\/www.upo.es\/patio-colorado\/2021\/04\/05\/el-real-alcazar-de-sevilla-y-sus-jardines\/","title":{"rendered":"El Real Alc\u00e1zar de Sevilla y sus jardines"},"content":{"rendered":"<p>Si te encuentras en Sevilla no puedes olvidarte de visitar el maravilloso Real Alc\u00e1zar. Este conjunto monumental es uno de los destinos tur\u00edsticos m\u00e1s famosos de Sevilla y el principal edificio civil de la capital. Es tambi\u00e9n el palacio real en uso m\u00e1s antiguo de Europa, siendo la residencia oficial de la familia real espa\u00f1ola cuando viene a Sevilla. Fue construido en diferentes etapas hist\u00f3ricas a partir da la Alta Edad Media y por eso presenta caracter\u00edsticas diferentes que pertenecen a las distintas culturas que han pasado por la ciudad a lo largo de los siglos, desde sus origines romanos, pasando por el periodo musulm\u00e1n y la conquista cristiana, hasta nuestros d\u00edas. Localizado en el coraz\u00f3n de la ciudad de Sevilla, fue declarado Patrimonio de la Humanidad en 1987.<\/p>\n<p><img loading=\"lazy\" decoding=\"async\" class=\" wp-image-2182 aligncenter\" src=\"https:\/\/www.upo.es\/patio-colorado\/wp-content\/uploads\/2021\/04\/img-bq2-300x131.jpg\" alt=\"\" width=\"336\" height=\"147\" srcset=\"https:\/\/www.upo.es\/patio-colorado\/wp-content\/uploads\/2021\/04\/img-bq2-300x131.jpg 300w, https:\/\/www.upo.es\/patio-colorado\/wp-content\/uploads\/2021\/04\/img-bq2-1024x448.jpg 1024w, https:\/\/www.upo.es\/patio-colorado\/wp-content\/uploads\/2021\/04\/img-bq2-768x336.jpg 768w, https:\/\/www.upo.es\/patio-colorado\/wp-content\/uploads\/2021\/04\/img-bq2.jpg 1044w\" sizes=\"auto, (max-width: 336px) 100vw, 336px\" \/><\/p>\n<p>Como ya hemos dicho, el Real Alc\u00e1zar es un conjunto de edificios monumentales que reflejan los gustos art\u00edsticos de los diferentes gobernantes. De hecho, una gran contribuci\u00f3n fue dada por los artistas renacentistas como Francisco Niculoso Pisano que ha realizado un admirable altar de azulejos que se encuentra en el oratorio de los Reyes Cat\u00f3licos. Incluso el Patio de las Mu\u00f1ecas es otra zona del palacio muy interesante; durante su reforma del siglo XIX desapareci\u00f3 su primitivo encanto, pero sigue siendo una obra estupenda con sus columnas y capiteles antiguos.<\/p>\n<p><img loading=\"lazy\" decoding=\"async\" class=\"size-medium wp-image-2185 aligncenter\" src=\"https:\/\/www.upo.es\/patio-colorado\/wp-content\/uploads\/2021\/04\/Niculoso_Alcazar_Seville-212x300.jpg\" alt=\"\" width=\"212\" height=\"300\" srcset=\"https:\/\/www.upo.es\/patio-colorado\/wp-content\/uploads\/2021\/04\/Niculoso_Alcazar_Seville-212x300.jpg 212w, https:\/\/www.upo.es\/patio-colorado\/wp-content\/uploads\/2021\/04\/Niculoso_Alcazar_Seville.jpg 220w\" sizes=\"auto, (max-width: 212px) 100vw, 212px\" \/><\/p>\n<p style=\"text-align: center\"><em>Altar de azulejos Francisco Niculoso Pisano<\/em><\/p>\n<p><img loading=\"lazy\" decoding=\"async\" class=\"wp-image-2183 aligncenter\" src=\"https:\/\/www.upo.es\/patio-colorado\/wp-content\/uploads\/2021\/04\/real-alcazar-de-sevilla-patio-munecas-2-300x212.jpg\" alt=\"\" width=\"244\" height=\"173\" srcset=\"https:\/\/www.upo.es\/patio-colorado\/wp-content\/uploads\/2021\/04\/real-alcazar-de-sevilla-patio-munecas-2-300x212.jpg 300w, https:\/\/www.upo.es\/patio-colorado\/wp-content\/uploads\/2021\/04\/real-alcazar-de-sevilla-patio-munecas-2-768x541.jpg 768w, https:\/\/www.upo.es\/patio-colorado\/wp-content\/uploads\/2021\/04\/real-alcazar-de-sevilla-patio-munecas-2.jpg 800w\" sizes=\"auto, (max-width: 244px) 100vw, 244px\" \/><\/p>\n<p style=\"text-align: center\"><em>Patio de las Mu\u00f1ecas<\/em><\/p>\n<p>Adem\u00e1s del palacio y de todas las obras que hay en el interior, uno de los elementos fundamentales son los jardines. Se trata de siete hect\u00e1reas de jardines que han sido trasformados a partir del Renacimiento, y que se pueden dividir en dos partes, una occidental y otra oriental.<\/p>\n<p>La secci\u00f3n occidental se encuentra frente al edificio del Alc\u00e1zar y comprende los jardines renacentistas decorados con fuentes manieristas, y sin vinculaci\u00f3n entre ellos. Entre los m\u00e1s famosos destacan el Jard\u00edn de la Danza, el Jard\u00edn del Pr\u00edncipe, el estanque de Mercurio y el Jard\u00edn de Troya. El Jard\u00edn de la Danza debe su nombre a dos estatuas que en el siglo XVI estaban en las columnas a la entrada y que representaban un s\u00e1tiro y una ninfa bailando y que ahora se encuentran desaparecidas.<\/p>\n<p><img loading=\"lazy\" decoding=\"async\" class=\"alignnone size-medium wp-image-2184 aligncenter\" src=\"https:\/\/www.upo.es\/patio-colorado\/wp-content\/uploads\/2021\/04\/Jardin-de-la-Danza-1-baja-300x200.jpg\" alt=\"\" width=\"300\" height=\"200\" srcset=\"https:\/\/www.upo.es\/patio-colorado\/wp-content\/uploads\/2021\/04\/Jardin-de-la-Danza-1-baja-300x200.jpg 300w, https:\/\/www.upo.es\/patio-colorado\/wp-content\/uploads\/2021\/04\/Jardin-de-la-Danza-1-baja-1024x683.jpg 1024w, https:\/\/www.upo.es\/patio-colorado\/wp-content\/uploads\/2021\/04\/Jardin-de-la-Danza-1-baja-768x513.jpg 768w, https:\/\/www.upo.es\/patio-colorado\/wp-content\/uploads\/2021\/04\/Jardin-de-la-Danza-1-baja.jpg 1500w\" sizes=\"auto, (max-width: 300px) 100vw, 300px\" \/><\/p>\n<p style=\"text-align: center\"><em>Jard\u00edn de la Danza<\/em><\/p>\n<p>El Jard\u00edn del Pr\u00edncipe es uno de los mas antiguos y su nombre viene de que tiene el acceso en el cuarto del Pr\u00edncipe Juan, hijo de los Reyes Cat\u00f3licos.<\/p>\n<p>Por otro lado, el estanque de Mercurio se supone que fue realizado en el periodo \u00e1rabe para conservar y gestionar el agua de todo el palacio. En el centro hay una estatua de bronce del dios Mercurio.<\/p>\n<p><img loading=\"lazy\" decoding=\"async\" class=\"size-medium wp-image-2186 aligncenter\" src=\"https:\/\/www.upo.es\/patio-colorado\/wp-content\/uploads\/2021\/04\/estanque-de-mercurio-300x225.jpg\" alt=\"\" width=\"300\" height=\"225\" srcset=\"https:\/\/www.upo.es\/patio-colorado\/wp-content\/uploads\/2021\/04\/estanque-de-mercurio-300x225.jpg 300w, https:\/\/www.upo.es\/patio-colorado\/wp-content\/uploads\/2021\/04\/estanque-de-mercurio.jpg 768w\" sizes=\"auto, (max-width: 300px) 100vw, 300px\" \/><\/p>\n<p style=\"text-align: center\"><em>Estanque de Mercurio<\/em><\/p>\n<p>En cuanto a la parte oriental de los jardines, esta se encuentra separada de la parte occidental, por los restos de la muralla almohade. Un ejemplo de esta divisi\u00f3n es la Galer\u00eda de Grutescos, realizada al comienzo del siglo XVII, que se encuentra en un antiguo lienzo de muralla almohade y perfectamente en correspondencia con el estanque de Mercurio en el otro lado de la muralla.<\/p>\n<p>En esta parte de los jardines, destacan tambi\u00e9n el gran Jard\u00edn de las Damas con en el centro la fuente de Neptuno, obra de m\u00e1rmol con la escultura de bronce, y el Pabell\u00f3n de Carlos V, o sea, un edificio de planta semiesf\u00e9rica con todos sus muros cubiertos de azulejos del siglo XVI.<\/p>\n<p>Otra caracter\u00edstica fundamental de estos jardines son los naranjos que son usados para hacer la mermelada consumida por la Reina Isabel II de Inglaterra.<\/p>\n<p>&nbsp;<\/p>\n","protected":false},"excerpt":{"rendered":"<p>Si te encuentras en Sevilla no puedes olvidarte de visitar el maravilloso Real Alc\u00e1zar. Este conjunto monumental es uno de los destinos tur\u00edsticos m\u00e1s famosos de Sevilla y el principal edificio civil de la capital. Es tambi\u00e9n el palacio real en uso m\u00e1s antiguo de Europa, siendo la residencia oficial de la familia real espa\u00f1ola [&hellip;]<\/p>\n","protected":false},"author":55,"featured_media":2187,"comment_status":"open","ping_status":"open","sticky":false,"template":"","format":"standard","meta":{"_acf_changed":false,"_monsterinsights_skip_tracking":false,"_monsterinsights_sitenote_active":false,"_monsterinsights_sitenote_note":"","_monsterinsights_sitenote_category":0,"footnotes":""},"categories":[170,44],"tags":[],"class_list":["post-2181","post","type-post","status-publish","format-standard","has-post-thumbnail","hentry","category-monumentos-y-turismo","category-patrimonio"],"blocksy_meta":[],"acf":[],"jetpack_featured_media_url":"https:\/\/www.upo.es\/patio-colorado\/wp-content\/uploads\/2021\/04\/siviglia-real-alcazar-giardini.jpg","_links":{"self":[{"href":"https:\/\/www.upo.es\/patio-colorado\/wp-json\/wp\/v2\/posts\/2181","targetHints":{"allow":["GET"]}}],"collection":[{"href":"https:\/\/www.upo.es\/patio-colorado\/wp-json\/wp\/v2\/posts"}],"about":[{"href":"https:\/\/www.upo.es\/patio-colorado\/wp-json\/wp\/v2\/types\/post"}],"author":[{"embeddable":true,"href":"https:\/\/www.upo.es\/patio-colorado\/wp-json\/wp\/v2\/users\/55"}],"replies":[{"embeddable":true,"href":"https:\/\/www.upo.es\/patio-colorado\/wp-json\/wp\/v2\/comments?post=2181"}],"version-history":[{"count":1,"href":"https:\/\/www.upo.es\/patio-colorado\/wp-json\/wp\/v2\/posts\/2181\/revisions"}],"predecessor-version":[{"id":2188,"href":"https:\/\/www.upo.es\/patio-colorado\/wp-json\/wp\/v2\/posts\/2181\/revisions\/2188"}],"wp:featuredmedia":[{"embeddable":true,"href":"https:\/\/www.upo.es\/patio-colorado\/wp-json\/wp\/v2\/media\/2187"}],"wp:attachment":[{"href":"https:\/\/www.upo.es\/patio-colorado\/wp-json\/wp\/v2\/media?parent=2181"}],"wp:term":[{"taxonomy":"category","embeddable":true,"href":"https:\/\/www.upo.es\/patio-colorado\/wp-json\/wp\/v2\/categories?post=2181"},{"taxonomy":"post_tag","embeddable":true,"href":"https:\/\/www.upo.es\/patio-colorado\/wp-json\/wp\/v2\/tags?post=2181"}],"curies":[{"name":"wp","href":"https:\/\/api.w.org\/{rel}","templated":true}]}}