{"id":2190,"date":"2021-04-07T12:10:06","date_gmt":"2021-04-07T12:10:06","guid":{"rendered":"https:\/\/www.upo.es\/patio-colorado\/?p=2190"},"modified":"2021-04-07T12:46:34","modified_gmt":"2021-04-07T12:46:34","slug":"memes-made-in-andalucia","status":"publish","type":"post","link":"https:\/\/www.upo.es\/patio-colorado\/2021\/04\/07\/memes-made-in-andalucia\/","title":{"rendered":"Memes \u00abmade in Andaluc\u00eda\u00bb"},"content":{"rendered":"<p>Cuando pensamos en el arte y en la cultura de nuestra comunidad, se nos vienen a la cabeza multitud de ejemplos de festividades, monumentos, obras art\u00edsticas y otros muchos factores que hacen que nuestra tierra destaque frente a las dem\u00e1s. Pero dentro de este grupo solemos obviar un elemento de suma importancia y que es la clave para lograr una buena calidad de vida: el humor. Tenemos la suerte de residir en un lugar lleno de risas, de diversi\u00f3n y de buenas vibras en general, que hacen que nos sea inevitable esbozar una sonrisa incluso en los d\u00edas que vemos m\u00e1s negros. La comedia andaluza llega a tal punto de reconocimiento que es m\u00e1s que frecuente que se viralicen v\u00eddeos en las redes sociales protagonizados por compatriotas que contribuyen a la difusi\u00f3n de la imagen de Andaluc\u00eda como tierra del <em>buenrollismo<\/em>, como verdaderamente\u00a0 es.<\/p>\n<p>\u00a1Vamos a echarnos unas risas con este listado de momentazos protagonizados por estos tan carism\u00e1ticos personajes de nuestra tierra!<\/p>\n<p><strong>Un resplandor y hace \u00a1POM!<\/strong><\/p>\n<p>Tras una noche tormentosa (en los dos sentidos de la palabra), los vecinos del pueblo de Beg\u00edjar (Ja\u00e9n) cuentan sus experiencias a Canal Sur, y entre ellas se encuentra el peculiar testimonio de una se\u00f1ora que casi confunde el temporal con un enfrentamiento b\u00e9lico.<\/p>\n<p><iframe loading=\"lazy\" title=\"UN RESPLANDOR Y HACE \u00a1PUM! --- NOTICIA COMPLETA\" width=\"1600\" height=\"900\" src=\"https:\/\/www.youtube.com\/embed\/AX6POl1IWro?feature=oembed\" frameborder=\"0\" allow=\"accelerometer; autoplay; clipboard-write; encrypted-media; gyroscope; picture-in-picture; web-share\" referrerpolicy=\"strict-origin-when-cross-origin\" allowfullscreen><\/iframe><\/p>\n<p><strong>Una noche de <em>rep\u00e1lagos<\/em><\/strong><\/p>\n<p>Volvemos a los\u00a0<em>memes<\/em> inspirados por la combinaci\u00f3n entre la metereolog\u00eda y el carisma de las se\u00f1oras mayores, ahora con una invitada del programa <em>La tarde con Mar\u00eda<\/em> (Canal Sur) que posee una pronunciaci\u00f3n bastante particular de uno de estos t\u00e9rminos climatol\u00f3gicos.<\/p>\n<p><iframe loading=\"lazy\" title=\"Noche de repalagos! Jaja\" width=\"1333\" height=\"1000\" src=\"https:\/\/www.youtube.com\/embed\/IMD-83NwHjs?feature=oembed\" frameborder=\"0\" allow=\"accelerometer; autoplay; clipboard-write; encrypted-media; gyroscope; picture-in-picture; web-share\" referrerpolicy=\"strict-origin-when-cross-origin\" allowfullscreen><\/iframe><\/p>\n<p><strong>\u00bfPor qu\u00e9, <em>ze\u00f1\u00f3<\/em>, por qu\u00e9?<\/strong><\/p>\n<p>Venimos de una Semana Santa marcada por la ausencia de procesiones, lo que nos hace acordarnos de los tiempos en los que el \u00faltimo motivo para la cancelaci\u00f3n de las mismas eran las precipitaciones.\u00a0 Un Martes Santo lluvioso en Jerez de la Frontera, una triste vecina dedica unas palabras a su querido Cristo de la Clemencia, a modo de reproche por dejar que caigan dichas lluvias ese d\u00eda tan se\u00f1alado, y provocar, de esta manera, que la imagen no pueda salir de su casa.<\/p>\n<p><iframe loading=\"lazy\" title=\"Por qu\u00e9 Ze\u00f1\u00f3, por qu\u00e9eee??\" width=\"1600\" height=\"900\" src=\"https:\/\/www.youtube.com\/embed\/fdUme8XKoWA?feature=oembed\" frameborder=\"0\" allow=\"accelerometer; autoplay; clipboard-write; encrypted-media; gyroscope; picture-in-picture; web-share\" referrerpolicy=\"strict-origin-when-cross-origin\" allowfullscreen><\/iframe><\/p>\n<p><strong>La Reina del Martes Santo<\/strong><\/p>\n<p>La Semana Santa vuelve a darnos momentos inolvidables protagonizados por el fervoroso p\u00fablico que asiste a las procesiones, en este caso un grupo de j\u00f3venes que muestran su profundo amor hacia la Virgen de los Dolores de la Hermandad del Cerro (Sevilla) de una manera muy <em>sent\u00eda<\/em>.<\/p>\n<p><iframe loading=\"lazy\" title=\"Dolores, guapa. La reina del Martes Santo.\" width=\"1600\" height=\"900\" src=\"https:\/\/www.youtube.com\/embed\/iOE91sYIdG0?feature=oembed\" frameborder=\"0\" allow=\"accelerometer; autoplay; clipboard-write; encrypted-media; gyroscope; picture-in-picture; web-share\" referrerpolicy=\"strict-origin-when-cross-origin\" allowfullscreen><\/iframe><\/p>\n<p><strong>\u00bfA qui\u00e9n no le va a gustar un imperio romano del siglo I?<\/strong><\/p>\n<p>Unas ocurrentes y emocionadas hermanas de Las Gabias (Granada) muestran a las c\u00e1maras de la cadena nacional Cuatro el baptisterio romano paleocristiano del siglo I que descubri\u00f3 su abuelo hace muchos a\u00f1os y que supone el orgullo de la familia, como as\u00ed se puede comprobar en la ilusi\u00f3n que refleja la expresi\u00f3n facial de la narradora principal.<\/p>\n<p><iframe loading=\"lazy\" title=\"Las hermanas del Baptisterio 1\" width=\"1333\" height=\"1000\" src=\"https:\/\/www.youtube.com\/embed\/asRSR838W5c?feature=oembed\" frameborder=\"0\" allow=\"accelerometer; autoplay; clipboard-write; encrypted-media; gyroscope; picture-in-picture; web-share\" referrerpolicy=\"strict-origin-when-cross-origin\" allowfullscreen><\/iframe><\/p>\n<p><strong>Torremolinos, Benalm\u00e1dena, Torremolinos<\/strong><\/p>\n<p>Esta divertida se\u00f1ora inventa un curioso m\u00e9todo de teletransporte playero y lo comparte con el resto de andaluces, quienes adem\u00e1s pueden ser testigos de la posesi\u00f3n de su cuerpo por parte de una criatura mitol\u00f3gica marina.<\/p>\n<p><iframe loading=\"lazy\" title=\"La sirenita de M\u00e1laga\" width=\"1333\" height=\"1000\" src=\"https:\/\/www.youtube.com\/embed\/9RMXTfCfouM?feature=oembed\" frameborder=\"0\" allow=\"accelerometer; autoplay; clipboard-write; encrypted-media; gyroscope; picture-in-picture; web-share\" referrerpolicy=\"strict-origin-when-cross-origin\" allowfullscreen><\/iframe><\/p>\n<p><strong><em>Andalusaia<\/em><\/strong><\/p>\n<p>En este caso, una joven\u00a0<em>tiktoker<\/em> saca a la\u00a0<em>guiri<\/em> que lleva dentro y muestra las distintas provincias de nuestra comunidad y sus elementos m\u00e1s destacados desde un modo de ver (y, sobre todo, de hablar) bastante llamativo, con un homenaje a la sirenita malague\u00f1a del v\u00eddeo anterior.<\/p>\n<div style=\"width: 1280px;\" class=\"wp-video\"><video class=\"wp-video-shortcode\" id=\"video-2190-1\" width=\"1280\" height=\"720\" preload=\"metadata\" controls=\"controls\"><source type=\"video\/mp4\" src=\"https:\/\/www.upo.es\/patio-colorado\/wp-content\/uploads\/2021\/04\/Andalusaia.mp4?_=1\" \/><a href=\"https:\/\/www.upo.es\/patio-colorado\/wp-content\/uploads\/2021\/04\/Andalusaia.mp4\">https:\/\/www.upo.es\/patio-colorado\/wp-content\/uploads\/2021\/04\/Andalusaia.mp4<\/a><\/video><\/div>\n<p>&nbsp;<\/p>\n<p><strong>La bella durmiente de <em>La tarde, aqu\u00ed y ahora<\/em> y la broma de Juan y Medio<\/strong><\/p>\n<p>Parece ser que el hecho de que este programa se emita a la hora de la siesta no le sent\u00f3 muy bien a esta mujer que protagoniz\u00f3 uno de los momentos m\u00e1s ic\u00f3nicos de este programa, en el que el mencionado presentador aprovech\u00f3 para llenar la situaci\u00f3n de a\u00fan m\u00e1s diversi\u00f3n con sus ocurrencias.<\/p>\n<p><iframe loading=\"lazy\" title=\"Se\u00f1ora dormida en directo y broma de Juan y Medio | &quot;La Tarde, aqu\u00ed y ahora&quot;\" width=\"1600\" height=\"900\" src=\"https:\/\/www.youtube.com\/embed\/HTy2ZJ9x7A8?feature=oembed\" frameborder=\"0\" allow=\"accelerometer; autoplay; clipboard-write; encrypted-media; gyroscope; picture-in-picture; web-share\" referrerpolicy=\"strict-origin-when-cross-origin\" allowfullscreen><\/iframe><\/p>\n<p><strong>Historias de la playa<\/strong><\/p>\n<p>De nuevo en Canal Sur, una mujer cuenta su curiosa experiencia de \u00abtierra tr\u00e1game\u00bb en la playa, de la que supo salir de manera muy airosa.<\/p>\n<p><iframe loading=\"lazy\" title=\"Historia divertida de una se\u00f1ora en la playa en &quot;De tarde en tarde&quot; | Luci Vera 25 a\u00f1os de Canal Sur\" width=\"1600\" height=\"900\" src=\"https:\/\/www.youtube.com\/embed\/JSe6cTf2nPg?feature=oembed\" frameborder=\"0\" allow=\"accelerometer; autoplay; clipboard-write; encrypted-media; gyroscope; picture-in-picture; web-share\" referrerpolicy=\"strict-origin-when-cross-origin\" allowfullscreen><\/iframe><\/p>\n<p><strong>\u00a1Nocilla, qu\u00e9 merendilla!<\/strong><\/p>\n<p>Esta se\u00f1ora andaluza tambi\u00e9n amante de la playa se convierte, en un mismo v\u00eddeo,\u00a0 en la nueva imagen promocional de una marca de alimentaci\u00f3n y de otra de tecnolog\u00eda m\u00f3vil, siempre con un \u00absalero\u00bb espectacular.<\/p>\n<p><iframe loading=\"lazy\" title=\"La Pepi y la maldici\u00f3n de la Nocilla\" width=\"1600\" height=\"900\" src=\"https:\/\/www.youtube.com\/embed\/AttSqFIeE0Y?feature=oembed\" frameborder=\"0\" allow=\"accelerometer; autoplay; clipboard-write; encrypted-media; gyroscope; picture-in-picture; web-share\" referrerpolicy=\"strict-origin-when-cross-origin\" allowfullscreen><\/iframe><\/p>\n<p><strong>La ni\u00f1a fascista<\/strong><\/p>\n<p>Una mujer se equivoca al hablar y confunde a un horripilante personaje clave del mundo del cine de terror, como es la ni\u00f1a de <em>El exorcista<\/em>, con otro distinto, aunque tambi\u00e9n ligado al mundo del horror.<\/p>\n<p><iframe loading=\"lazy\" title=\"APM? La Ni\u00f1a Fascista\/Zarcista\" width=\"1600\" height=\"900\" src=\"https:\/\/www.youtube.com\/embed\/qGHaK98K-vs?feature=oembed\" frameborder=\"0\" allow=\"accelerometer; autoplay; clipboard-write; encrypted-media; gyroscope; picture-in-picture; web-share\" referrerpolicy=\"strict-origin-when-cross-origin\" allowfullscreen><\/iframe><\/p>\n<p><strong>El ni\u00f1o corneta<\/strong><\/p>\n<p>Hablando de ni\u00f1os, \u00bfpara qu\u00e9 contratar a una banda de cornetas y tambores cuando tienes a un ni\u00f1o que no necesita ni instrumento para reproducir el mismo sonido?<\/p>\n<p><iframe loading=\"lazy\" title=\"Ni\u00f1o Corneta\" width=\"1333\" height=\"1000\" src=\"https:\/\/www.youtube.com\/embed\/zTKdOtoXdYs?feature=oembed\" frameborder=\"0\" allow=\"accelerometer; autoplay; clipboard-write; encrypted-media; gyroscope; picture-in-picture; web-share\" referrerpolicy=\"strict-origin-when-cross-origin\" allowfullscreen><\/iframe><\/p>\n<p>\u00bfCu\u00e1l de estos <em>memes<\/em> es tu favorito? \u00bfConoces alg\u00fan otro que te haga re\u00edrte a carcajadas? \u00a1Cu\u00e9ntanoslo en los comentarios!<\/p>\n<p>&nbsp;<\/p>\n<p>Imagen de portada extra\u00edda de YouTube<\/p>\n","protected":false},"excerpt":{"rendered":"<p>Cuando pensamos en el arte y en la cultura de nuestra comunidad, se nos vienen a la cabeza multitud de ejemplos de festividades, monumentos, obras art\u00edsticas y otros muchos factores que hacen que nuestra tierra destaque frente a las dem\u00e1s. Pero dentro de este grupo solemos obviar un elemento de suma importancia y que es [&hellip;]<\/p>\n","protected":false},"author":50,"featured_media":2191,"comment_status":"open","ping_status":"open","sticky":false,"template":"","format":"standard","meta":{"_acf_changed":false,"_monsterinsights_skip_tracking":false,"_monsterinsights_sitenote_active":false,"_monsterinsights_sitenote_note":"","_monsterinsights_sitenote_category":0,"footnotes":""},"categories":[169,168,23],"tags":[55,338,99,337,28],"class_list":["post-2190","post","type-post","status-publish","format-standard","has-post-thumbnail","hentry","category-cine-artes-audiovisuales","category-miscelanea","category-patrimonio-vivo","tag-andalucia","tag-canalsur","tag-cultura","tag-humor","tag-arte"],"blocksy_meta":[],"acf":[],"jetpack_featured_media_url":"https:\/\/www.upo.es\/patio-colorado\/wp-content\/uploads\/2021\/04\/maxresdefault-1.jpg","_links":{"self":[{"href":"https:\/\/www.upo.es\/patio-colorado\/wp-json\/wp\/v2\/posts\/2190","targetHints":{"allow":["GET"]}}],"collection":[{"href":"https:\/\/www.upo.es\/patio-colorado\/wp-json\/wp\/v2\/posts"}],"about":[{"href":"https:\/\/www.upo.es\/patio-colorado\/wp-json\/wp\/v2\/types\/post"}],"author":[{"embeddable":true,"href":"https:\/\/www.upo.es\/patio-colorado\/wp-json\/wp\/v2\/users\/50"}],"replies":[{"embeddable":true,"href":"https:\/\/www.upo.es\/patio-colorado\/wp-json\/wp\/v2\/comments?post=2190"}],"version-history":[{"count":12,"href":"https:\/\/www.upo.es\/patio-colorado\/wp-json\/wp\/v2\/posts\/2190\/revisions"}],"predecessor-version":[{"id":2244,"href":"https:\/\/www.upo.es\/patio-colorado\/wp-json\/wp\/v2\/posts\/2190\/revisions\/2244"}],"wp:featuredmedia":[{"embeddable":true,"href":"https:\/\/www.upo.es\/patio-colorado\/wp-json\/wp\/v2\/media\/2191"}],"wp:attachment":[{"href":"https:\/\/www.upo.es\/patio-colorado\/wp-json\/wp\/v2\/media?parent=2190"}],"wp:term":[{"taxonomy":"category","embeddable":true,"href":"https:\/\/www.upo.es\/patio-colorado\/wp-json\/wp\/v2\/categories?post=2190"},{"taxonomy":"post_tag","embeddable":true,"href":"https:\/\/www.upo.es\/patio-colorado\/wp-json\/wp\/v2\/tags?post=2190"}],"curies":[{"name":"wp","href":"https:\/\/api.w.org\/{rel}","templated":true}]}}