{"id":2206,"date":"2021-04-07T08:06:52","date_gmt":"2021-04-07T08:06:52","guid":{"rendered":"https:\/\/www.upo.es\/patio-colorado\/?p=2206"},"modified":"2021-04-07T08:10:41","modified_gmt":"2021-04-07T08:10:41","slug":"dos-pueblos-un-mismo-destino-cascamorras-de-baza-y-guadix-granada","status":"publish","type":"post","link":"https:\/\/www.upo.es\/patio-colorado\/2021\/04\/07\/dos-pueblos-un-mismo-destino-cascamorras-de-baza-y-guadix-granada\/","title":{"rendered":"Dos pueblos, un mismo destino: Cascamorras de Baza y Guadix (Granada)"},"content":{"rendered":"<p><span style=\"font-weight: 400\">Siglo XIX. Vamos corriendo cuesta abajo de una loma del monte, embadurnados con aceite quemado hasta las cejas, en busca de un hombre que viene desde otro pueblo, tranquilo y asustado a partes iguales. \u00bfSuena alocado, verdad? \u00a1Pero ese hombre viene a llevarse a la Virgen de la Piedad, nuestra Patrona!<\/span><\/p>\n<p>&nbsp;<\/p>\n<p><img loading=\"lazy\" decoding=\"async\" class=\"size-medium wp-image-2207 aligncenter\" src=\"https:\/\/www.upo.es\/patio-colorado\/wp-content\/uploads\/2021\/04\/Virgen-de-la-Piedad-Baza.-Diocesis-de-Guadix-225x300.jpg\" alt=\"\" width=\"225\" height=\"300\" srcset=\"https:\/\/www.upo.es\/patio-colorado\/wp-content\/uploads\/2021\/04\/Virgen-de-la-Piedad-Baza.-Diocesis-de-Guadix-225x300.jpg 225w, https:\/\/www.upo.es\/patio-colorado\/wp-content\/uploads\/2021\/04\/Virgen-de-la-Piedad-Baza.-Diocesis-de-Guadix-768x1024.jpg 768w, https:\/\/www.upo.es\/patio-colorado\/wp-content\/uploads\/2021\/04\/Virgen-de-la-Piedad-Baza.-Diocesis-de-Guadix.jpg 900w\" sizes=\"auto, (max-width: 225px) 100vw, 225px\" \/><\/p>\n<p style=\"text-align: center\"><span style=\"font-weight: 400\">Virgen de la Piedad. <\/span><span style=\"font-weight: 400\">Fuente: Di\u00f3cesis de Guadix<\/span><\/p>\n<p>&nbsp;<\/p>\n<p><span style=\"font-weight: 400\">Es lo que ocurre en el pueblo de Baza cada 6 de septiembre desde hace dos siglos. Juan Pedernal, que ser\u00eda el primer cascamorras, encontr\u00f3 en torno a finales del siglo XV y principios del XVI, en las tierras del arrabal denominado de la \u00abChurra\u00bb en dicha localidad la imagen de la Virgen, a la que m\u00e1s tarde se le dar\u00eda la advocaci\u00f3n de Piedad, lo que hizo que comenzara un litigio sobre a qu\u00e9 pueblo deb\u00eda pertenecer la imagen pues Pedernal era vecino de Guadix. Este conflicto se resolvi\u00f3 mediante la Justicia que determin\u00f3 que la Virgen pod\u00eda estar un d\u00eda en Guadix para llevar a cabo los cultos religiosos que se determinaran.<\/span><\/p>\n<p><span style=\"font-weight: 400\">La disputa, que se recuper\u00f3 a finales del siglo XIX de manera simp\u00e1tica gracias a la Hermandad de la Virgen de la Piedad y la Pe\u00f1a del Cascamorras, se ha convertido en toda una contienda entre ambos pueblos, siendo declarada Fiesta de Inter\u00e9s Tur\u00edstico Andaluz, de Inter\u00e9s Tur\u00edstico Nacional en Junio de 2006, y de Inter\u00e9s Tur\u00edstico Internacional en 2013, recibiendo cada a\u00f1o miles de adeptos. <\/span><\/p>\n<p>&nbsp;<\/p>\n<p><img loading=\"lazy\" decoding=\"async\" class=\"size-medium wp-image-2208 aligncenter\" src=\"https:\/\/www.upo.es\/patio-colorado\/wp-content\/uploads\/2021\/04\/cascamorras-imagen-destacada.-Tradiciones-Fiestas-300x200.jpg\" alt=\"\" width=\"300\" height=\"200\" srcset=\"https:\/\/www.upo.es\/patio-colorado\/wp-content\/uploads\/2021\/04\/cascamorras-imagen-destacada.-Tradiciones-Fiestas-300x200.jpg 300w, https:\/\/www.upo.es\/patio-colorado\/wp-content\/uploads\/2021\/04\/cascamorras-imagen-destacada.-Tradiciones-Fiestas-1024x683.jpg 1024w, https:\/\/www.upo.es\/patio-colorado\/wp-content\/uploads\/2021\/04\/cascamorras-imagen-destacada.-Tradiciones-Fiestas-768x512.jpg 768w, https:\/\/www.upo.es\/patio-colorado\/wp-content\/uploads\/2021\/04\/cascamorras-imagen-destacada.-Tradiciones-Fiestas.jpg 1450w\" sizes=\"auto, (max-width: 300px) 100vw, 300px\" \/><\/p>\n<p style=\"text-align: center\"><span style=\"font-weight: 400\">Participantes de la fiesta. <\/span><span style=\"font-weight: 400\">Fuente: Tradiciones &amp; Fiestas<\/span><\/p>\n<p>&nbsp;<\/p>\n<p><span style=\"font-weight: 400\">La tradici\u00f3n marca que si el Cascamorras, de cuyo traje podemos ver algunos detalles en la foto de portada, se libra de las pintadas de sus contrincantes y consigue as\u00ed llevar a la Virgen desde el Templo de la Merced, situado en la localidad bastetana, hasta Guadix, la talla puede volver a permanecer en esta localidad, lo cual resulta imposible debido, adem\u00e1s de a toda la gente que resulta opuesta al protagonista de la fiesta, a que \u00e9l mismo anuncia su llegada con un tamborilero. Esta festividad tiene lugar tres d\u00edas despu\u00e9s en la localidad accitana.\u00a0<\/span><\/p>\n<p><span style=\"font-weight: 400\">Esta fiesta es tan importante que en la p\u00e1gina web de turismo de la localidad de Baza encontramos incluso un cron\u00f3metro que marca la cuenta atr\u00e1s para la pr\u00f3xima ocasi\u00f3n, e incluso desde el d\u00eda 15 de agosto ya se celebran los primeros actos l\u00fadicos entre los que destacan los juegos para los m\u00e1s peque\u00f1os a cargo de un hombre llamado tambi\u00e9n Cascamorras que ondea banderas en diversos puntos del pueblo para la diversi\u00f3n de estos. No obstante, lo m\u00e1s destacable es el recorrido de la Ruta de Cascamorras a modo de gymkana, que comienza en la loma del monte, justo en el punto con su mismo nombre.<\/span><\/p>\n<p>&nbsp;<\/p>\n<p><img loading=\"lazy\" decoding=\"async\" class=\"size-medium wp-image-2210 aligncenter\" src=\"https:\/\/www.upo.es\/patio-colorado\/wp-content\/uploads\/2021\/04\/Ruta-de-Cascamorras-Baza.-Fuente-Turismo-de-Baza-1-300x174.png\" alt=\"\" width=\"300\" height=\"174\" srcset=\"https:\/\/www.upo.es\/patio-colorado\/wp-content\/uploads\/2021\/04\/Ruta-de-Cascamorras-Baza.-Fuente-Turismo-de-Baza-1-300x174.png 300w, https:\/\/www.upo.es\/patio-colorado\/wp-content\/uploads\/2021\/04\/Ruta-de-Cascamorras-Baza.-Fuente-Turismo-de-Baza-1.png 586w\" sizes=\"auto, (max-width: 300px) 100vw, 300px\" \/><\/p>\n<p><img loading=\"lazy\" decoding=\"async\" class=\"size-medium wp-image-2211 aligncenter\" src=\"https:\/\/www.upo.es\/patio-colorado\/wp-content\/uploads\/2021\/04\/Ruta-Cascamorras-2-300x117.png\" alt=\"\" width=\"300\" height=\"117\" srcset=\"https:\/\/www.upo.es\/patio-colorado\/wp-content\/uploads\/2021\/04\/Ruta-Cascamorras-2-300x117.png 300w, https:\/\/www.upo.es\/patio-colorado\/wp-content\/uploads\/2021\/04\/Ruta-Cascamorras-2-1024x401.png 1024w, https:\/\/www.upo.es\/patio-colorado\/wp-content\/uploads\/2021\/04\/Ruta-Cascamorras-2-768x301.png 768w, https:\/\/www.upo.es\/patio-colorado\/wp-content\/uploads\/2021\/04\/Ruta-Cascamorras-2.png 1106w\" sizes=\"auto, (max-width: 300px) 100vw, 300px\" \/><\/p>\n<p style=\"text-align: center\"><span style=\"font-weight: 400\">Ruta de Cascamorras (Baza). <\/span><span style=\"font-weight: 400\">Fuente: Turismo de Baza<\/span><\/p>\n<p>&nbsp;<\/p>\n<p>&nbsp;<\/p>\n<p>&nbsp;<\/p>\n<p><span style=\"font-weight: 400\">Fuentes:<\/span><\/p>\n<p><span style=\"font-weight: 400\">\u201cCascamorras &#8211; Fuerza y Tradici\u00f3n\u201d. Turismo de Baza. Ayuntamiento de Baza. Recuperado de <\/span><a href=\"https:\/\/www.bazaturismo.com\/fiestas-y-tradiciones\/cascamorras\/\"><span style=\"font-weight: 400\">https:\/\/www.bazaturismo.com\/fiestas-y-tradiciones\/cascamorras\/<\/span><\/a><span style=\"font-weight: 400\">\u00a0<\/span><\/p>\n<p><span style=\"font-weight: 400\">\u201cEl Cascamorras\u201d. Tradiciones, Costumbres, Ritos, Folclore. Tradiciones y Fiestas. Reyno de Navarra. Tierra de Diversidad. Recuperado de <\/span><a href=\"https:\/\/www.tradicionesyfiestas.com\/fiesta\/el-cascamorras\/\"><span style=\"font-weight: 400\">https:\/\/www.tradicionesyfiestas.com\/fiesta\/el-cascamorras\/<\/span><\/a><\/p>\n<p><span style=\"font-weight: 400\">\u201cFiesta del Cascamorras, en Baza y Guadix\u201d. Agenda Cultural de Andaluc\u00eda. Junta de Andaluc\u00eda. Recuperado de\u00a0 <\/span><a href=\"https:\/\/www.juntadeandalucia.es\/cultura\/agendaculturaldeandalucia\/evento\/fiesta-del-cascamorras-en-baza-y-guadix\"><span style=\"font-weight: 400\">https:\/\/www.juntadeandalucia.es\/cultura\/agendaculturaldeandalucia\/evento\/fiesta-del-cascamorras-en-baza-y-guadix<\/span><\/a><\/p>\n","protected":false},"excerpt":{"rendered":"<p>Siglo XIX. Vamos corriendo cuesta abajo de una loma del monte, embadurnados con aceite quemado hasta las cejas, en busca de un hombre que viene desde otro pueblo, tranquilo y asustado a partes iguales. \u00bfSuena alocado, verdad? \u00a1Pero ese hombre viene a llevarse a la Virgen de la Piedad, nuestra Patrona! &nbsp; Virgen de la [&hellip;]<\/p>\n","protected":false},"author":49,"featured_media":2213,"comment_status":"open","ping_status":"open","sticky":false,"template":"","format":"standard","meta":{"_acf_changed":false,"_monsterinsights_skip_tracking":false,"_monsterinsights_sitenote_active":false,"_monsterinsights_sitenote_note":"","_monsterinsights_sitenote_category":0,"footnotes":""},"categories":[35,305],"tags":[],"class_list":["post-2206","post","type-post","status-publish","format-standard","has-post-thumbnail","hentry","category-fiestas-tradiciones","category-granada"],"blocksy_meta":[],"acf":[],"jetpack_featured_media_url":"https:\/\/www.upo.es\/patio-colorado\/wp-content\/uploads\/2021\/04\/Traje-Cascamorras.-Fuente-Cadena-SER.jpg","_links":{"self":[{"href":"https:\/\/www.upo.es\/patio-colorado\/wp-json\/wp\/v2\/posts\/2206","targetHints":{"allow":["GET"]}}],"collection":[{"href":"https:\/\/www.upo.es\/patio-colorado\/wp-json\/wp\/v2\/posts"}],"about":[{"href":"https:\/\/www.upo.es\/patio-colorado\/wp-json\/wp\/v2\/types\/post"}],"author":[{"embeddable":true,"href":"https:\/\/www.upo.es\/patio-colorado\/wp-json\/wp\/v2\/users\/49"}],"replies":[{"embeddable":true,"href":"https:\/\/www.upo.es\/patio-colorado\/wp-json\/wp\/v2\/comments?post=2206"}],"version-history":[{"count":2,"href":"https:\/\/www.upo.es\/patio-colorado\/wp-json\/wp\/v2\/posts\/2206\/revisions"}],"predecessor-version":[{"id":2214,"href":"https:\/\/www.upo.es\/patio-colorado\/wp-json\/wp\/v2\/posts\/2206\/revisions\/2214"}],"wp:featuredmedia":[{"embeddable":true,"href":"https:\/\/www.upo.es\/patio-colorado\/wp-json\/wp\/v2\/media\/2213"}],"wp:attachment":[{"href":"https:\/\/www.upo.es\/patio-colorado\/wp-json\/wp\/v2\/media?parent=2206"}],"wp:term":[{"taxonomy":"category","embeddable":true,"href":"https:\/\/www.upo.es\/patio-colorado\/wp-json\/wp\/v2\/categories?post=2206"},{"taxonomy":"post_tag","embeddable":true,"href":"https:\/\/www.upo.es\/patio-colorado\/wp-json\/wp\/v2\/tags?post=2206"}],"curies":[{"name":"wp","href":"https:\/\/api.w.org\/{rel}","templated":true}]}}