{"id":2246,"date":"2021-04-08T13:39:05","date_gmt":"2021-04-08T13:39:05","guid":{"rendered":"https:\/\/www.upo.es\/patio-colorado\/?p=2246"},"modified":"2021-04-08T13:46:03","modified_gmt":"2021-04-08T13:46:03","slug":"lo-mas-estetico-de-la-pandemia-esta-aqui","status":"publish","type":"post","link":"https:\/\/www.upo.es\/patio-colorado\/2021\/04\/08\/lo-mas-estetico-de-la-pandemia-esta-aqui\/","title":{"rendered":"Lo m\u00e1s est\u00e9tico de la pandemia est\u00e1 aqu\u00ed"},"content":{"rendered":"<p>\u00bfExiste el arte que nazca enteramente de la enfermedad y todo lo que esta conlleva? Durante toda la historia, los objetos en los que se inspira el arte han sido (casi) los mismos:\u00a0 el amor, lo bello, la muerte, la luna. La primavera llega,\u00a0 hay flores, hay miradas.\u00a0 Sabemos que cuadros, poemas y canciones beben a menudo de la juventud, del desamor o de la pureza de la naturaleza.<\/p>\n<p>Sin embargo, en la actualidad estamos inmersos en una situaci\u00f3n ins\u00f3lita: el miedo, frustraci\u00f3n o aburrimiento son m\u00e1s frecuentes que otros sentimientos e incluso vemos coartada una parcela de nuestra libertad por el bien com\u00fan. Entonces, \u00bfc\u00f3mo son las obras que se inspiran directamente en nuestro ahora? Esto es lo que nos muestra el museo online, Covid Art Museum, que se presenta a s\u00ed mismo como e<em>l primer museo de arte que nace en la crisis de la COVID-19<\/em>.<\/p>\n<p>El Covid Art Museum es un museo abierto que desea exponer todas las artes visuales surgidas de las largas horas de cuarentena o cuyo tema se basa en nuestra realidad desde marzo del pasado a\u00f1o. Cualquiera puede participar enviando su cuadro, dise\u00f1o gr\u00e1fico, fotograf\u00eda o v\u00eddeo y explicar de qu\u00e9 forma conciben ellos el arte en pandemia.<\/p>\n<p>Como es frecuente en el arte contempor\u00e1neo se desea desestigmatizar objetos y sensaciones. Nunca asociar\u00edamos la\u00a0 mascarilla, el gel o las mismas vacunas con un fin est\u00e9tico, pero esto no significa que no puedan tenerlo. A continuaci\u00f3n, os presentamos algunas de las obras del Covid Art Museum.<\/p>\n<p><img loading=\"lazy\" decoding=\"async\" class=\"alignnone wp-image-2263\" src=\"https:\/\/www.upo.es\/patio-colorado\/wp-content\/uploads\/2021\/04\/131909873_3450034935113228_3415390151465552755_n-300x300.jpg\" alt=\"\" width=\"321\" height=\"321\" srcset=\"https:\/\/www.upo.es\/patio-colorado\/wp-content\/uploads\/2021\/04\/131909873_3450034935113228_3415390151465552755_n-300x300.jpg 300w, https:\/\/www.upo.es\/patio-colorado\/wp-content\/uploads\/2021\/04\/131909873_3450034935113228_3415390151465552755_n-150x150.jpg 150w, https:\/\/www.upo.es\/patio-colorado\/wp-content\/uploads\/2021\/04\/131909873_3450034935113228_3415390151465552755_n.jpg 640w\" sizes=\"auto, (max-width: 321px) 100vw, 321px\" \/> \u00a0\u00a0\u00a0 Fotograf\u00eda de<span class=\"\"> <a class=\"notranslate\" href=\"https:\/\/www.instagram.com\/josetoro.0\/\">@josetoro.0<\/a> en Sevilla<\/span><\/p>\n<p>&nbsp;<\/p>\n<p><img loading=\"lazy\" decoding=\"async\" class=\"wp-image-2249 alignleft\" src=\"https:\/\/www.upo.es\/patio-colorado\/wp-content\/uploads\/2021\/04\/149526220_2776575045991719_7628934072495113437_n_003-240x300.jpg\" alt=\"\" width=\"307\" height=\"384\" \/><\/p>\n<p>&nbsp;<\/p>\n<p>&nbsp;<\/p>\n<p>&nbsp;<\/p>\n<p>&nbsp;<\/p>\n<p>&nbsp;<\/p>\n<p>&nbsp;<\/p>\n<p>Obra de<span class=\"\">\u00a0<a class=\"notranslate\" href=\"https:\/\/www.instagram.com\/nataliekarpushenko\/\">@nataliekarpushenko <\/a>. <\/span><em>Los amantes<\/em> de Magritte, en los tiempos que corren<\/p>\n<p>&nbsp;<\/p>\n<p>&nbsp;<\/p>\n<p>&nbsp;<\/p>\n<p><img loading=\"lazy\" decoding=\"async\" class=\"wp-image-2250 alignleft\" src=\"https:\/\/www.upo.es\/patio-colorado\/wp-content\/uploads\/2021\/04\/126504370_446558076735862_2837314072170004825_n-243x300.jpg\" alt=\"\" width=\"310\" height=\"383\" srcset=\"https:\/\/www.upo.es\/patio-colorado\/wp-content\/uploads\/2021\/04\/126504370_446558076735862_2837314072170004825_n-243x300.jpg 243w, https:\/\/www.upo.es\/patio-colorado\/wp-content\/uploads\/2021\/04\/126504370_446558076735862_2837314072170004825_n.jpg 750w\" sizes=\"auto, (max-width: 310px) 100vw, 310px\" \/><\/p>\n<p>&nbsp;<\/p>\n<p>&nbsp;<\/p>\n<p>&nbsp;<\/p>\n<p>&nbsp;<\/p>\n<p>&nbsp;<\/p>\n<p>&nbsp;<\/p>\n<p><span class=\"\"><em>Prayers for Our Community,<\/em> de The<\/span><span class=\"\"> Revd, Tim Hayward and Beth Hayward<\/span><\/p>\n<p>&nbsp;<\/p>\n<p>&nbsp;<\/p>\n<p>&nbsp;<\/p>\n<p><img loading=\"lazy\" decoding=\"async\" class=\" wp-image-2252 alignleft\" src=\"https:\/\/www.upo.es\/patio-colorado\/wp-content\/uploads\/2021\/04\/116901828_3180236142052148_8906239902047653545_n_003-260x300.jpg\" alt=\"\" width=\"309\" height=\"356\" srcset=\"https:\/\/www.upo.es\/patio-colorado\/wp-content\/uploads\/2021\/04\/116901828_3180236142052148_8906239902047653545_n_003-260x300.jpg 260w, https:\/\/www.upo.es\/patio-colorado\/wp-content\/uploads\/2021\/04\/116901828_3180236142052148_8906239902047653545_n_003-888x1024.jpg 888w, https:\/\/www.upo.es\/patio-colorado\/wp-content\/uploads\/2021\/04\/116901828_3180236142052148_8906239902047653545_n_003-768x886.jpg 768w, https:\/\/www.upo.es\/patio-colorado\/wp-content\/uploads\/2021\/04\/116901828_3180236142052148_8906239902047653545_n_003.jpg 1080w\" sizes=\"auto, (max-width: 309px) 100vw, 309px\" \/><\/p>\n<p>&nbsp;<\/p>\n<p>&nbsp;<\/p>\n<p>&nbsp;<\/p>\n<p>&nbsp;<\/p>\n<p>&nbsp;<\/p>\n<p>Obra de <span class=\"\"><a class=\"notranslate\" href=\"https:\/\/www.instagram.com\/tina_alabama\/\">@tina_alabama<\/a><\/span><\/p>\n<p>&nbsp;<\/p>\n<p>&nbsp;<\/p>\n<p>&nbsp;<\/p>\n<p>&nbsp;<\/p>\n<p><span class=\"\" title=\"Editado\">Paula Zuccotti (<a class=\"notranslate\" href=\"https:\/\/www.instagram.com\/paugram\/\">@paugram<\/a>) cre\u00f3 el proyecto <a class=\" xil3i\" href=\"https:\/\/www.instagram.com\/explore\/tags\/everythingwetouchcovidessentialsx15\/\">#EveryThingWeTouchCovidEssentialsx15<\/a>, una invitaci\u00f3n para que cada persona fotografiase los 15 objetos que les han sido imprescindibles en sus d\u00edas de confinamiento. <em>Los objetos cuentan historias y con ello, podemos reflexionar sobre nuestros h\u00e1bitos, necesidades, esperanzas, miedos y todo lo que nos ayud\u00f3 a aguantar este momento de nuestra vida.<\/em><br \/>\n<\/span><\/p>\n<p><img loading=\"lazy\" decoding=\"async\" class=\"alignnone wp-image-2254\" src=\"https:\/\/www.upo.es\/patio-colorado\/wp-content\/uploads\/2021\/04\/101555673_2684039255247437_7612803057697384793_n_003-300x221.jpg\" alt=\"\" width=\"338\" height=\"249\" srcset=\"https:\/\/www.upo.es\/patio-colorado\/wp-content\/uploads\/2021\/04\/101555673_2684039255247437_7612803057697384793_n_003-300x221.jpg 300w, https:\/\/www.upo.es\/patio-colorado\/wp-content\/uploads\/2021\/04\/101555673_2684039255247437_7612803057697384793_n_003.jpg 640w\" sizes=\"auto, (max-width: 338px) 100vw, 338px\" \/>\u00a0 <img loading=\"lazy\" decoding=\"async\" class=\"alignnone wp-image-2253\" src=\"https:\/\/www.upo.es\/patio-colorado\/wp-content\/uploads\/2021\/04\/101112761_689678861824163_303384902911235941_n-300x222.jpg\" alt=\"\" width=\"337\" height=\"250\" srcset=\"https:\/\/www.upo.es\/patio-colorado\/wp-content\/uploads\/2021\/04\/101112761_689678861824163_303384902911235941_n-300x222.jpg 300w, https:\/\/www.upo.es\/patio-colorado\/wp-content\/uploads\/2021\/04\/101112761_689678861824163_303384902911235941_n.jpg 640w\" sizes=\"auto, (max-width: 337px) 100vw, 337px\" \/><\/p>\n<p><img loading=\"lazy\" decoding=\"async\" class=\"alignnone wp-image-2255\" src=\"https:\/\/www.upo.es\/patio-colorado\/wp-content\/uploads\/2021\/04\/101395232_891163968036845_4990662779559808779_n-e1617803509318.jpg\" alt=\"\" width=\"331\" height=\"252\" \/> \u00a0\u00a0\u00a0 <img loading=\"lazy\" decoding=\"async\" class=\"alignnone wp-image-2256\" src=\"https:\/\/www.upo.es\/patio-colorado\/wp-content\/uploads\/2021\/04\/101387747_548870062462844_3820171392903184424_n-300x222.jpg\" alt=\"\" width=\"339\" height=\"251\" srcset=\"https:\/\/www.upo.es\/patio-colorado\/wp-content\/uploads\/2021\/04\/101387747_548870062462844_3820171392903184424_n-300x222.jpg 300w, https:\/\/www.upo.es\/patio-colorado\/wp-content\/uploads\/2021\/04\/101387747_548870062462844_3820171392903184424_n.jpg 750w\" sizes=\"auto, (max-width: 339px) 100vw, 339px\" \/><\/p>\n<p>&nbsp;<\/p>\n","protected":false},"excerpt":{"rendered":"<p>\u00bfExiste el arte que nazca enteramente de la enfermedad y todo lo que esta conlleva? Durante toda la historia, los objetos en los que se inspira el arte han sido (casi) los mismos:\u00a0 el amor, lo bello, la muerte, la luna. La primavera llega,\u00a0 hay flores, hay miradas.\u00a0 Sabemos que cuadros, poemas y canciones beben [&hellip;]<\/p>\n","protected":false},"author":51,"featured_media":2249,"comment_status":"open","ping_status":"open","sticky":false,"template":"","format":"standard","meta":{"_acf_changed":false,"_monsterinsights_skip_tracking":false,"_monsterinsights_sitenote_active":false,"_monsterinsights_sitenote_note":"","_monsterinsights_sitenote_category":0,"footnotes":""},"categories":[45],"tags":[],"class_list":["post-2246","post","type-post","status-publish","format-standard","has-post-thumbnail","hentry","category-boletin-colorao"],"blocksy_meta":[],"acf":[],"jetpack_featured_media_url":"https:\/\/www.upo.es\/patio-colorado\/wp-content\/uploads\/2021\/04\/149526220_2776575045991719_7628934072495113437_n_003-e1617805345355.jpg","_links":{"self":[{"href":"https:\/\/www.upo.es\/patio-colorado\/wp-json\/wp\/v2\/posts\/2246","targetHints":{"allow":["GET"]}}],"collection":[{"href":"https:\/\/www.upo.es\/patio-colorado\/wp-json\/wp\/v2\/posts"}],"about":[{"href":"https:\/\/www.upo.es\/patio-colorado\/wp-json\/wp\/v2\/types\/post"}],"author":[{"embeddable":true,"href":"https:\/\/www.upo.es\/patio-colorado\/wp-json\/wp\/v2\/users\/51"}],"replies":[{"embeddable":true,"href":"https:\/\/www.upo.es\/patio-colorado\/wp-json\/wp\/v2\/comments?post=2246"}],"version-history":[{"count":9,"href":"https:\/\/www.upo.es\/patio-colorado\/wp-json\/wp\/v2\/posts\/2246\/revisions"}],"predecessor-version":[{"id":2268,"href":"https:\/\/www.upo.es\/patio-colorado\/wp-json\/wp\/v2\/posts\/2246\/revisions\/2268"}],"wp:featuredmedia":[{"embeddable":true,"href":"https:\/\/www.upo.es\/patio-colorado\/wp-json\/wp\/v2\/media\/2249"}],"wp:attachment":[{"href":"https:\/\/www.upo.es\/patio-colorado\/wp-json\/wp\/v2\/media?parent=2246"}],"wp:term":[{"taxonomy":"category","embeddable":true,"href":"https:\/\/www.upo.es\/patio-colorado\/wp-json\/wp\/v2\/categories?post=2246"},{"taxonomy":"post_tag","embeddable":true,"href":"https:\/\/www.upo.es\/patio-colorado\/wp-json\/wp\/v2\/tags?post=2246"}],"curies":[{"name":"wp","href":"https:\/\/api.w.org\/{rel}","templated":true}]}}