{"id":2421,"date":"2021-04-28T14:30:44","date_gmt":"2021-04-28T14:30:44","guid":{"rendered":"https:\/\/www.upo.es\/patio-colorado\/?p=2421"},"modified":"2021-04-28T14:30:44","modified_gmt":"2021-04-28T14:30:44","slug":"en-clave-de-sol-canciones-dedicadas-a-nuestra-tierra","status":"publish","type":"post","link":"https:\/\/www.upo.es\/patio-colorado\/2021\/04\/28\/en-clave-de-sol-canciones-dedicadas-a-nuestra-tierra\/","title":{"rendered":"En clave de sol: canciones dedicadas a nuestra tierra"},"content":{"rendered":"<p>Andaluc\u00eda, como bien sabemos, es una comunidad que rebosa cultura y arte por todos sus poros y tenemos una gran cantidad de talentosos artistas que dan prueba de ello. En cuanto al \u00e1mbito musical, \u00bfconoc\u00e9is las canciones que estos les han dedicado al lugar que tanto aman y a su gente?<\/p>\n<p>\u00a1Os traemos algunos ejemplos de nuestra comunidad en notas musicales! \u00a1Dadle al <em>play<\/em> y disfrutad!<\/p>\n<p><strong><em>Al-\u00c1ndalus<\/em> (David Bisbal)<\/strong><\/p>\n<p>Este destacado almeriense siempre lleva a su patria por bandera y en este tema tan conocido lo demuestra de la mejor manera posible.<\/p>\n<p><iframe loading=\"lazy\" title=\"David Bisbal-&quot;Al Andalus&quot;\" width=\"1600\" height=\"900\" src=\"https:\/\/www.youtube.com\/embed\/1d6gaJfjQnI?feature=oembed\" frameborder=\"0\" allow=\"accelerometer; autoplay; clipboard-write; encrypted-media; gyroscope; picture-in-picture; web-share\" referrerpolicy=\"strict-origin-when-cross-origin\" allowfullscreen><\/iframe><\/p>\n<p><strong><em>Andaluc\u00eda<\/em> (Pablo Albor\u00e1n)<\/strong><\/p>\n<p>El sentimental malague\u00f1o Pablo Albor\u00e1n no pod\u00eda faltar a esta cita de culto de su adorada Andaluc\u00eda a trav\u00e9s de la m\u00fasica.<\/p>\n<p><iframe loading=\"lazy\" title=\"ANDALUC\u00cdA. Pablo Albor\u00e1n\" width=\"1600\" height=\"900\" src=\"https:\/\/www.youtube.com\/embed\/qXvy-nv38QI?feature=oembed\" frameborder=\"0\" allow=\"accelerometer; autoplay; clipboard-write; encrypted-media; gyroscope; picture-in-picture; web-share\" referrerpolicy=\"strict-origin-when-cross-origin\" allowfullscreen><\/iframe><\/p>\n<p><strong><em>Andaluc\u00eda<\/em> (El Barrio)<\/strong><\/p>\n<p>Este artista gaditano describe los aspectos m\u00e1s llamativos y acogedores de la vida cotidiana andaluza en esta canci\u00f3n tan alegre y animada.<\/p>\n<p><iframe loading=\"lazy\" title=\"EL BARRIO - Andalucia\" width=\"1333\" height=\"1000\" src=\"https:\/\/www.youtube.com\/embed\/mO9r_XD_MIA?feature=oembed\" frameborder=\"0\" allow=\"accelerometer; autoplay; clipboard-write; encrypted-media; gyroscope; picture-in-picture; web-share\" referrerpolicy=\"strict-origin-when-cross-origin\" allowfullscreen><\/iframe><\/p>\n<p><strong><em>Andaluc\u00eda<\/em> (El Kanka)<\/strong><\/p>\n<p>De nuevo nos encontramos ante un malague\u00f1o, Juan G\u00f3mez Canca (\u00abEl Kanka\u00bb), rendido ante su pasi\u00f3n por su tierra.<\/p>\n<p><iframe loading=\"lazy\" title=\"El Kanka - Andaluc\u00eda\" width=\"1600\" height=\"900\" src=\"https:\/\/www.youtube.com\/embed\/d_BoZeWKUPY?feature=oembed\" frameborder=\"0\" allow=\"accelerometer; autoplay; clipboard-write; encrypted-media; gyroscope; picture-in-picture; web-share\" referrerpolicy=\"strict-origin-when-cross-origin\" allowfullscreen><\/iframe><\/p>\n<p><strong><em>Duende del Sur<\/em> (Chambao)<\/strong><\/p>\n<p>La banda Chambao, tambi\u00e9n malague\u00f1a, declara su amor a su querida Andaluc\u00eda y a sus gentes con este tema tan especial.<\/p>\n<p><iframe loading=\"lazy\" title=\"Chambao - Duende del Sur (Videoclip)\" width=\"1600\" height=\"900\" src=\"https:\/\/www.youtube.com\/embed\/lgieHQsNwOc?feature=oembed\" frameborder=\"0\" allow=\"accelerometer; autoplay; clipboard-write; encrypted-media; gyroscope; picture-in-picture; web-share\" referrerpolicy=\"strict-origin-when-cross-origin\" allowfullscreen><\/iframe><\/p>\n<p><strong><em>Sevilla tiene un color especial<\/em> (Los del R\u00edo)<\/strong><\/p>\n<p>\u00bfQui\u00e9n no ha escuchado nunca este cl\u00e1sico por excelencia de Los del R\u00edo? \u00a1Disfruta de nuevo de este himno tan famoso sobre la capital hispalense!<\/p>\n<p>https:\/\/www.youtube.com\/watch?v=E19owSLrZVw&#038;ab_channel=Ni%C3%B1aPastoriOficialNi%C3%B1aPastoriOficialCanaloficialdeartista<\/p>\n<p><strong><em>Cai<\/em> (Ni\u00f1a Pastori)<\/strong><\/p>\n<p>La isle\u00f1a Mar\u00eda Rosa Garc\u00eda Garc\u00eda, conocida por su nombre art\u00edstico \u00abNi\u00f1a Pastori\u00bb, alaba a la capital gaditana en esta balada tan sentimental y expresa la nostalgia que siente al estar lejos de ella.<\/p>\n<p><iframe loading=\"lazy\" title=\"Ni\u00f1a Pastori - Cai (Videoclip)\" width=\"1333\" height=\"1000\" src=\"https:\/\/www.youtube.com\/embed\/C8Pvz5Yu_Ic?feature=oembed\" frameborder=\"0\" allow=\"accelerometer; autoplay; clipboard-write; encrypted-media; gyroscope; picture-in-picture; web-share\" referrerpolicy=\"strict-origin-when-cross-origin\" allowfullscreen><\/iframe><\/p>\n<p><strong><em>Las calles de Granada<\/em> (Rosa L\u00f3pez)<\/strong><\/p>\n<p>Al igual que David Bisbal, su compa\u00f1ero de Operaci\u00f3n Triunfo, Rosa L\u00f3pez no duda en dedicar unas bellas palabras a su lugar de origen, en su caso de manera m\u00e1s espec\u00edfica, al cantarle a su Granada natal.<\/p>\n<p>https:\/\/www.youtube.com\/watch?v=L8cauR53zqg<\/p>\n<p><strong><em>D\u00e9jame que sea<\/em> (Manuel Carrasco)<\/strong><\/p>\n<p>El onubense y tambi\u00e9n extriunfito Manuel Carrasco se suma al conjunto de cantautores que dedican unos bellos versos sonoros a su tierra amada.<\/p>\n<p><iframe loading=\"lazy\" title=\"D\u00e9jame que sea - Manuel Carrasco (Huelva)\" width=\"1333\" height=\"1000\" src=\"https:\/\/www.youtube.com\/embed\/L7_h6GhWj4Q?feature=oembed\" frameborder=\"0\" allow=\"accelerometer; autoplay; clipboard-write; encrypted-media; gyroscope; picture-in-picture; web-share\" referrerpolicy=\"strict-origin-when-cross-origin\" allowfullscreen><\/iframe><\/p>\n<p><strong>PLUS: <em>Andalouse<\/em> (Kendji Girac)<\/strong><\/p>\n<p>Resulta bastante curioso ver las referencias andaluzas fuera de nuestras fronteras. As\u00ed ocurre con esta canci\u00f3n del cantante franc\u00e9s Kendji Girac, al que le encanta presumir de su ascendencia espa\u00f1ola en sus composiciones, como se puede ver en este caso, donde se declara a una joven andaluza alabando, entre otros, su sentido del ritmo y sus bailes enamoradizos.<\/p>\n<p><iframe loading=\"lazy\" title=\"Kendji Girac - Andalouse (Clip Officiel)\" width=\"1600\" height=\"900\" src=\"https:\/\/www.youtube.com\/embed\/FndmvPkI1Ms?feature=oembed\" frameborder=\"0\" allow=\"accelerometer; autoplay; clipboard-write; encrypted-media; gyroscope; picture-in-picture; web-share\" referrerpolicy=\"strict-origin-when-cross-origin\" allowfullscreen><\/iframe><\/p>\n<p>&nbsp;<\/p>\n<p>\u00bfY vosotros? \u00bfConoc\u00e9is m\u00e1s temazos como estos compuestos con esencia andaluza? \u00a1Cont\u00e1dnoslos!<\/p>\n<p>&nbsp;<\/p>\n<p>Imagen de portada:<\/p>\n<p><a href=\"https:\/\/elquincenaldelospedroches.es\/david-bisbal-slow-music-pozoblanco\/david-bisbal-slow-music-pozoblanco\/\">El Quincenal de los Pedroches<\/a><\/p>\n<p>Enlaces de inter\u00e9s:<\/p>\n<p><a href=\"https:\/\/surtour.es\/canciones-andalucia\/\">SurTour<\/a><\/p>\n<p><a href=\"https:\/\/www.hotelamericagranada.com\/blog\/canciones-dedicadas-a-granada\/\">Hotel Am\u00e9rica Granada<\/a><\/p>\n","protected":false},"excerpt":{"rendered":"<p>Andaluc\u00eda, como bien sabemos, es una comunidad que rebosa cultura y arte por todos sus poros y tenemos una gran cantidad de talentosos artistas que dan prueba de ello. En cuanto al \u00e1mbito musical, \u00bfconoc\u00e9is las canciones que estos les han dedicado al lugar que tanto aman y a su gente? \u00a1Os traemos algunos ejemplos [&hellip;]<\/p>\n","protected":false},"author":50,"featured_media":2433,"comment_status":"open","ping_status":"open","sticky":false,"template":"","format":"standard","meta":{"_acf_changed":false,"_monsterinsights_skip_tracking":false,"_monsterinsights_sitenote_active":false,"_monsterinsights_sitenote_note":"","_monsterinsights_sitenote_category":0,"footnotes":""},"categories":[302,169,305,303,186,23,309,136,301],"tags":[55,128,99,53,64],"class_list":["post-2421","post","type-post","status-publish","format-standard","has-post-thumbnail","hentry","category-cadiz","category-cine-artes-audiovisuales","category-granada","category-huelva","category-literatura-musica","category-patrimonio-vivo","category-provincias","category-reportajes","category-sevilla","tag-andalucia","tag-artistas","tag-cultura","tag-musica","tag-patrimonio"],"blocksy_meta":[],"acf":[],"jetpack_featured_media_url":"https:\/\/www.upo.es\/patio-colorado\/wp-content\/uploads\/2021\/04\/david-bisbal-slow-music-pozoblanco.jpg","_links":{"self":[{"href":"https:\/\/www.upo.es\/patio-colorado\/wp-json\/wp\/v2\/posts\/2421","targetHints":{"allow":["GET"]}}],"collection":[{"href":"https:\/\/www.upo.es\/patio-colorado\/wp-json\/wp\/v2\/posts"}],"about":[{"href":"https:\/\/www.upo.es\/patio-colorado\/wp-json\/wp\/v2\/types\/post"}],"author":[{"embeddable":true,"href":"https:\/\/www.upo.es\/patio-colorado\/wp-json\/wp\/v2\/users\/50"}],"replies":[{"embeddable":true,"href":"https:\/\/www.upo.es\/patio-colorado\/wp-json\/wp\/v2\/comments?post=2421"}],"version-history":[{"count":10,"href":"https:\/\/www.upo.es\/patio-colorado\/wp-json\/wp\/v2\/posts\/2421\/revisions"}],"predecessor-version":[{"id":2444,"href":"https:\/\/www.upo.es\/patio-colorado\/wp-json\/wp\/v2\/posts\/2421\/revisions\/2444"}],"wp:featuredmedia":[{"embeddable":true,"href":"https:\/\/www.upo.es\/patio-colorado\/wp-json\/wp\/v2\/media\/2433"}],"wp:attachment":[{"href":"https:\/\/www.upo.es\/patio-colorado\/wp-json\/wp\/v2\/media?parent=2421"}],"wp:term":[{"taxonomy":"category","embeddable":true,"href":"https:\/\/www.upo.es\/patio-colorado\/wp-json\/wp\/v2\/categories?post=2421"},{"taxonomy":"post_tag","embeddable":true,"href":"https:\/\/www.upo.es\/patio-colorado\/wp-json\/wp\/v2\/tags?post=2421"}],"curies":[{"name":"wp","href":"https:\/\/api.w.org\/{rel}","templated":true}]}}