{"id":2424,"date":"2021-04-27T18:28:38","date_gmt":"2021-04-27T18:28:38","guid":{"rendered":"https:\/\/www.upo.es\/patio-colorado\/?p=2424"},"modified":"2021-04-27T18:28:38","modified_gmt":"2021-04-27T18:28:38","slug":"ruta-cervantina-por-la-ciudad-de-sevilla","status":"publish","type":"post","link":"https:\/\/www.upo.es\/patio-colorado\/2021\/04\/27\/ruta-cervantina-por-la-ciudad-de-sevilla\/","title":{"rendered":"Ruta Cervantina por la ciudad de Sevilla"},"content":{"rendered":"<p>Dice la famosa canci\u00f3n de <em>Los del R\u00edo<\/em> que \u00abSevilla tiene un color especial\u00bb, pero un \u00abcolor especial\u00bb no es lo \u00fanico que tiene Sevilla. Esta maravillosa ciudad comparte un importante v\u00ednculo con el c\u00e9lebre escritor Miguel de Cervantes Saavedra, quien nos brinda una fant\u00e1stica ruta literaria llena de curiosidades acerca de algunas de sus obras. Mi intenci\u00f3n con este art\u00edculo es dar a conocer lo que podr\u00edamos llamar una ruta literaria por la Sevilla Cervantina que nos ayude a conocer m\u00e1s acerca de las obras <strong><em>Rinconete y Cortadillo<\/em><\/strong> y <strong><em>Coloquio de Cipi\u00f3n y Berganza<\/em><\/strong>. Para llevar a cabo esta ruta, se recomienda haber le\u00eddo antes ambas obras mencionadas con la intenci\u00f3n de una mejor compresi\u00f3n de lo que se va a exponer a continuaci\u00f3n.<\/p>\n<p>El itinerario de esta ruta comienza en la calle Entre C\u00e1rceles, donde se recuerda al genial escritor con un monumento dedicado a su memoria.<\/p>\n<p><img loading=\"lazy\" decoding=\"async\" class=\"alignnone  wp-image-2426\" src=\"https:\/\/www.upo.es\/patio-colorado\/wp-content\/uploads\/2021\/04\/cervantes-monumento-sevill-kCXC-620x349@abc-300x169.jpg\" alt=\"\" width=\"442\" height=\"249\" srcset=\"https:\/\/www.upo.es\/patio-colorado\/wp-content\/uploads\/2021\/04\/cervantes-monumento-sevill-kCXC-620x349@abc-300x169.jpg 300w, https:\/\/www.upo.es\/patio-colorado\/wp-content\/uploads\/2021\/04\/cervantes-monumento-sevill-kCXC-620x349@abc.jpg 620w\" sizes=\"auto, (max-width: 442px) 100vw, 442px\" \/><\/p>\n<p>Monumento a Cervantes en la calle Entre C\u00e1rceles<\/p>\n<p>Contigua a la calle Entre C\u00e1rceles, en calle Sierpes, concretamente en la antigua C\u00e1rcel Real, un azulejo recuerda la estancia de Cervantes en la antigua penitenciaria de la siguiente manera:<\/p>\n<p><em>\u00abEn el recinto de estas casas, antes C\u00e1rcel Real estuvo preso 1597-1602, Miguel de Cervantes Saavedra. Aqu\u00ed se engendr\u00f3 para asombro y deleite del mundo El ingenioso Hidalgo Don Quijote de la Mancha\u00bb<\/em><\/p>\n<p>Este azulejo forma parte de un conjunto de diecisiete azulejos situados en diferentes lugares en los que se recuerdan las menciones hechas por el Pr\u00edncipe de los Ingenios. Este conjunto de azulejos fue colocado por el Ayuntamiento en 1916 con motivo del tercer centenario de la muerte del genial escritor.<\/p>\n<p>A continuaci\u00f3n si continuamos por la Cuesta del Rosario, La Costanilla, (denominada as\u00ed desde el siglo XV) que va desde Francos a Pescader\u00eda, encontraremos otro de los azulejos en el que reza:<\/p>\n<p><em>\u00abEl Pr\u00edncipe de los Ingenios Espa\u00f1oles, Miguel de Cervantes Saavedra menciona esta calle llamada un tiempo de \u201cla Costanilla\u201d como una de las tres cosas que el rey tenia por ganar en Sevilla en la Novela Ejemplar Coloquio de Cipi\u00f3n y Berganza\u00bb<\/em><\/p>\n<p>Esta menci\u00f3n hace referencia al siguiente fragmento de dicha Novela Ejemplar:<\/p>\n<p><em>\u00abPor Maravilla se pasa el d\u00eda sin pendencias y sin heridas, y a veces sin muertes; todos se pican de valientes, y aun tienen sus puntas de rufianes; no hay ninguno que no tenga su \u00e1ngel de guarda en la Plaza de San Francisco, granjeando con lomos y lenguas de vaca. Finalmente o\u00ed decir a un hombre discreto que tres cosas ten\u00eda el Rey por ganar el Sevilla: la calle de la Caza, la Costanilla y el Matadero\u00bb.<\/em><\/p>\n<p>Continuamos la ruta por la calle Lara\u00f1a, donde podemos contemplar en la fachada renacentista de la Iglesia de la Anunciaci\u00f3n otro de los azulejos que hacen referencia a la huella de Cervantes en nuestra ciudad. En el mismo se puede leer:<\/p>\n<p><em>\u00abEl Pr\u00edncipe de los Ingenios Espa\u00f1oles, Miguel de Cervantes Saavedra menciona el estudio de la Compa\u00f1\u00eda de Jes\u00fas establecido en estas casas, hoy Universidad Literaria, en la Novela Ejemplar Coloquio de Cipi\u00f3n y Berganza\u00bb<\/em><\/p>\n<p>El mencionado azulejo hace menci\u00f3n al siguiente fragmento de la Novela Ejemplar:<\/p>\n<p><em>\u00abCipi\u00f3n.-\u00a0 As\u00ed es verdad, y yo confieso mi yerro y quiero que me le perdones, pues te he perdonado tantos. Echemos pelillos a la mar, como dicen los muchachos, y no murmuremos de aqu\u00ed en adelante; y sigue tu cuento, que le dejaste en la autoridad con que los hijos del mercader tu amo iban al estudio de la Compa\u00f1\u00eda de Jes\u00fas\u00bb<\/em><\/p>\n<p>En la calle Huelva, podemos observar una vez m\u00e1s otro de los diecisiete azulejos. En esta ocasi\u00f3n, \u00a0Aunque en el azulejo se menciona la novela <strong><em>Rinconete y Cortadillo<\/em><\/strong>, la cita corresponde a <strong><em>Cipi\u00f3n y Berganza<\/em><\/strong> y en \u00e9l se dice:<\/p>\n<p><em>\u00abEl Pr\u00edncipe de los Ingenios Espa\u00f1oles, Miguel de Cervantes Saavedra menciona esta calle nombrada un tiempo de la Caza\u00a0 antes de la Galliner\u00eda, como una de las tres cosas que el rey ten\u00eda por ganar en Sevilla\u00bb<\/em><\/p>\n<p>Seguidamente, en la Puerta de la Carne, hallamos otro de los azulejos que menciona el Matadero, nombrado en la Novela Ejemplar de <strong><em>Rinconete y Cortadillo<\/em><\/strong>:<\/p>\n<p><em>\u00abEl Pr\u00edncipe de los Ingenios Espa\u00f1oles, Miguel de Cervantes Saavedra menciona el \u201cMatadero\u201d, pr\u00f3ximo a este lugar como\u2026 una de las tres cosas que el rey ten\u00eda por ganar en Sevilla, imaginando, como ocurridos en \u00e9l. Peregrinos episodios de la Novela Ejemplar Rinconete y Cortadillo\u00bb<\/em><\/p>\n<p>En la frecuentada Plaza Jes\u00fas de la Pasi\u00f3n (antigua Plaza del Pan), se recuerda la actividad literaria de Cervantes con un azulejo en el que se dice:<\/p>\n<p><em>\u00abEl Pr\u00edncipe de los Ingenios Espa\u00f1oles, Miguel de Cervantes Saavedra imagin\u00f3 como ocurrido en el \u00e1mbito de esta plaza llamada un tiempo de San Salvador, luego de la Fruta y del Pan uno de los m\u00e1s donosos episodios de la Novela Ejemplar Rinconete y Cortadillo\u00bb<\/em><\/p>\n<p>En dicha Novela nos dice Cervantes:<\/p>\n<p><em>\u00abAvis\u00f3le su adalid de los puestos donde hab\u00edan de acudir: por las ma\u00f1anas, a la carnicer\u00eda y a la plaza de San Salvador; los d\u00edas de pescado, a la Pescader\u00eda y a la Costanilla; todas las tardes, al r\u00edo; los jueves, a la Feria.<\/em><\/p>\n<p><em>Toda esta lici\u00f3n tomaron bien de memoria, y otro d\u00eda bien de ma\u00f1ana se plantaron en la plaza de San Salvador; y, apenas hubieron llegado, cuando los rodearon otros mozos del oficio, que, por lo flamante de los costales y espuertas, vieron ser nuevos en la plaza; hicieronles mil preguntas, y a todas respond\u00edan con discreci\u00f3n y mesura. En esto, llegaron un medio estudiante y un soldado y, convidados de la limpieza de las espuertas de los dos novatos, el que parecer\u00eda estudiante llam\u00f3 a Cortado, y el soldado a Rinc\u00f3n\u00bb.<\/em><\/p>\n<p>A continuaci\u00f3n, por las gradas de la catedral, otro fragmento recuerda la ya mencionada obra cervantina de <strong><em>Rinconete y Cortadillo<\/em><\/strong> de la siguiente manera:<\/p>\n<p><em>\u00abEl Pr\u00edncipe de los Ingenios Espa\u00f1oles, Miguel de Cervantes Saavedra menciona estas Gradas, lugar un tiempo de contrataci\u00f3n en la novela ejemplar Rinconete y Cortadillo\u00bb<\/em><\/p>\n<p>El fragmento al que se refiere se trata del siguiente:<\/p>\n<p><em>\u00abSac\u00f3, en esto, de la faldriquera un pa\u00f1uelo randado para limpiarse el sudor, que llov\u00eda de su rostro como de alquitara, y, apenas le hubo visto Cortado, cuando le marc\u00f3 por suyo. Y, habi\u00e9ndose ido el sacrist\u00e1n, Cortado le sigui\u00f3 y le alcanz\u00f3 en las Gradas, donde le llam\u00f3 y le retir\u00f3 a una parte; y all\u00ed le comenz\u00f3 a decir tantos disparates, al modo de lo que llamaban bernardinas, cerca del hurto y hallazgo de su bolsa, d\u00e1ndole buenas esperanzas, sin concluir jam\u00e1s raz\u00f3n que comenzase, que el pobre sacrist\u00e1n estaba embelesado escuch\u00e1ndole\u00bb<\/em><\/p>\n<p>Por la calle Alcaicer\u00eda, aunque no est\u00e1 bien ubicado este azulejo, puede hacer menci\u00f3n al espacio que actualmente ocupa la Plaza de la Alfalfa, donde pudieron estar situados determinados espacios de la ciudad, entre ellos la Pescader\u00eda:<\/p>\n<p><em>\u00abEl Pr\u00edncipe de los Ingenios Espa\u00f1oles, Miguel de Cervantes Saavedra menciona este lugar llamado un tiempo de la Carnicer\u00eda en la Novela Ejemplar Rinconete y Cortadillo\u00bb<\/em><\/p>\n<p>Que hace menci\u00f3n al siguiente fragmento de <strong><em>Rinconete y Cortadillo<\/em><\/strong>:<\/p>\n<p><em>\u00abDij\u00e9ronme que iban en seguimiento de un ganadero que hab\u00eda pasado ciertos carneros en la Carnicer\u00eda, por ver si le pod\u00edan dar un tiento en un grand\u00edsimo gato de reales que llevaba. No desembanastaron ni contaron la ropa, fiados en la entereza de mi conciencia; y as\u00ed me cumpla Dios mis buenos deseos y nos libre a todos de poder de justicia, que no he tocado a la canasta, y que est\u00e1 tan entera cuando naci\u00f3\u00bb<\/em><\/p>\n<p>Por la calle Santo Tom\u00e1s se encuentra la Torre de Abd-el-Aziz (siglo XIII). El azulejo situado en dicho lugar recuerda la obra cervantina situado aqu\u00ed que dice:<\/p>\n<p><em>\u00abEl Pr\u00edncipe de los Ingenios Espa\u00f1oles, Miguel de Cervantes Saavedra menciona el Postigo del Alc\u00e1zar que estuvo en lugar pr\u00f3ximo a \u00e9ste en la Novela Ejemplar Rinconete y Cortadillo\u00bb<\/em><\/p>\n<p>El siguiente azulejo que podemos encontrar se encuentra en el Postigo del Carb\u00f3n, donde se hace menci\u00f3n a la Puerta de la Aduana, hoy desaparecida. Est\u00e1 mal ubicado puesto que se encuentra en la calle N\u00fa\u00f1ez de Balboa. En \u00e9l se puede leer:<\/p>\n<p><em>\u00abEl Pr\u00edncipe de los Ingenios Espa\u00f1oles, Miguel de Cervantes Saavedra menciona esta puerta llamada en un tiempo \u201cde la Aduana\u201d y antes de los \u201cAzacanes\u201d imaginando que por ella entraron Rinconete y Cortadillo\u00bb<\/em><\/p>\n<p>Haciendo alusi\u00f3n al siguiente fragmento de la Novela:<\/p>\n<p><em>\u00abCon todo esto, a la entrada de la ciudad, que fue a la oraci\u00f3n y por la puerta de la Aduana, a causa del registro y almojarifazgo que se paga, no se pudo contener Cortado de no cortar la valija o maleta que a las ancas tra\u00eda un franc\u00e9s de la camarada; y as\u00ed, con el de sus cachas le dio tan larga y profunda herida, que se parec\u00edan patentemente las entra\u00f1as, y sutilmente le sac\u00f3 dos camisas buenas, un reloj de sol y un librillo de memoria, cosas que cuando las vieron no le dieron mucho gusto; y pensaron que, pues el franc\u00e9s llevaba a las ancas aquella maleta, no la hab\u00eda de haber ocupado con tan poco peso como era el que ten\u00edan aquellas preseas, y quisieran volver a darle otro tiento; pero no lo hicieron, imaginando que ya lo habr\u00edan echado menos y puesto en recaudo lo que quedaba\u00bb<\/em><\/p>\n<p>Por \u00faltimo y para terminar con esta ruta cervantina, nos situamos en un lugar de abundante tr\u00e1nsito de gente que iba y ven\u00eda de Triana a Sevilla cruzando el puente de barcas, acced\u00eda a la ciudad a trav\u00e9s de la Puerta del Arenal donde se instalaba una especie de mercadillo denominado como baratillo o malbaratillo. En la calle Adriano encontramos un azulejo que rememora este lugar mencionado en la obra cervantina:<\/p>\n<p><em>\u00abEl Pr\u00edncipe de los Ingenios Espa\u00f1oles, Miguel de Cervantes Saavedra menciona este lugar donde en un tiempo se hac\u00eda malbaratillo en la Novela Ejemplar Rinconete y Cortadillo\u00bb<\/em><\/p>\n<p>El fragmento de la Novela Ejemplar donde se hace referencia a este lugar es el siguiente:<\/p>\n<p><em>\u00abHab\u00edanse despedido antes que el salto hiciesen de los que hasta all\u00ed los hab\u00edan sustentado, y otro d\u00eda vendieron las camisas en el malbaratillo que se hace fuera de la puerta del Arenal, y dellas hicieron veinte reales. Hecho esto, se fueron a ver la ciudad, y admir\u00f3les la grandeza y sumptuosidad de su mayor iglesia, el gran concurso de gente del r\u00edo, porque era en tiempo de cargaz\u00f3n de flota y hab\u00eda en \u00e9l seis galeras\u2026\u00bb<\/em><\/p>\n","protected":false},"excerpt":{"rendered":"<p>Dice la famosa canci\u00f3n de Los del R\u00edo que \u00abSevilla tiene un color especial\u00bb, pero un \u00abcolor especial\u00bb no es lo \u00fanico que tiene Sevilla. Esta maravillosa ciudad comparte un importante v\u00ednculo con el c\u00e9lebre escritor Miguel de Cervantes Saavedra, quien nos brinda una fant\u00e1stica ruta literaria llena de curiosidades acerca de algunas de sus [&hellip;]<\/p>\n","protected":false},"author":48,"featured_media":2425,"comment_status":"open","ping_status":"open","sticky":false,"template":"","format":"standard","meta":{"_acf_changed":false,"_monsterinsights_skip_tracking":false,"_monsterinsights_sitenote_active":false,"_monsterinsights_sitenote_note":"","_monsterinsights_sitenote_category":0,"footnotes":""},"categories":[186,301],"tags":[],"class_list":["post-2424","post","type-post","status-publish","format-standard","has-post-thumbnail","hentry","category-literatura-musica","category-sevilla"],"blocksy_meta":[],"acf":[],"jetpack_featured_media_url":"https:\/\/www.upo.es\/patio-colorado\/wp-content\/uploads\/2021\/04\/30533133374_2cbd3d4f72_b.jpg","_links":{"self":[{"href":"https:\/\/www.upo.es\/patio-colorado\/wp-json\/wp\/v2\/posts\/2424","targetHints":{"allow":["GET"]}}],"collection":[{"href":"https:\/\/www.upo.es\/patio-colorado\/wp-json\/wp\/v2\/posts"}],"about":[{"href":"https:\/\/www.upo.es\/patio-colorado\/wp-json\/wp\/v2\/types\/post"}],"author":[{"embeddable":true,"href":"https:\/\/www.upo.es\/patio-colorado\/wp-json\/wp\/v2\/users\/48"}],"replies":[{"embeddable":true,"href":"https:\/\/www.upo.es\/patio-colorado\/wp-json\/wp\/v2\/comments?post=2424"}],"version-history":[{"count":2,"href":"https:\/\/www.upo.es\/patio-colorado\/wp-json\/wp\/v2\/posts\/2424\/revisions"}],"predecessor-version":[{"id":2428,"href":"https:\/\/www.upo.es\/patio-colorado\/wp-json\/wp\/v2\/posts\/2424\/revisions\/2428"}],"wp:featuredmedia":[{"embeddable":true,"href":"https:\/\/www.upo.es\/patio-colorado\/wp-json\/wp\/v2\/media\/2425"}],"wp:attachment":[{"href":"https:\/\/www.upo.es\/patio-colorado\/wp-json\/wp\/v2\/media?parent=2424"}],"wp:term":[{"taxonomy":"category","embeddable":true,"href":"https:\/\/www.upo.es\/patio-colorado\/wp-json\/wp\/v2\/categories?post=2424"},{"taxonomy":"post_tag","embeddable":true,"href":"https:\/\/www.upo.es\/patio-colorado\/wp-json\/wp\/v2\/tags?post=2424"}],"curies":[{"name":"wp","href":"https:\/\/api.w.org\/{rel}","templated":true}]}}