{"id":249,"date":"2020-02-12T16:22:18","date_gmt":"2020-02-12T16:22:18","guid":{"rendered":"https:\/\/www.upo.es\/patio-colorado\/?p=249"},"modified":"2020-04-19T08:35:38","modified_gmt":"2020-04-19T08:35:38","slug":"primera-romeria-de-mairena-del-aljarafe","status":"publish","type":"post","link":"https:\/\/www.upo.es\/patio-colorado\/2020\/02\/12\/primera-romeria-de-mairena-del-aljarafe\/","title":{"rendered":"Primera romer\u00eda de Mairena del Aljarafe"},"content":{"rendered":"<p style=\"text-align: left;\">El pasado 26 de enero se celebr\u00f3 en Mairena del Aljarafe la primera romer\u00eda de su patr\u00f3n San Ildefonso. Este municipio del \u00e1rea metropolitana del Aljarafe celebra cada a\u00f1o la fiesta de San Ildefonso el domingo m\u00e1s cercano a su d\u00eda, el 23 de enero, pero de una forma diferente a la de este a\u00f1o.<\/p>\n<p style=\"text-align: left;\">A diferencia de la mayor\u00eda de municipios del Aljarafe, Mairena no contaba con una romer\u00eda propia hasta el momento, siendo el \u00fanico festejo una procesi\u00f3n de su santo por las calles del pueblo. Su organizaci\u00f3n se rotaba cada a\u00f1o entre las tres hermandades del pueblo: la Hermandad del Roc\u00edo, la del Rosario y la de las Mercedes.<\/p>\n<p style=\"text-align: left;\">Sin embargo, para conmemorar el 25 aniversario de la fundaci\u00f3n de la Hermandad del Roc\u00edo, encargada este a\u00f1o de la organizaci\u00f3n de la procesi\u00f3n, se propuso la idea de organizar la primera romer\u00eda del patr\u00f3n. De esta manera, el domingo 26 de enero se sac\u00f3 al patr\u00f3n en la carreta donde se lleva el Simpecado para la romer\u00eda del Roc\u00edo.<\/p>\n<figure id=\"attachment_386\" aria-describedby=\"caption-attachment-386\" style=\"width: 169px\" class=\"wp-caption aligncenter\"><img loading=\"lazy\" decoding=\"async\" class=\"wp-image-386 size-medium\" src=\"https:\/\/www.upo.es\/patio-colorado\/wp-content\/uploads\/2020\/02\/IMG-20200211-WA0012-1-169x300.jpg\" alt=\"\" width=\"169\" height=\"300\" srcset=\"https:\/\/www.upo.es\/patio-colorado\/wp-content\/uploads\/2020\/02\/IMG-20200211-WA0012-1-169x300.jpg 169w, https:\/\/www.upo.es\/patio-colorado\/wp-content\/uploads\/2020\/02\/IMG-20200211-WA0012-1-576x1024.jpg 576w, https:\/\/www.upo.es\/patio-colorado\/wp-content\/uploads\/2020\/02\/IMG-20200211-WA0012-1-768x1366.jpg 768w, https:\/\/www.upo.es\/patio-colorado\/wp-content\/uploads\/2020\/02\/IMG-20200211-WA0012-1-864x1536.jpg 864w, https:\/\/www.upo.es\/patio-colorado\/wp-content\/uploads\/2020\/02\/IMG-20200211-WA0012-1.jpg 899w\" sizes=\"auto, (max-width: 169px) 100vw, 169px\" \/><figcaption id=\"caption-attachment-386\" class=\"wp-caption-text\">Cr\u00e9ditos de la imagen: Jos\u00e9 Manuel Vela<\/figcaption><\/figure>\n<p style=\"text-align: left;\">El prioste de la Hermandad del Roc\u00edo afirma que gracias a la colaboraci\u00f3n de dicha hermandad y del Ayuntamiento de Mairena del Aljarafe se ha podido llevar a cabo esta nueva celebraci\u00f3n, realizada en un terreno cedido en este municipio. Seg\u00fan el grupo organizador, la romer\u00eda cont\u00f3 con una asistencia mayor de la esperada, con un total de 100 coches, 17 carretas, 15 jardineras y m\u00e1s de 500 personas, lo que supuso todo un \u00e9xito.<\/p>\n<p style=\"text-align: left;\">Gracias a la gran participaci\u00f3n, involucraci\u00f3n y aceptaci\u00f3n, la localidad se plantea continuar la tradici\u00f3n de esta nueva fiesta en los pr\u00f3ximos a\u00f1os. El magn\u00edfico resultado del nuevo proyecto ha conseguido unir a los ciudadanos de Mairena del Aljarafe en un d\u00eda marcado para el municipio y potenciar la tradici\u00f3n y cultura locales.<\/p>\n<p>Cr\u00e9ditos de la fotograf\u00eda de portada: Jos\u00e9 Manuel Vela.<\/p>\n","protected":false},"excerpt":{"rendered":"<p>El pasado 26 de enero se celebr\u00f3 en Mairena del Aljarafe la primera romer\u00eda de su patr\u00f3n San Ildefonso. Este municipio del \u00e1rea metropolitana del Aljarafe celebra cada a\u00f1o la fiesta de San Ildefonso el domingo m\u00e1s cercano a su d\u00eda, el 23 de enero, pero de una forma diferente a la de este a\u00f1o. [&hellip;]<\/p>\n","protected":false},"author":3,"featured_media":250,"comment_status":"open","ping_status":"open","sticky":false,"template":"","format":"standard","meta":{"_acf_changed":false,"_monsterinsights_skip_tracking":false,"_monsterinsights_sitenote_active":false,"_monsterinsights_sitenote_note":"","_monsterinsights_sitenote_category":0,"footnotes":""},"categories":[35],"tags":[13,36,6],"class_list":["post-249","post","type-post","status-publish","format-standard","has-post-thumbnail","hentry","category-fiestas-tradiciones","tag-mairena-del-aljarafe","tag-romeria","tag-sevilla"],"blocksy_meta":[],"acf":[],"jetpack_featured_media_url":"https:\/\/www.upo.es\/patio-colorado\/wp-content\/uploads\/2020\/02\/IMG-20200211-WA0010.jpg","_links":{"self":[{"href":"https:\/\/www.upo.es\/patio-colorado\/wp-json\/wp\/v2\/posts\/249","targetHints":{"allow":["GET"]}}],"collection":[{"href":"https:\/\/www.upo.es\/patio-colorado\/wp-json\/wp\/v2\/posts"}],"about":[{"href":"https:\/\/www.upo.es\/patio-colorado\/wp-json\/wp\/v2\/types\/post"}],"author":[{"embeddable":true,"href":"https:\/\/www.upo.es\/patio-colorado\/wp-json\/wp\/v2\/users\/3"}],"replies":[{"embeddable":true,"href":"https:\/\/www.upo.es\/patio-colorado\/wp-json\/wp\/v2\/comments?post=249"}],"version-history":[{"count":3,"href":"https:\/\/www.upo.es\/patio-colorado\/wp-json\/wp\/v2\/posts\/249\/revisions"}],"predecessor-version":[{"id":415,"href":"https:\/\/www.upo.es\/patio-colorado\/wp-json\/wp\/v2\/posts\/249\/revisions\/415"}],"wp:featuredmedia":[{"embeddable":true,"href":"https:\/\/www.upo.es\/patio-colorado\/wp-json\/wp\/v2\/media\/250"}],"wp:attachment":[{"href":"https:\/\/www.upo.es\/patio-colorado\/wp-json\/wp\/v2\/media?parent=249"}],"wp:term":[{"taxonomy":"category","embeddable":true,"href":"https:\/\/www.upo.es\/patio-colorado\/wp-json\/wp\/v2\/categories?post=249"},{"taxonomy":"post_tag","embeddable":true,"href":"https:\/\/www.upo.es\/patio-colorado\/wp-json\/wp\/v2\/tags?post=249"}],"curies":[{"name":"wp","href":"https:\/\/api.w.org\/{rel}","templated":true}]}}