{"id":257,"date":"2020-02-13T18:50:30","date_gmt":"2020-02-13T18:50:30","guid":{"rendered":"https:\/\/www.upo.es\/patio-colorado\/?p=257"},"modified":"2020-04-26T09:11:40","modified_gmt":"2020-04-26T09:11:40","slug":"en-un-lugar-de-la-provincia-de-sevilla","status":"publish","type":"post","link":"https:\/\/www.upo.es\/patio-colorado\/2020\/02\/13\/en-un-lugar-de-la-provincia-de-sevilla\/","title":{"rendered":"En un lugar de la provincia de Sevilla&#8230;&#8230;"},"content":{"rendered":"<p>\u00bfHab\u00e9is pensado alguna vez en alguna muestra artesanal o alimenticia que se enmarque dentro de la provincia de Sevilla?<\/p>\n<p>Pues bien, en un peque\u00f1o pueblo sevillano de El Pedroso, celebra cada a\u00f1o, del 6 al 10 de Diciembre, una \u00abferia\u00bb de productos de la Sierra Norte, comarca a la que pertenece. Su posici\u00f3n geogr\u00e1fica hace que se pueda concentrar lo mejor de cada municipio cercano. Varios de los\u00a0 productos gastron\u00f3micos y artesanales de diferentes localidades que se sit\u00faan en el norte de la provincia sevillana se encuentran all\u00ed. Destaca el buen vino de Cazalla de la Sierra, las esculturas de madera de Guadalcanal y Alan\u00eds, el queso de Constantina&#8230; entre otras muchas cosas.<\/p>\n<p>\u00a1\u00a1\u00c9ste evento es buena manera de darse a conocer!!<\/p>\n<p>De primera mano y por experiencia propia conozco el \u00e9xito que posee. Mi recomendaci\u00f3n es, sin duda, asistir.\u00a0 Lo que mas me enamora es lo abarrotado que siempre se encuentra \u00e9ste mercado de abastos que se emplea como punto de encuentro.<\/p>\n<p>Ya solo queda&#8230; id, visitad y disfrutad!<\/p>\n<p>&nbsp;<\/p>\n","protected":false},"excerpt":{"rendered":"<p>\u00bfHab\u00e9is pensado alguna vez en alguna muestra artesanal o alimenticia que se enmarque dentro de la provincia de Sevilla? Pues bien, en un peque\u00f1o pueblo sevillano de El Pedroso, celebra cada a\u00f1o, del 6 al 10 de Diciembre, una \u00abferia\u00bb de productos de la Sierra Norte, comarca a la que pertenece. Su posici\u00f3n geogr\u00e1fica hace [&hellip;]<\/p>\n","protected":false},"author":6,"featured_media":258,"comment_status":"open","ping_status":"open","sticky":false,"template":"","format":"standard","meta":{"_acf_changed":false,"_monsterinsights_skip_tracking":false,"_monsterinsights_sitenote_active":false,"_monsterinsights_sitenote_note":"","_monsterinsights_sitenote_category":0,"footnotes":""},"categories":[26],"tags":[14,15,16],"class_list":["post-257","post","type-post","status-publish","format-standard","has-post-thumbnail","hentry","category-gastronomia-artesania","tag-gastronomia","tag-artesania","tag-sierranortesevillana"],"blocksy_meta":[],"acf":[],"jetpack_featured_media_url":"https:\/\/www.upo.es\/patio-colorado\/wp-content\/uploads\/2020\/02\/pedroso-muestras-exposiciones-kb7D-620x349@abc.jpg","_links":{"self":[{"href":"https:\/\/www.upo.es\/patio-colorado\/wp-json\/wp\/v2\/posts\/257","targetHints":{"allow":["GET"]}}],"collection":[{"href":"https:\/\/www.upo.es\/patio-colorado\/wp-json\/wp\/v2\/posts"}],"about":[{"href":"https:\/\/www.upo.es\/patio-colorado\/wp-json\/wp\/v2\/types\/post"}],"author":[{"embeddable":true,"href":"https:\/\/www.upo.es\/patio-colorado\/wp-json\/wp\/v2\/users\/6"}],"replies":[{"embeddable":true,"href":"https:\/\/www.upo.es\/patio-colorado\/wp-json\/wp\/v2\/comments?post=257"}],"version-history":[{"count":2,"href":"https:\/\/www.upo.es\/patio-colorado\/wp-json\/wp\/v2\/posts\/257\/revisions"}],"predecessor-version":[{"id":260,"href":"https:\/\/www.upo.es\/patio-colorado\/wp-json\/wp\/v2\/posts\/257\/revisions\/260"}],"wp:featuredmedia":[{"embeddable":true,"href":"https:\/\/www.upo.es\/patio-colorado\/wp-json\/wp\/v2\/media\/258"}],"wp:attachment":[{"href":"https:\/\/www.upo.es\/patio-colorado\/wp-json\/wp\/v2\/media?parent=257"}],"wp:term":[{"taxonomy":"category","embeddable":true,"href":"https:\/\/www.upo.es\/patio-colorado\/wp-json\/wp\/v2\/categories?post=257"},{"taxonomy":"post_tag","embeddable":true,"href":"https:\/\/www.upo.es\/patio-colorado\/wp-json\/wp\/v2\/tags?post=257"}],"curies":[{"name":"wp","href":"https:\/\/api.w.org\/{rel}","templated":true}]}}