{"id":261,"date":"2020-02-17T16:25:48","date_gmt":"2020-02-17T16:25:48","guid":{"rendered":"https:\/\/www.upo.es\/patio-colorado\/?p=261"},"modified":"2020-04-19T08:36:40","modified_gmt":"2020-04-19T08:36:40","slug":"la-restauracion-del-retablo-del-santuario-de-consolacion-se-acerca-al-70-del-total","status":"publish","type":"post","link":"https:\/\/www.upo.es\/patio-colorado\/2020\/02\/17\/la-restauracion-del-retablo-del-santuario-de-consolacion-se-acerca-al-70-del-total\/","title":{"rendered":"La restauraci\u00f3n del retablo del Santuario de Consolaci\u00f3n se acerca al 70% del total"},"content":{"rendered":"<p>Finalmente se han alcanzado los seis meses de trabajos de restauraci\u00f3n y conservaci\u00f3n del gran retablo del <strong>Santuario de la Virgen de Consolaci\u00f3n de Utrera<\/strong>, y el equipo, cuyo director es Juan Manuel Mac\u00edas, ha facilitado una visita a las obras de restauraci\u00f3n para que quede constancia de lo avanzado del proceso a finales del mes de enero.<\/p>\n<p>El retablo, realizado en el <strong>siglo XVIII<\/strong>, destaca por su gran tama\u00f1o y la gran dificultad con la que trabaja el equipo de restauraci\u00f3n. La actual Ley de Patrimonio Hist\u00f3rico obliga al equipo a no reintegrar los elementos hist\u00f3rico-art\u00edsticos porque se podr\u00eda entrar en un \u201cfalso hist\u00f3rico\u201d, lo que hace que lo que se reintegre pueda ser diferenciado del original. As\u00ed, se ha procedido a eliminar los repintes que ha sufrido el retablo con anterioridad ante la p\u00e9rdida del dorado en los que se hab\u00edan utilizado purpurinas u ocres, y se ha usado la micra como material sustitutivo, pues tiene un pigmento dorado que desde la distancia es casi id\u00e9ntico al dorado original.<\/p>\n<p>Tambi\u00e9n las molduras o piezas de las esculturas que se han de recuperar se hacen un pl\u00e1stico mediante una impresora 3D. Algunas de las esculturas se han tenido que desmontar casi enteras para conseguir una conservaci\u00f3n optima de las mismas.A esto se a\u00f1ade la restauraci\u00f3n de la cubierta que esta sobre el retablo, realizada en madera. Est\u00e1 en plena fase de limpieza y cuando se acabe de limpiar se fijara y consolidar\u00e1 la madera, y una vez consolidada se reintegrar\u00e1 el color. Para limpiar la policrom\u00eda que hay en la cubierta sobre la misma superficie y entre el artesonado de la madera se ha tenido que utilizar una maquina l\u00e1ser, pues era tan delicado que si se limpiara con pinceles no solo se quitar\u00eda el polvo, sino tambi\u00e9n los pigmentos.<\/p>\n<p>El responsable del proyecto, Juan Aguilar, durante la visita reconoci\u00f3 que \u201ces el retablo m\u00e1s complejo de toda Andaluc\u00eda, con una gran dificultad tanto en la intervenci\u00f3n de la estructura como de la policrom\u00eda\u201d y a\u00f1ade que el avance de los trabajos se acerca al 70%, y aunque van algo avanzados, prefieren ir con cautela y respetar la fecha dispuesta en el inicio de la intervenci\u00f3n para la finalizaci\u00f3n de esta, que ser\u00eda en el mes de junio de este mismo a\u00f1o. Adem\u00e1s, como curiosidades, se han encontrado una peque\u00f1a hacha de s\u00edlex del neol\u00edtico y una p\u00e1gina de un peri\u00f3dico cuya fecha es de 1912, y la noticia que contiene narra la muerte de un pintor de la localidad.<\/p>\n<p>El v\u00eddeo en el que Juan Aguilar realiza la visita contestando a preguntas de los medios de comunicaci\u00f3n es propiedad de<strong> UtreraWeb<\/strong>, que public\u00f3 este y una noticia al respecto el 27 de enero de 2020.<\/p>\n<p><iframe loading=\"lazy\" title=\"RESTAURACI\u00d3N DEL ALTAR MAYOR SANTUARIO DE CONSOLACI\u00d3N UTRERA\" width=\"1600\" height=\"900\" src=\"https:\/\/www.youtube.com\/embed\/flMy1yM6IjI?feature=oembed\" frameborder=\"0\" allow=\"accelerometer; autoplay; clipboard-write; encrypted-media; gyroscope; picture-in-picture; web-share\" referrerpolicy=\"strict-origin-when-cross-origin\" allowfullscreen><\/iframe><\/p>\n","protected":false},"excerpt":{"rendered":"<p>Finalmente se han alcanzado los seis meses de trabajos de restauraci\u00f3n y conservaci\u00f3n del gran retablo del Santuario de la Virgen de Consolaci\u00f3n de Utrera, y el equipo, cuyo director es Juan Manuel Mac\u00edas, ha facilitado una visita a las obras de restauraci\u00f3n para que quede constancia de lo avanzado del proceso a finales del [&hellip;]<\/p>\n","protected":false},"author":4,"featured_media":269,"comment_status":"open","ping_status":"open","sticky":false,"template":"","format":"standard","meta":{"_acf_changed":false,"_monsterinsights_skip_tracking":false,"_monsterinsights_sitenote_active":false,"_monsterinsights_sitenote_note":"","_monsterinsights_sitenote_category":0,"footnotes":""},"categories":[24],"tags":[19,18,20,21,17],"class_list":["post-261","post","type-post","status-publish","format-standard","has-post-thumbnail","hentry","category-conservacion-y-restauracion","tag-conservacion","tag-restauracion","tag-retablo","tag-siglo-xviii","tag-utrera"],"blocksy_meta":[],"acf":[],"jetpack_featured_media_url":"https:\/\/www.upo.es\/patio-colorado\/wp-content\/uploads\/2020\/02\/visita-retablo-consolacion-9.jpg","_links":{"self":[{"href":"https:\/\/www.upo.es\/patio-colorado\/wp-json\/wp\/v2\/posts\/261","targetHints":{"allow":["GET"]}}],"collection":[{"href":"https:\/\/www.upo.es\/patio-colorado\/wp-json\/wp\/v2\/posts"}],"about":[{"href":"https:\/\/www.upo.es\/patio-colorado\/wp-json\/wp\/v2\/types\/post"}],"author":[{"embeddable":true,"href":"https:\/\/www.upo.es\/patio-colorado\/wp-json\/wp\/v2\/users\/4"}],"replies":[{"embeddable":true,"href":"https:\/\/www.upo.es\/patio-colorado\/wp-json\/wp\/v2\/comments?post=261"}],"version-history":[{"count":4,"href":"https:\/\/www.upo.es\/patio-colorado\/wp-json\/wp\/v2\/posts\/261\/revisions"}],"predecessor-version":[{"id":423,"href":"https:\/\/www.upo.es\/patio-colorado\/wp-json\/wp\/v2\/posts\/261\/revisions\/423"}],"wp:featuredmedia":[{"embeddable":true,"href":"https:\/\/www.upo.es\/patio-colorado\/wp-json\/wp\/v2\/media\/269"}],"wp:attachment":[{"href":"https:\/\/www.upo.es\/patio-colorado\/wp-json\/wp\/v2\/media?parent=261"}],"wp:term":[{"taxonomy":"category","embeddable":true,"href":"https:\/\/www.upo.es\/patio-colorado\/wp-json\/wp\/v2\/categories?post=261"},{"taxonomy":"post_tag","embeddable":true,"href":"https:\/\/www.upo.es\/patio-colorado\/wp-json\/wp\/v2\/tags?post=261"}],"curies":[{"name":"wp","href":"https:\/\/api.w.org\/{rel}","templated":true}]}}