{"id":2634,"date":"2021-05-07T10:16:54","date_gmt":"2021-05-07T10:16:54","guid":{"rendered":"https:\/\/www.upo.es\/patio-colorado\/?p=2634"},"modified":"2021-05-08T07:58:52","modified_gmt":"2021-05-08T07:58:52","slug":"el-arte-alfarero-en-la-ciudad-de-sevilla","status":"publish","type":"post","link":"https:\/\/www.upo.es\/patio-colorado\/2021\/05\/07\/el-arte-alfarero-en-la-ciudad-de-sevilla\/","title":{"rendered":"El arte alfarero en la ciudad de Sevilla"},"content":{"rendered":"<p>En la ciudad de Sevilla podemos encontrar a trav\u00e9s de sus calles puro arte en forma de cer\u00e1mica. En los nombres de las calles, en carteles, tiendas o incluso en monumentos est\u00e1n la alfarer\u00eda y la cer\u00e1mica presentes en nuestra ciudad. La realidad es que el arte alfarero tiene una larga tradici\u00f3n en la ciudad hispalense que arranca en la \u00e9poca isl\u00e1mica y perdura hasta nuestros d\u00edas.\u00a0 \u00a0 \u00a0 \u00a0 \u00a0 \u00a0 \u00a0 \u00a0 \u00a0 \u00a0 \u00a0 \u00a0 \u00a0 \u00a0 \u00a0 \u00a0 \u00a0 \u00a0 \u00a0 \u00a0 \u00a0 \u00a0 \u00a0 \u00a0 \u00a0 \u00a0 \u00a0 \u00a0 \u00a0 \u00a0 \u00a0 \u00a0 \u00a0 \u00a0 \u00a0 \u00a0 \u00a0 \u00a0 \u00a0 \u00a0 \u00a0 \u00a0 \u00a0 \u00a0 \u00a0 \u00a0 \u00a0 \u00a0 \u00a0 \u00a0 \u00a0 \u00a0 \u00a0 \u00a0 \u00a0 \u00a0 \u00a0 \u00a0 \u00a0 \u00a0 \u00a0 \u00a0 \u00a0 \u00a0 \u00a0 \u00a0 \u00a0 \u00a0 \u00a0 \u00a0 \u00a0 \u00a0 \u00a0 \u00a0 \u00a0 \u00a0 \u00a0 \u00a0 \u00a0 \u00a0 \u00a0 \u00a0 \u00a0 \u00a0 \u00a0 \u00a0 \u00a0 \u00a0 \u00a0 \u00a0 \u00a0 \u00a0 \u00a0 \u00a0 \u00a0 \u00a0 \u00a0 \u00a0 \u00a0 \u00a0 \u00a0 <img loading=\"lazy\" decoding=\"async\" class=\"alignnone wp-image-2635 size-medium\" src=\"https:\/\/www.upo.es\/patio-colorado\/wp-content\/uploads\/2021\/05\/calle-ceramica-300x186.jpg\" alt=\"\" width=\"300\" height=\"186\" srcset=\"https:\/\/www.upo.es\/patio-colorado\/wp-content\/uploads\/2021\/05\/calle-ceramica-300x186.jpg 300w, https:\/\/www.upo.es\/patio-colorado\/wp-content\/uploads\/2021\/05\/calle-ceramica-1024x634.jpg 1024w, https:\/\/www.upo.es\/patio-colorado\/wp-content\/uploads\/2021\/05\/calle-ceramica-768x476.jpg 768w, https:\/\/www.upo.es\/patio-colorado\/wp-content\/uploads\/2021\/05\/calle-ceramica.jpg 1030w\" sizes=\"auto, (max-width: 300px) 100vw, 300px\" \/> <img loading=\"lazy\" decoding=\"async\" class=\"alignnone wp-image-2636\" src=\"https:\/\/www.upo.es\/patio-colorado\/wp-content\/uploads\/2021\/05\/cartel-ceramica-300x175.jpg\" alt=\"\" width=\"317\" height=\"185\" srcset=\"https:\/\/www.upo.es\/patio-colorado\/wp-content\/uploads\/2021\/05\/cartel-ceramica-300x175.jpg 300w, https:\/\/www.upo.es\/patio-colorado\/wp-content\/uploads\/2021\/05\/cartel-ceramica-1024x597.jpg 1024w, https:\/\/www.upo.es\/patio-colorado\/wp-content\/uploads\/2021\/05\/cartel-ceramica-768x447.jpg 768w, https:\/\/www.upo.es\/patio-colorado\/wp-content\/uploads\/2021\/05\/cartel-ceramica.jpg 1030w\" sizes=\"auto, (max-width: 317px) 100vw, 317px\" \/><\/p>\n<p>El coraz\u00f3n de la producci\u00f3n de cer\u00e1micas se encontraba en el barrio de Triana, concretamente en la calle Alfarer\u00eda donde se situaron las diversas f\u00e1bricas en los inicios de la actividad en la ciudad. Los primeros restos de producci\u00f3n alfarera datan de \u00e9poca almohade, aunque quiz\u00e1s ya existiera de antes pues las santas Justa y Rufina eran conocidas por ejercer esta profesi\u00f3n. El auge total del sector se producir\u00eda en el siglo XV, momento en el que la cer\u00e1mica se comenzar\u00eda a utilizar en la ornamentaci\u00f3n y construcci\u00f3n de los edificios palaciegos. Un ejemplo claro de estos palacios del siglo XV es el <a href=\"https:\/\/palaciodelebrija.com\/\">Palacio de la la Condesa de Lebrija<\/a>, que cuenta con una de las colecciones de mosaicos m\u00e1s grandes del mundo.<\/p>\n<figure id=\"attachment_2637\" aria-describedby=\"caption-attachment-2637\" style=\"width: 400px\" class=\"wp-caption aligncenter\"><img loading=\"lazy\" decoding=\"async\" class=\"wp-image-2637\" src=\"https:\/\/www.upo.es\/patio-colorado\/wp-content\/uploads\/2021\/05\/palacio-de-la-condesa-de-lebrija-300x175.jpg\" alt=\"\" width=\"400\" height=\"233\" srcset=\"https:\/\/www.upo.es\/patio-colorado\/wp-content\/uploads\/2021\/05\/palacio-de-la-condesa-de-lebrija-300x175.jpg 300w, https:\/\/www.upo.es\/patio-colorado\/wp-content\/uploads\/2021\/05\/palacio-de-la-condesa-de-lebrija-1024x597.jpg 1024w, https:\/\/www.upo.es\/patio-colorado\/wp-content\/uploads\/2021\/05\/palacio-de-la-condesa-de-lebrija-768x447.jpg 768w, https:\/\/www.upo.es\/patio-colorado\/wp-content\/uploads\/2021\/05\/palacio-de-la-condesa-de-lebrija.jpg 1030w\" sizes=\"auto, (max-width: 400px) 100vw, 400px\" \/><figcaption id=\"caption-attachment-2637\" class=\"wp-caption-text\">Palacio de la Condesa de Lebrija. Fuente: Sevilla Secreta.<\/figcaption><\/figure>\n<p>La elecci\u00f3n de Triana como centro de producci\u00f3n no fue aleatorio. El barrio se encontraba cerca del r\u00edo, que se constitu\u00eda como el principal proveedor de materia prima para este sector: arcilla y agua. Adem\u00e1s, la situaci\u00f3n ribere\u00f1a favorec\u00eda el transporte de mercanc\u00edas y permit\u00eda a los fabricantes mover f\u00e1cilmente sus mercanc\u00edas. Adem\u00e1s, esta zona de la ciudad estaba en una situaci\u00f3n perif\u00e9rica con respecto al n\u00facleo urbano de la ciudad. Debemos tener en cuenta que los hornos desprend\u00edan humo que no gustaba a la poblaci\u00f3n, por lo que necesitaba de una ubicaci\u00f3n alejada de la misma. A esto debemos sumarle que durante los primeros a\u00f1os de producci\u00f3n de la cer\u00e1mica el barrio estaba muy despoblado, lo que favorec\u00eda alas f\u00e1bricas que necesitaban de una gran superficie. En el siglo XV se hab\u00eda producido un aumento de la producci\u00f3n, aunque la consolidaci\u00f3n definitiva se producir\u00eda en el siglo XIX con la F\u00e1brica de Pickman en La Cartuja (1841). La f\u00e1brica fue trasladada a la localidad de Salteras y est\u00e1 hoy especializada en la producci\u00f3n de loza de loza fina. El edificio original ubicado en la Cartuja se configura hoy como un <a href=\"https:\/\/www.andalucia.org\/es\/salteras-turismo-cultural-museo-de-ceramica-de-la-cartuja-pickman\/\">Museo de Cer\u00e1mica<\/a>.<\/p>\n<p>Toda esa gran producci\u00f3n alfarera acabar\u00eda desapareciendo de Triana, cuando el 1975 el Ayuntamiento expropi\u00f3 el terreno y en 1978 se construyera lo que hoy se conoce como el Mercado de Triana. Sin embargo, a pesar de los a\u00f1os todav\u00eda se conservan restos de la alfarer\u00eda alrededor de toda la ciudad y en museos especializados en transmitir todo este conocimiento como es el caso del <a href=\"https:\/\/www.visitasevilla.es\/mas-lugares-de-interes\/centro-ceramica-triana\">Centro Cer\u00e1mica de Triana<\/a>.<\/p>\n<figure id=\"attachment_2640\" aria-describedby=\"caption-attachment-2640\" style=\"width: 400px\" class=\"wp-caption aligncenter\"><img loading=\"lazy\" decoding=\"async\" class=\"wp-image-2640\" src=\"https:\/\/www.upo.es\/patio-colorado\/wp-content\/uploads\/2021\/05\/descarga-300x160.jpg\" alt=\"\" width=\"400\" height=\"214\" srcset=\"https:\/\/www.upo.es\/patio-colorado\/wp-content\/uploads\/2021\/05\/descarga-300x160.jpg 300w, https:\/\/www.upo.es\/patio-colorado\/wp-content\/uploads\/2021\/05\/descarga.jpg 307w\" sizes=\"auto, (max-width: 400px) 100vw, 400px\" \/><figcaption id=\"caption-attachment-2640\" class=\"wp-caption-text\">Centro Cer\u00e1mica Triana. Fuente: <a href=\"https:\/\/www.visitasevilla.es\/mas-lugares-de-interes\/centro-ceramica-triana\">visitasevilla.es<\/a><\/figcaption><\/figure>\n<p>Tambi\u00e9n se observan en Triana preciosos homenajes como el Monumento a la Sole\u00e1 en reconocimiento a los alfareros y ceramistas y al cante por sole\u00e1 de Triana. En este se representa en la parte de arriba un horno de cer\u00e1mica y un ni\u00f1o desnudo que simboliza la creatividad.<\/p>\n<p><img loading=\"lazy\" decoding=\"async\" class=\"alignnone wp-image-2641\" src=\"https:\/\/www.upo.es\/patio-colorado\/wp-content\/uploads\/2021\/05\/solea.jpg\" alt=\"\" width=\"237\" height=\"317\" \/> <img loading=\"lazy\" decoding=\"async\" class=\"alignnone wp-image-2642\" src=\"https:\/\/www.upo.es\/patio-colorado\/wp-content\/uploads\/2021\/05\/solea2-254x300.png\" alt=\"\" width=\"265\" height=\"313\" srcset=\"https:\/\/www.upo.es\/patio-colorado\/wp-content\/uploads\/2021\/05\/solea2-254x300.png 254w, https:\/\/www.upo.es\/patio-colorado\/wp-content\/uploads\/2021\/05\/solea2.png 537w\" sizes=\"auto, (max-width: 265px) 100vw, 265px\" \/><\/p>\n<p>Como hemos dicho la historia est\u00e1 viva y si pase\u00e1is por Triana ver\u00e9is en las calles y patios la producci\u00f3n alfarera m\u00e1s viva que nunca. Tambi\u00e9n existen en Sevilla exposiciones, talleres y aulas que dan a conocer este arte. A parte de los museos de la Cartuja y Triana encontramos otros como el Mercado del Postigo, donde hasta veinte talleres muestran sus obras o <a href=\"https:\/\/www.barroazul.es\/\">Barro Azul<\/a> quienes ense\u00f1an a familias, empresas o turistas las t\u00e9cnicas necesarias para crear las piezas de cer\u00e1mica y c\u00f3mo decorarlas.<\/p>\n<p>Como pod\u00e9is ver el arte alfarero sigue vivo en las calles de Sevilla y las posibilidades para poder vivirlo son infinitas.<\/p>\n<hr \/>\n<p>FUENTES<\/p>\n<ul>\n<li><a href=\"https:\/\/www.visitasevilla.es\/historia\/ceramica\">https:\/\/www.visitasevilla.es\/historia\/ceramica<\/a><\/li>\n<li><a href=\"https:\/\/sevillasecreta.co\/azulejos-sevilla-arte-alfarero\/\">https:\/\/sevillasecreta.co\/azulejos-sevilla-arte-alfarero\/<\/a><\/li>\n<li><a href=\"https:\/\/sevilla.abc.es\/ocio\/sevi-sevilla-artesanos-201910050847_noticia.html\">https:\/\/sevilla.abc.es\/ocio\/sevi-sevilla-artesanos-201910050847_noticia.html<\/a><\/li>\n<\/ul>\n","protected":false},"excerpt":{"rendered":"<p>En la ciudad de Sevilla podemos encontrar a trav\u00e9s de sus calles puro arte en forma de cer\u00e1mica. En los nombres de las calles, en carteles, tiendas o incluso en monumentos est\u00e1n la alfarer\u00eda y la cer\u00e1mica presentes en nuestra ciudad. La realidad es que el arte alfarero tiene una larga tradici\u00f3n en la ciudad [&hellip;]<\/p>\n","protected":false},"author":53,"featured_media":2636,"comment_status":"open","ping_status":"open","sticky":false,"template":"","format":"standard","meta":{"_acf_changed":false,"_monsterinsights_skip_tracking":false,"_monsterinsights_sitenote_active":false,"_monsterinsights_sitenote_note":"","_monsterinsights_sitenote_category":0,"footnotes":""},"categories":[1,26,23,309,301],"tags":[],"class_list":["post-2634","post","type-post","status-publish","format-standard","has-post-thumbnail","hentry","category-sin-categoria","category-gastronomia-artesania","category-patrimonio-vivo","category-provincias","category-sevilla"],"blocksy_meta":[],"acf":[],"jetpack_featured_media_url":"https:\/\/www.upo.es\/patio-colorado\/wp-content\/uploads\/2021\/05\/cartel-ceramica.jpg","_links":{"self":[{"href":"https:\/\/www.upo.es\/patio-colorado\/wp-json\/wp\/v2\/posts\/2634","targetHints":{"allow":["GET"]}}],"collection":[{"href":"https:\/\/www.upo.es\/patio-colorado\/wp-json\/wp\/v2\/posts"}],"about":[{"href":"https:\/\/www.upo.es\/patio-colorado\/wp-json\/wp\/v2\/types\/post"}],"author":[{"embeddable":true,"href":"https:\/\/www.upo.es\/patio-colorado\/wp-json\/wp\/v2\/users\/53"}],"replies":[{"embeddable":true,"href":"https:\/\/www.upo.es\/patio-colorado\/wp-json\/wp\/v2\/comments?post=2634"}],"version-history":[{"count":4,"href":"https:\/\/www.upo.es\/patio-colorado\/wp-json\/wp\/v2\/posts\/2634\/revisions"}],"predecessor-version":[{"id":2668,"href":"https:\/\/www.upo.es\/patio-colorado\/wp-json\/wp\/v2\/posts\/2634\/revisions\/2668"}],"wp:featuredmedia":[{"embeddable":true,"href":"https:\/\/www.upo.es\/patio-colorado\/wp-json\/wp\/v2\/media\/2636"}],"wp:attachment":[{"href":"https:\/\/www.upo.es\/patio-colorado\/wp-json\/wp\/v2\/media?parent=2634"}],"wp:term":[{"taxonomy":"category","embeddable":true,"href":"https:\/\/www.upo.es\/patio-colorado\/wp-json\/wp\/v2\/categories?post=2634"},{"taxonomy":"post_tag","embeddable":true,"href":"https:\/\/www.upo.es\/patio-colorado\/wp-json\/wp\/v2\/tags?post=2634"}],"curies":[{"name":"wp","href":"https:\/\/api.w.org\/{rel}","templated":true}]}}