{"id":271,"date":"2020-02-18T16:54:49","date_gmt":"2020-02-18T16:54:49","guid":{"rendered":"https:\/\/www.upo.es\/patio-colorado\/?p=271"},"modified":"2020-02-22T15:08:24","modified_gmt":"2020-02-22T15:08:24","slug":"patrimonio-pide-extremar-las-medidas-en-el-via-crucis-del-aljarafe-en-italica-por-su-creciente-envergadura","status":"publish","type":"post","link":"https:\/\/www.upo.es\/patio-colorado\/2020\/02\/18\/patrimonio-pide-extremar-las-medidas-en-el-via-crucis-del-aljarafe-en-italica-por-su-creciente-envergadura\/","title":{"rendered":"Patrimonio pide \u00abextremar las medidas\u00bb en el V\u00eda Crucis del Aljarafe en It\u00e1lica por su creciente \u00abenvergadura\u00bb"},"content":{"rendered":"<p>El informe presentado por la Comisi\u00f3n Provincial de Patrimonio Hist\u00f3rico se ha mostrado<br \/>\na la celebraci\u00f3n del V\u00eda Crucis 2020 de Aljarafe en el conjunto arqueol\u00f3gico de It\u00e1lica<br \/>\nsituado en Santiponce, pero avisando de que se deber\u00e1n extremar las medidas de<br \/>\nseguridad.<br \/>\nEl acuerdo, quehab\u00eda sido presentado el pasado 29 de enero ha recibido un apoyo un\u00e1nime<br \/>\npor parte de todos los miembros del \u00f3rgano, pero con la demanda de reforzar la seguridad.<br \/>\nCon esta noticia, It\u00e1lica ve reforzado su propuesta de convertirse en Patrimonio Mundial<br \/>\npor la UNESCO, propuesta que sali\u00f3 a la luz por primera vez en el verano de 2014<br \/>\nteniendo como fundamento el papel que hab\u00eda jugado como ensayo del proyecto pol\u00edtico<br \/>\nde la Antigua Roma. Pero, tras unos a\u00f1os de atasco, la candidatura se hab\u00eda lanzado en<br \/>\njunio de 2017 y en octubre de 2018 el Consejo de Patrimonio dio luz verde a la posibilidad<br \/>\nde incluir los monumentos de It\u00e1lica como Patrimonio Mundial.<\/p>\n<p>Fuente: Europa Press Andaluc\u00eda, Sevilla.<\/p>\n<p>&nbsp;<\/p>\n","protected":false},"excerpt":{"rendered":"<p>El informe presentado por la Comisi\u00f3n Provincial de Patrimonio Hist\u00f3rico se ha mostrado a la celebraci\u00f3n del V\u00eda Crucis 2020 de Aljarafe en el conjunto arqueol\u00f3gico de It\u00e1lica situado en Santiponce, pero avisando de que se deber\u00e1n extremar las medidas de seguridad. El acuerdo, quehab\u00eda sido presentado el pasado 29 de enero ha recibido un [&hellip;]<\/p>\n","protected":false},"author":7,"featured_media":314,"comment_status":"open","ping_status":"open","sticky":false,"template":"","format":"standard","meta":{"_acf_changed":false,"_monsterinsights_skip_tracking":false,"_monsterinsights_sitenote_active":false,"_monsterinsights_sitenote_note":"","_monsterinsights_sitenote_category":0,"footnotes":""},"categories":[24],"tags":[],"class_list":["post-271","post","type-post","status-publish","format-standard","has-post-thumbnail","hentry","category-conservacion-y-restauracion"],"blocksy_meta":[],"acf":[],"jetpack_featured_media_url":"https:\/\/www.upo.es\/patio-colorado\/wp-content\/uploads\/2020\/02\/FOSO-ANFITEATRO-ITALICA-1.jpg","_links":{"self":[{"href":"https:\/\/www.upo.es\/patio-colorado\/wp-json\/wp\/v2\/posts\/271","targetHints":{"allow":["GET"]}}],"collection":[{"href":"https:\/\/www.upo.es\/patio-colorado\/wp-json\/wp\/v2\/posts"}],"about":[{"href":"https:\/\/www.upo.es\/patio-colorado\/wp-json\/wp\/v2\/types\/post"}],"author":[{"embeddable":true,"href":"https:\/\/www.upo.es\/patio-colorado\/wp-json\/wp\/v2\/users\/7"}],"replies":[{"embeddable":true,"href":"https:\/\/www.upo.es\/patio-colorado\/wp-json\/wp\/v2\/comments?post=271"}],"version-history":[{"count":2,"href":"https:\/\/www.upo.es\/patio-colorado\/wp-json\/wp\/v2\/posts\/271\/revisions"}],"predecessor-version":[{"id":315,"href":"https:\/\/www.upo.es\/patio-colorado\/wp-json\/wp\/v2\/posts\/271\/revisions\/315"}],"wp:featuredmedia":[{"embeddable":true,"href":"https:\/\/www.upo.es\/patio-colorado\/wp-json\/wp\/v2\/media\/314"}],"wp:attachment":[{"href":"https:\/\/www.upo.es\/patio-colorado\/wp-json\/wp\/v2\/media?parent=271"}],"wp:term":[{"taxonomy":"category","embeddable":true,"href":"https:\/\/www.upo.es\/patio-colorado\/wp-json\/wp\/v2\/categories?post=271"},{"taxonomy":"post_tag","embeddable":true,"href":"https:\/\/www.upo.es\/patio-colorado\/wp-json\/wp\/v2\/tags?post=271"}],"curies":[{"name":"wp","href":"https:\/\/api.w.org\/{rel}","templated":true}]}}