{"id":2829,"date":"2021-05-21T10:31:16","date_gmt":"2021-05-21T10:31:16","guid":{"rendered":"https:\/\/www.upo.es\/patio-colorado\/?p=2829"},"modified":"2021-05-21T10:31:16","modified_gmt":"2021-05-21T10:31:16","slug":"conjuntos-monumentales-renacentistas-de-ubeda-y-baeza","status":"publish","type":"post","link":"https:\/\/www.upo.es\/patio-colorado\/2021\/05\/21\/conjuntos-monumentales-renacentistas-de-ubeda-y-baeza\/","title":{"rendered":"Conjuntos Monumentales Renacentistas de \u00dabeda y Baeza"},"content":{"rendered":"<p>Los conjuntos monumentales renacentistas de \u00dabeda y Baeza fueron declarados Patrimonio de la Humanidad por la UNESCO el 23 de julio de 2003. Ambos perteneces a la comarca de la Loma, situada en el centro de la provincia de Ja\u00e9n y enmarcada entre sierras y los r\u00edos Guadalquivir y Guadalimar. Est\u00e1n separadas solo por 9 km y es una visita obligatoria en esta provincia.<\/p>\n<p>Ambos centros hist\u00f3ricos son muy comparables, tanto en arquitectura, como en historia y extensi\u00f3n. Conservan importantes muestras del pasado hispano-musulm\u00e1n y de las ciudades medievales cristinas. Por ello, en sus cascos hist\u00f3ricos se encuentras significativos recintos amurallados e importantes reformas renacentistas que conformaron su imagen actual. Hist\u00f3ricamente, tanto \u00dabeda como Baeza mantuvieron durante tres siglos la condici\u00f3n de espacio fronterizo, especialmente como frontera cristiana con el Reino de Granada.<\/p>\n<p>El siglo de esplendor de ambas ciudades fue el XVI, momento en el que lograron su mayor singularidad y desarrollo. Aunque comparten un pasado similar, cada uno de estos enclaves presenta sus propias particularidades, siempre enmarcadas en el ambiente renacentista. Mientras en Baeza se desarrolla una importante y considerable arquitectura civil y religiosa, \u00dabeda destaca por sus palacios nobles que muestran el poder y la riqueza de sus propietarios. Fue Andr\u00e9s de Vandelvira el principal arquitecto de este enclave dual y el especialista que ofreci\u00f3 a estas ciudades su valor patrimonial actual, dominando el arte de la Estereotom\u00eda (el arte del corte de la piedra).<\/p>\n<p>Por un lado, en \u00dabeda destaca la Plaza V\u00e1zquez de Molina y su entorno. Estos conforman un espacio urbano unitario y un escenario entorno al cual se disponen los principales monumentos religiosos de la ciudad: la Sacra Capilla del Salvador y la iglesia de Santa Mar\u00eda de los Reales Alc\u00e1zares. Entre los edificios civiles destacan los palacios del De\u00e1n Ortega, del Marqu\u00e9s de Mancera o de V\u00e1zquez de Molina, actual sede del ayuntamiento.<\/p>\n<figure id=\"attachment_2830\" aria-describedby=\"caption-attachment-2830\" style=\"width: 467px\" class=\"wp-caption aligncenter\"><img loading=\"lazy\" decoding=\"async\" class=\"wp-image-2830\" src=\"https:\/\/www.upo.es\/patio-colorado\/wp-content\/uploads\/2021\/05\/Imagen1-2-300x199.jpg\" alt=\"Imagen de la plaza V\u00e1zquez de Molina y su entorno (\u00dabeda)\" width=\"467\" height=\"310\" srcset=\"https:\/\/www.upo.es\/patio-colorado\/wp-content\/uploads\/2021\/05\/Imagen1-2-300x199.jpg 300w, https:\/\/www.upo.es\/patio-colorado\/wp-content\/uploads\/2021\/05\/Imagen1-2.jpg 500w\" sizes=\"auto, (max-width: 467px) 100vw, 467px\" \/><figcaption id=\"caption-attachment-2830\" class=\"wp-caption-text\">Plaza V\u00e1zquez de Molina y su entorno (\u00dabeda)<\/figcaption><\/figure>\n<p>Por otro lado, en Baeza destaca el eje espacial renacentista integrado por la Catedral y la Plaza de Santa Mar\u00eda, con los edificios universitarios, el antiguo Seminario y el antiguo Colegio de los Jesuitas. Asimismo, cabe resaltas la fachada plateresca del ayuntamiento, que corresponde con la antigua c\u00e1rcel del siglo XVI, y la plaza del P\u00f3pulo de los Leones, donde se sit\u00faa el convento de San Francisco. Por supuesto, vuelven a sorprender en esta ciudad sus nobles conjuntos palaciegos como el de Jabalquinto, cuya fachada muestra un estilo g\u00f3tico flam\u00edgero.<\/p>\n<figure id=\"attachment_2831\" aria-describedby=\"caption-attachment-2831\" style=\"width: 589px\" class=\"wp-caption aligncenter\"><img loading=\"lazy\" decoding=\"async\" class=\"wp-image-2831\" src=\"https:\/\/www.upo.es\/patio-colorado\/wp-content\/uploads\/2021\/05\/Imagen2-2-300x169.jpg\" alt=\"Imagen de la plaza de Santa Mar\u00eda y su entorno (Baeza)\" width=\"589\" height=\"332\" srcset=\"https:\/\/www.upo.es\/patio-colorado\/wp-content\/uploads\/2021\/05\/Imagen2-2-300x169.jpg 300w, https:\/\/www.upo.es\/patio-colorado\/wp-content\/uploads\/2021\/05\/Imagen2-2.jpg 550w\" sizes=\"auto, (max-width: 589px) 100vw, 589px\" \/><figcaption id=\"caption-attachment-2831\" class=\"wp-caption-text\">Plaza de Santa Mar\u00eda y su entorno (Baeza)<\/figcaption><\/figure>\n<p>Estas son dos ciudades andaluzas que sin duda merece la pena visitar y, por supuesto, son numerosas las visitas guiadas y los free tour que el Ayuntamiento de la ciudad o los particulares ofrecen para turistas interesados en profundizar en la historia y particularidades de estas ciudades. No solo la UNESCO, sino la Junta de Andaluc\u00eda y todas las personas que lo visitan aseguran que es un viaje obligatorio para cualquier turista que visite la provincia de Ja\u00e9n.<\/p>\n","protected":false},"excerpt":{"rendered":"<p>Los conjuntos monumentales renacentistas de \u00dabeda y Baeza fueron declarados Patrimonio de la Humanidad por la UNESCO el 23 de julio de 2003. Ambos perteneces a la comarca de la Loma, situada en el centro de la provincia de Ja\u00e9n y enmarcada entre sierras y los r\u00edos Guadalquivir y Guadalimar. Est\u00e1n separadas solo por 9 [&hellip;]<\/p>\n","protected":false},"author":58,"featured_media":2831,"comment_status":"open","ping_status":"open","sticky":false,"template":"","format":"standard","meta":{"_acf_changed":false,"_monsterinsights_skip_tracking":false,"_monsterinsights_sitenote_active":false,"_monsterinsights_sitenote_note":"","_monsterinsights_sitenote_category":0,"footnotes":""},"categories":[166,306,170],"tags":[],"class_list":["post-2829","post","type-post","status-publish","format-standard","has-post-thumbnail","hentry","category-historia-arqueologia","category-jaen","category-monumentos-y-turismo"],"blocksy_meta":[],"acf":[],"jetpack_featured_media_url":"https:\/\/www.upo.es\/patio-colorado\/wp-content\/uploads\/2021\/05\/Imagen2-2.jpg","_links":{"self":[{"href":"https:\/\/www.upo.es\/patio-colorado\/wp-json\/wp\/v2\/posts\/2829","targetHints":{"allow":["GET"]}}],"collection":[{"href":"https:\/\/www.upo.es\/patio-colorado\/wp-json\/wp\/v2\/posts"}],"about":[{"href":"https:\/\/www.upo.es\/patio-colorado\/wp-json\/wp\/v2\/types\/post"}],"author":[{"embeddable":true,"href":"https:\/\/www.upo.es\/patio-colorado\/wp-json\/wp\/v2\/users\/58"}],"replies":[{"embeddable":true,"href":"https:\/\/www.upo.es\/patio-colorado\/wp-json\/wp\/v2\/comments?post=2829"}],"version-history":[{"count":1,"href":"https:\/\/www.upo.es\/patio-colorado\/wp-json\/wp\/v2\/posts\/2829\/revisions"}],"predecessor-version":[{"id":2832,"href":"https:\/\/www.upo.es\/patio-colorado\/wp-json\/wp\/v2\/posts\/2829\/revisions\/2832"}],"wp:featuredmedia":[{"embeddable":true,"href":"https:\/\/www.upo.es\/patio-colorado\/wp-json\/wp\/v2\/media\/2831"}],"wp:attachment":[{"href":"https:\/\/www.upo.es\/patio-colorado\/wp-json\/wp\/v2\/media?parent=2829"}],"wp:term":[{"taxonomy":"category","embeddable":true,"href":"https:\/\/www.upo.es\/patio-colorado\/wp-json\/wp\/v2\/categories?post=2829"},{"taxonomy":"post_tag","embeddable":true,"href":"https:\/\/www.upo.es\/patio-colorado\/wp-json\/wp\/v2\/tags?post=2829"}],"curies":[{"name":"wp","href":"https:\/\/api.w.org\/{rel}","templated":true}]}}