{"id":2857,"date":"2021-05-21T12:52:25","date_gmt":"2021-05-21T12:52:25","guid":{"rendered":"https:\/\/www.upo.es\/patio-colorado\/?p=2857"},"modified":"2021-05-22T15:54:29","modified_gmt":"2021-05-22T15:54:29","slug":"alba-reche-deslumbra-en-su-acustico-para-canal-fiesta","status":"publish","type":"post","link":"https:\/\/www.upo.es\/patio-colorado\/2021\/05\/21\/alba-reche-deslumbra-en-su-acustico-para-canal-fiesta\/","title":{"rendered":"Alba Reche deslumbra en su ac\u00fastico para Canal Fiesta"},"content":{"rendered":"<p>El pasado d\u00eda 20 de mayo, la cantante ilicitana Alba Reche asisti\u00f3 a las instalaciones sevillanas de Canal Fiesta con el motivo de participar en la celebraci\u00f3n de los 20 a\u00f1os de esta emisora de la mejor manera posible: con m\u00fasica en directo. La cadena organiza peque\u00f1os ac\u00fasticos cada cierto tiempo de cara a conmemorar su aniversario, invitando a distintos artistas en cada ocasi\u00f3n, y en este caso ha sido el turno de esta <em>extriunfita<\/em> y sin duda gran promesa del mundo de la m\u00fasica, que con tres a\u00f1os de carrera a sus espaldas ya cuenta con un disco en el mercado, <em>Quimera<\/em>, y ahora presenta su nuevo EP,\u00a0<em>La peque\u00f1a semilla<\/em>.<\/p>\n<p>De esta manera, toda Andaluc\u00eda pudo disfrutar a las seis de la tarde de la maravillosa voz de Alba sonando a trav\u00e9s de la radio mientras interpretaba la gran mayor\u00eda de las canciones de este nuevo \u00e1lbum. Tambi\u00e9n hubo algunas afortunadas (entre las que nos encontramos nosotras) que pudieron presenciar en persona la magia que desprende esta joven cantautora cada vez que entona sus melod\u00edas.<\/p>\n<p>Pero no todo qued\u00f3 en el cante, ya que tambi\u00e9n se realizaron peque\u00f1as entrevistas intercaladas a la artista, gracias a las cuales tanto espectadores como telespectadores pudieron adem\u00e1s disfrutar de su lado m\u00e1s simp\u00e1tico, cercano, alegre y c\u00f3mico, respondiendo tanto a las preguntas de los locutores como del p\u00fablico all\u00ed presente y el <em>online<\/em>, que le hac\u00edan llegar sus dudas sobre sus proyectos e incluso curiosidades sobre ella misma, estos \u00faltimos a trav\u00e9s de las redes sociales utilizando el <em>hashtag<\/em> #AlbaRecheEnCanalFiesta.<\/p>\n<p>No quer\u00edamos dejar pasar la oportunidad de grabar en v\u00eddeo parte del encuentro musical para aquellos que no hay\u00e1is podido estar <em>in situ<\/em> en este bello espect\u00e1culo. A trav\u00e9s de estos enlaces podr\u00e9is acceder al resumen que os hemos preparado del mismo en nuestras redes:<\/p>\n<p>Twitter: partes <a href=\"https:\/\/twitter.com\/elpatiocolorao\/status\/1395739530737635329?s=19\">1<\/a> y <a href=\"https:\/\/twitter.com\/elpatiocolorao\/status\/1395740754463576064?s=19\">2<\/a><\/p>\n<p><a href=\"https:\/\/www.instagram.com\/tv\/CPIuXRoIznX\/?utm_medium=copy_link\">Instagram<\/a><\/p>\n<p>Por otra parte, con este enlace podr\u00e9is acceder a una galer\u00eda de fotos tomadas durante el programa:<\/p>\n<p><a href=\"https:\/\/www.flickr.com\/photos\/canalsurradioytv\/sets\/72157719230935536\/\">Flickr<\/a><\/p>\n<p>Os animamos a que escuch\u00e9is estos ac\u00fasticos tan especiales o a que viv\u00e1is la experiencia presencialmente si pod\u00e9is, pues no hay nada mejor que gozar de la m\u00fasica con un ambiente tan acogedor y a la vez din\u00e1mico como el que nos ofrecen el equipo de Canal Fiesta y sus invitados.<\/p>\n<p>&nbsp;<\/p>\n<p>\u00a1Disfrutadlo!<\/p>\n<p>&nbsp;<\/p>\n<p>Imagen de portada: Marta N\u00fa\u00f1ez Rodr\u00edguez<\/p>\n<p>&nbsp;<\/p>\n","protected":false},"excerpt":{"rendered":"<p>El pasado d\u00eda 20 de mayo, la cantante ilicitana Alba Reche asisti\u00f3 a las instalaciones sevillanas de Canal Fiesta con el motivo de participar en la celebraci\u00f3n de los 20 a\u00f1os de esta emisora de la mejor manera posible: con m\u00fasica en directo. La cadena organiza peque\u00f1os ac\u00fasticos cada cierto tiempo de cara a conmemorar [&hellip;]<\/p>\n","protected":false},"author":50,"featured_media":2859,"comment_status":"open","ping_status":"open","sticky":false,"template":"","format":"standard","meta":{"_acf_changed":false,"_monsterinsights_skip_tracking":false,"_monsterinsights_sitenote_active":false,"_monsterinsights_sitenote_note":"","_monsterinsights_sitenote_category":0,"footnotes":""},"categories":[169,12,186,23,136,301],"tags":[80,55,128,368,338,99,53,332,28],"class_list":["post-2857","post","type-post","status-publish","format-standard","has-post-thumbnail","hentry","category-cine-artes-audiovisuales","category-eventos","category-literatura-musica","category-patrimonio-vivo","category-reportajes","category-sevilla","tag-actualidad","tag-andalucia","tag-artistas","tag-canalfiesta","tag-canalsur","tag-cultura","tag-musica","tag-sevilla-cultura","tag-arte"],"blocksy_meta":[],"acf":[],"jetpack_featured_media_url":"https:\/\/www.upo.es\/patio-colorado\/wp-content\/uploads\/2021\/05\/IMG-20210520-WA0100-.jpg","_links":{"self":[{"href":"https:\/\/www.upo.es\/patio-colorado\/wp-json\/wp\/v2\/posts\/2857","targetHints":{"allow":["GET"]}}],"collection":[{"href":"https:\/\/www.upo.es\/patio-colorado\/wp-json\/wp\/v2\/posts"}],"about":[{"href":"https:\/\/www.upo.es\/patio-colorado\/wp-json\/wp\/v2\/types\/post"}],"author":[{"embeddable":true,"href":"https:\/\/www.upo.es\/patio-colorado\/wp-json\/wp\/v2\/users\/50"}],"replies":[{"embeddable":true,"href":"https:\/\/www.upo.es\/patio-colorado\/wp-json\/wp\/v2\/comments?post=2857"}],"version-history":[{"count":10,"href":"https:\/\/www.upo.es\/patio-colorado\/wp-json\/wp\/v2\/posts\/2857\/revisions"}],"predecessor-version":[{"id":2886,"href":"https:\/\/www.upo.es\/patio-colorado\/wp-json\/wp\/v2\/posts\/2857\/revisions\/2886"}],"wp:featuredmedia":[{"embeddable":true,"href":"https:\/\/www.upo.es\/patio-colorado\/wp-json\/wp\/v2\/media\/2859"}],"wp:attachment":[{"href":"https:\/\/www.upo.es\/patio-colorado\/wp-json\/wp\/v2\/media?parent=2857"}],"wp:term":[{"taxonomy":"category","embeddable":true,"href":"https:\/\/www.upo.es\/patio-colorado\/wp-json\/wp\/v2\/categories?post=2857"},{"taxonomy":"post_tag","embeddable":true,"href":"https:\/\/www.upo.es\/patio-colorado\/wp-json\/wp\/v2\/tags?post=2857"}],"curies":[{"name":"wp","href":"https:\/\/api.w.org\/{rel}","templated":true}]}}