{"id":2895,"date":"2021-05-24T17:22:23","date_gmt":"2021-05-24T17:22:23","guid":{"rendered":"https:\/\/www.upo.es\/patio-colorado\/?p=2895"},"modified":"2021-05-24T17:22:23","modified_gmt":"2021-05-24T17:22:23","slug":"soho-benita","status":"publish","type":"post","link":"https:\/\/www.upo.es\/patio-colorado\/2021\/05\/24\/soho-benita\/","title":{"rendered":"Soho Benita"},"content":{"rendered":"<p>\u00bfSoho? \u00bfQui\u00e9n no ha o\u00eddo hablar de ese nombre de barrio s\u00edmbolo de lo moderno y lo alternativo? Londres lo hizo ic\u00f3nico, pero otras grandes ciudades tambi\u00e9n tienen el suyo, como Par\u00eds, Berl\u00edn o Nueva York. Sevilla no es excepci\u00f3n, \u00bflo sab\u00edas?<\/p>\n<figure id=\"attachment_2901\" aria-describedby=\"caption-attachment-2901\" style=\"width: 225px\" class=\"wp-caption alignleft\"><img loading=\"lazy\" decoding=\"async\" class=\"size-medium wp-image-2901\" src=\"https:\/\/www.upo.es\/patio-colorado\/wp-content\/uploads\/2021\/05\/20210515_202820-225x300.jpg\" alt=\"\" width=\"225\" height=\"300\" srcset=\"https:\/\/www.upo.es\/patio-colorado\/wp-content\/uploads\/2021\/05\/20210515_202820-225x300.jpg 225w, https:\/\/www.upo.es\/patio-colorado\/wp-content\/uploads\/2021\/05\/20210515_202820-768x1024.jpg 768w, https:\/\/www.upo.es\/patio-colorado\/wp-content\/uploads\/2021\/05\/20210515_202820-1152x1536.jpg 1152w, https:\/\/www.upo.es\/patio-colorado\/wp-content\/uploads\/2021\/05\/20210515_202820-1536x2048.jpg 1536w, https:\/\/www.upo.es\/patio-colorado\/wp-content\/uploads\/2021\/05\/20210515_202820-scaled.jpg 1920w\" sizes=\"auto, (max-width: 225px) 100vw, 225px\" \/><figcaption id=\"caption-attachment-2901\" class=\"wp-caption-text\">\u00a0 \u00a0 \u00a0\u00a0 Fuente: Imagen propia<\/figcaption><\/figure>\n<figure id=\"attachment_2898\" aria-describedby=\"caption-attachment-2898\" style=\"width: 225px\" class=\"wp-caption alignright\"><img loading=\"lazy\" decoding=\"async\" class=\"size-medium wp-image-2898\" src=\"https:\/\/www.upo.es\/patio-colorado\/wp-content\/uploads\/2021\/05\/20210515_203152-225x300.jpg\" alt=\"\" width=\"225\" height=\"300\" srcset=\"https:\/\/www.upo.es\/patio-colorado\/wp-content\/uploads\/2021\/05\/20210515_203152-225x300.jpg 225w, https:\/\/www.upo.es\/patio-colorado\/wp-content\/uploads\/2021\/05\/20210515_203152-768x1024.jpg 768w, https:\/\/www.upo.es\/patio-colorado\/wp-content\/uploads\/2021\/05\/20210515_203152-1152x1536.jpg 1152w, https:\/\/www.upo.es\/patio-colorado\/wp-content\/uploads\/2021\/05\/20210515_203152-1536x2048.jpg 1536w, https:\/\/www.upo.es\/patio-colorado\/wp-content\/uploads\/2021\/05\/20210515_203152-scaled.jpg 1920w\" sizes=\"auto, (max-width: 225px) 100vw, 225px\" \/><figcaption id=\"caption-attachment-2898\" class=\"wp-caption-text\">Fuente: Imagen propia<\/figcaption><\/figure>\n<figure id=\"attachment_2900\" aria-describedby=\"caption-attachment-2900\" style=\"width: 225px\" class=\"wp-caption aligncenter\"><img loading=\"lazy\" decoding=\"async\" class=\"size-medium wp-image-2900\" src=\"https:\/\/www.upo.es\/patio-colorado\/wp-content\/uploads\/2021\/05\/20210515_202902-225x300.jpg\" alt=\"\" width=\"225\" height=\"300\" srcset=\"https:\/\/www.upo.es\/patio-colorado\/wp-content\/uploads\/2021\/05\/20210515_202902-225x300.jpg 225w, https:\/\/www.upo.es\/patio-colorado\/wp-content\/uploads\/2021\/05\/20210515_202902-768x1024.jpg 768w, https:\/\/www.upo.es\/patio-colorado\/wp-content\/uploads\/2021\/05\/20210515_202902-1152x1536.jpg 1152w, https:\/\/www.upo.es\/patio-colorado\/wp-content\/uploads\/2021\/05\/20210515_202902-1536x2048.jpg 1536w, https:\/\/www.upo.es\/patio-colorado\/wp-content\/uploads\/2021\/05\/20210515_202902-scaled.jpg 1920w\" sizes=\"auto, (max-width: 225px) 100vw, 225px\" \/><figcaption id=\"caption-attachment-2900\" class=\"wp-caption-text\">Fuente: Imagen propia<\/figcaption><\/figure>\n<p>&nbsp;<\/p>\n<p>Muchos asocian a Sevilla con la tradici\u00f3n, en ocasiones en el sentido m\u00e1s anquilosado posible, pero nuestra ciudad tambi\u00e9n tiene una cara moderna y rompedora. Esta segunda cara la vemos reflejada a la perfecci\u00f3n en el concepto del que surgi\u00f3 la zona que se bautiz\u00f3 como Soho Benita. En 2011, la construcci\u00f3n de las Setas de Sevilla inici\u00f3 el debate sobre la convergencia entre tradici\u00f3n y vanguardia y fue por ese esp\u00edritu de reinvenci\u00f3n por el que un grupo de j\u00f3venes comerciantes decidieron unir fuerzas. En la zona de La Encarnaci\u00f3n-San Pedro y Alfalfa se fueron estableciendo negocios originales en torno a las calles Benito P\u00e9rez Gald\u00f3s, Santillana, Ortiz de Z\u00fa\u00f1iga, Don Alonso el Sabio, Golfo y la Plaza del Cristo de Burgos.<\/p>\n<figure id=\"attachment_2902\" aria-describedby=\"caption-attachment-2902\" style=\"width: 243px\" class=\"wp-caption aligncenter\"><img loading=\"lazy\" decoding=\"async\" class=\"size-medium wp-image-2902\" src=\"https:\/\/www.upo.es\/patio-colorado\/wp-content\/uploads\/2021\/05\/Captura-de-pantalla-2021-05-24-a-las-18.59.25-243x300.png\" alt=\"\" width=\"243\" height=\"300\" srcset=\"https:\/\/www.upo.es\/patio-colorado\/wp-content\/uploads\/2021\/05\/Captura-de-pantalla-2021-05-24-a-las-18.59.25-243x300.png 243w, https:\/\/www.upo.es\/patio-colorado\/wp-content\/uploads\/2021\/05\/Captura-de-pantalla-2021-05-24-a-las-18.59.25.png 652w\" sizes=\"auto, (max-width: 243px) 100vw, 243px\" \/><figcaption id=\"caption-attachment-2902\" class=\"wp-caption-text\">Fuente: New York Times<\/figcaption><\/figure>\n<p>En la actualidad la oferta es amplia, ascendiendo a m\u00e1s de veinte proyectos. Podemos contar desde galer\u00edas de arte, como la galer\u00eda Delimbo, hasta tiendas de ropa, de decoraci\u00f3n o pasteler\u00edas. El ambiente tan <em>artsy<\/em> que se respira en esta \u00e1rea muestra que Sevilla no es solo \u00abuna\u00a0vieja gloria\u00bb, sino que puede estar al tanto de lo \u00faltimo y adem\u00e1s hacerlo con \u00e9xito. De hecho, el propio <em>New York Times <\/em>escribi\u00f3 sobre el nacimiento de Soho Benita, al que describi\u00f3 como una zona de compras que combina arte y cultura con productos artesanales locales.<\/p>\n<figure id=\"attachment_2896\" aria-describedby=\"caption-attachment-2896\" style=\"width: 225px\" class=\"wp-caption aligncenter\"><img loading=\"lazy\" decoding=\"async\" class=\"size-medium wp-image-2896\" src=\"https:\/\/www.upo.es\/patio-colorado\/wp-content\/uploads\/2021\/05\/20210515_203223-225x300.jpg\" alt=\"\" width=\"225\" height=\"300\" srcset=\"https:\/\/www.upo.es\/patio-colorado\/wp-content\/uploads\/2021\/05\/20210515_203223-225x300.jpg 225w, https:\/\/www.upo.es\/patio-colorado\/wp-content\/uploads\/2021\/05\/20210515_203223-768x1024.jpg 768w, https:\/\/www.upo.es\/patio-colorado\/wp-content\/uploads\/2021\/05\/20210515_203223-1152x1536.jpg 1152w, https:\/\/www.upo.es\/patio-colorado\/wp-content\/uploads\/2021\/05\/20210515_203223-1536x2048.jpg 1536w, https:\/\/www.upo.es\/patio-colorado\/wp-content\/uploads\/2021\/05\/20210515_203223-scaled.jpg 1920w\" sizes=\"auto, (max-width: 225px) 100vw, 225px\" \/><figcaption id=\"caption-attachment-2896\" class=\"wp-caption-text\">Fuente: Imagen propia<\/figcaption><\/figure>\n<p>Y os preguntar\u00e9is el porqu\u00e9 nombre de Soho Benita. Pablo Rodr\u00edguez, comisario y gestor de actividades culturales de La Importadora, as\u00ed lo explica: \u00abAnalizando la idiosincrasia, vimos que aglutin\u00e1bamos la idea de un soho, por ser un espacio underground y chic; Benita es por Benita P\u00e9rez Gald\u00f3s y por la idea de ser una venita circundando las grandes arterias comerciales de Sevilla\u00bb.<\/p>\n<figure id=\"attachment_2897\" aria-describedby=\"caption-attachment-2897\" style=\"width: 225px\" class=\"wp-caption aligncenter\"><img loading=\"lazy\" decoding=\"async\" class=\"size-medium wp-image-2897\" src=\"https:\/\/www.upo.es\/patio-colorado\/wp-content\/uploads\/2021\/05\/20210515_203452-225x300.jpg\" alt=\"\" width=\"225\" height=\"300\" srcset=\"https:\/\/www.upo.es\/patio-colorado\/wp-content\/uploads\/2021\/05\/20210515_203452-225x300.jpg 225w, https:\/\/www.upo.es\/patio-colorado\/wp-content\/uploads\/2021\/05\/20210515_203452-768x1024.jpg 768w, https:\/\/www.upo.es\/patio-colorado\/wp-content\/uploads\/2021\/05\/20210515_203452-1152x1536.jpg 1152w, https:\/\/www.upo.es\/patio-colorado\/wp-content\/uploads\/2021\/05\/20210515_203452-1536x2048.jpg 1536w, https:\/\/www.upo.es\/patio-colorado\/wp-content\/uploads\/2021\/05\/20210515_203452-scaled.jpg 1920w\" sizes=\"auto, (max-width: 225px) 100vw, 225px\" \/><figcaption id=\"caption-attachment-2897\" class=\"wp-caption-text\">Fuente: Imagen propia<\/figcaption><\/figure>\n<p>Esperamos que la pr\u00f3xima vez que est\u00e9is por el centro de Sevilla le hag\u00e1is una visitilla a esta zona. \u00a1No os arrepentir\u00e9is!<\/p>\n<p><strong>Fuentes:<\/strong><\/p>\n<p><a href=\"https:\/\/sevillasecreta.co\/sevillas-en-el-mundo\/\">https:\/\/sevillasecreta.co\/sevillas-en-el-mundo\/<\/a><\/p>\n<p><a href=\"https:\/\/www.diariodesevilla.es\/sevilla\/Soho-Sevilla_0_1095191006.html\">https:\/\/www.diariodesevilla.es\/sevilla\/Soho-Sevilla_0_1095191006.html<\/a><\/p>\n<p><a href=\"https:\/\/www.traveler.es\/viajes-urbanos\/articulos\/escapada-sevilla-barrio-de-moda-soho-benita\/12044\">https:\/\/www.traveler.es\/viajes-urbanos\/articulos\/escapada-sevilla-barrio-de-moda-soho-benita\/12044<\/a><\/p>\n<p><a href=\"https:\/\/www.nytimes.com\/slideshow\/2012\/09\/30\/travel\/20120930-SURFACING\/s\/20120930-SURFACING-slide-PUJ3.html\">https:\/\/www.nytimes.com\/slideshow\/2012\/09\/30\/travel\/20120930-SURFACING\/s\/20120930-SURFACING-slide-PUJ3.html<\/a><\/p>\n<p>&nbsp;<\/p>\n","protected":false},"excerpt":{"rendered":"<p>\u00bfSoho? \u00bfQui\u00e9n no ha o\u00eddo hablar de ese nombre de barrio s\u00edmbolo de lo moderno y lo alternativo? Londres lo hizo ic\u00f3nico, pero otras grandes ciudades tambi\u00e9n tienen el suyo, como Par\u00eds, Berl\u00edn o Nueva York. Sevilla no es excepci\u00f3n, \u00bflo sab\u00edas? &nbsp; Muchos asocian a Sevilla con la tradici\u00f3n, en ocasiones en el sentido [&hellip;]<\/p>\n","protected":false},"author":44,"featured_media":2899,"comment_status":"open","ping_status":"open","sticky":false,"template":"","format":"standard","meta":{"_acf_changed":false,"_monsterinsights_skip_tracking":false,"_monsterinsights_sitenote_active":false,"_monsterinsights_sitenote_note":"","_monsterinsights_sitenote_category":0,"footnotes":""},"categories":[170,136,301],"tags":[],"class_list":["post-2895","post","type-post","status-publish","format-standard","has-post-thumbnail","hentry","category-monumentos-y-turismo","category-reportajes","category-sevilla"],"blocksy_meta":[],"acf":[],"jetpack_featured_media_url":"https:\/\/www.upo.es\/patio-colorado\/wp-content\/uploads\/2021\/05\/20210515_203136-scaled-e1621873063140.jpg","_links":{"self":[{"href":"https:\/\/www.upo.es\/patio-colorado\/wp-json\/wp\/v2\/posts\/2895","targetHints":{"allow":["GET"]}}],"collection":[{"href":"https:\/\/www.upo.es\/patio-colorado\/wp-json\/wp\/v2\/posts"}],"about":[{"href":"https:\/\/www.upo.es\/patio-colorado\/wp-json\/wp\/v2\/types\/post"}],"author":[{"embeddable":true,"href":"https:\/\/www.upo.es\/patio-colorado\/wp-json\/wp\/v2\/users\/44"}],"replies":[{"embeddable":true,"href":"https:\/\/www.upo.es\/patio-colorado\/wp-json\/wp\/v2\/comments?post=2895"}],"version-history":[{"count":1,"href":"https:\/\/www.upo.es\/patio-colorado\/wp-json\/wp\/v2\/posts\/2895\/revisions"}],"predecessor-version":[{"id":2903,"href":"https:\/\/www.upo.es\/patio-colorado\/wp-json\/wp\/v2\/posts\/2895\/revisions\/2903"}],"wp:featuredmedia":[{"embeddable":true,"href":"https:\/\/www.upo.es\/patio-colorado\/wp-json\/wp\/v2\/media\/2899"}],"wp:attachment":[{"href":"https:\/\/www.upo.es\/patio-colorado\/wp-json\/wp\/v2\/media?parent=2895"}],"wp:term":[{"taxonomy":"category","embeddable":true,"href":"https:\/\/www.upo.es\/patio-colorado\/wp-json\/wp\/v2\/categories?post=2895"},{"taxonomy":"post_tag","embeddable":true,"href":"https:\/\/www.upo.es\/patio-colorado\/wp-json\/wp\/v2\/tags?post=2895"}],"curies":[{"name":"wp","href":"https:\/\/api.w.org\/{rel}","templated":true}]}}