{"id":2906,"date":"2021-05-26T15:26:46","date_gmt":"2021-05-26T15:26:46","guid":{"rendered":"https:\/\/www.upo.es\/patio-colorado\/?p=2906"},"modified":"2021-05-26T15:26:46","modified_gmt":"2021-05-26T15:26:46","slug":"andalucia-rica-en-mujeres-y-hombres-con-talento-para-la-escritura","status":"publish","type":"post","link":"https:\/\/www.upo.es\/patio-colorado\/2021\/05\/26\/andalucia-rica-en-mujeres-y-hombres-con-talento-para-la-escritura\/","title":{"rendered":"Andaluc\u00eda, rica en mujeres y hombres con talento para la escritura."},"content":{"rendered":"<p>Andaluc\u00eda cuenta con una enorme cantidad de personajes c\u00e9lebres que ensalzan la larga historia de la literatura andaluza. En este art\u00edculo del Patio Colorao vamos a centrarnos en hablar y mencionar algunos de los escritores y escritoras m\u00e1s importantes de la comunidad aut\u00f3noma espa\u00f1ola con el prop\u00f3sito de recordar y honrar nuestras ra\u00edces.<\/p>\n<p>Si comenzamos por la provincia de Huelva, podemos mencionar a los poetas: Juan Ram\u00f3n Jim\u00e9nez, autor de la obra <strong><em>Plat\u00f3n y yo<\/em><\/strong>, y Francisco Garfias, gran admirador del propio Juan Ram\u00f3n Jim\u00e9nez que obtuvo el premio \u00abJuan Ram\u00f3n Jim\u00e9nez\u00bb con su libro\u00a0<strong><em>Juan Ram\u00f3n en su reino<\/em><\/strong><em>.<\/em>\u00a0Cabe destacar tambi\u00e9n a la escritora Elvira Navarro Ponferrada y sus obras <strong><em>La ciudad en invierno <\/em><\/strong>y <strong><em>La ciudad feliz<\/em><\/strong>.<\/p>\n<p>De la provincia de Sevilla no podemos olvidar a los grandes Luis Cernuda, Gustavo Adolfo B\u00e9cquer, Vicente Aleixandre y Antonio Manchado; as\u00ed como a las escritoras Feliciana Enr\u00edquez de Guzm\u00e1n, Blanca de los R\u00edos, Mar\u00eda Campo Alange y Sara Mesa Villalba. En esta ocasi\u00f3n voy a centrarme en la figura de Mar\u00eda Campo Alange, una escritora y ensayista arist\u00f3crata que no tantos conocen. Alange destaca por su estudio multidisciplinar sobre la situaci\u00f3n subordinada de la mujer. Escribi\u00f3 obras como <strong><em>La secreta guerra de los sexos <\/em><\/strong>(anterior incluso a la obra de Simone de Beauvoir, <strong><em>El Segundo Sexo<\/em><\/strong>) y <strong><em>La mujer como mito y como ser humano<\/em><\/strong>. Tras su muerte, se cre\u00f3 en 2008 en su memoria la <em>Federaci\u00f3n de Mujeres Mar\u00eda Laffitte<\/em>, con sede en Sevilla.<\/p>\n<p>En la provincia de C\u00e1diz, son conocidos los nombres de Ana Rossetti, Elvira Lindo y Rafael Alberti. De estos autores podemos destacar obras como <strong><em>Devocionario<\/em><\/strong> (Premio Internacional de Poes\u00eda Rey Juan Carlos I en 1985), <strong><em>Los trapos sucios de Manolito Gafotas <\/em><\/strong>(Premio Nacional de Literatura Infantil y Juvenil en 1998) y <strong><em>Marinero en tierra<\/em><\/strong> (Premio Nacional de Poes\u00eda).<\/p>\n<p>Seguidamente en la provincia de C\u00f3rdoba podemos encontrar a los renombrados Luis de G\u00f3ngora, Antonio Gala, \u00c1ngel de Saavedra, Pablo Garc\u00eda Baena y Vicente N\u00fa\u00f1ez, as\u00ed como a las escritoras Leonor L\u00f3pez de C\u00f3rdoba, Juana Castro Mu\u00f1oz y Concha Lagos, entre otras. Concretamente, la poeta espa\u00f1ola Juana Castro destaca por sus numerosas distinciones como la Medalla de Andaluc\u00eda en 2007 o el Premio Nacional de la Cr\u00edtica 2010 por <strong><em>Heredad seguido de Cartas de enero<\/em><\/strong>.<\/p>\n<p>En cuanto a M\u00e1laga, podemos mencionar los nombres de Mar\u00eda Rosa G\u00e1lvez, Mar\u00eda Zambrano y Emilio Prados, entre otros. Este \u00faltimo escritor destaca como poeta espa\u00f1ol de la Generaci\u00f3n del 27 y ganador del Premio Nacional de Literatura en 1938 por su obra <strong><em>Destino fiel<\/em><\/strong>.<\/p>\n<p>La provincia de Ja\u00e9n por otra parte re\u00fane escritores como Antonio Mu\u00f1oz Molina (miembro del Instituto Cervantes y la Real Academia Espa\u00f1ola), Manuel And\u00fajar (reconocido como Hijo Predilecto de Andaluc\u00eda en 1985), Carmen Camacho (escritora principalmente de microrrelato) y Mariana Carvajal y Saavedra (escritora del Siglo de Oro).<\/p>\n<p>Si nos centramos en los granadinos podemos mencionar a los escritores Lu\u00eds Rosales, Federico Garc\u00eda Lorca y Luis Garc\u00eda Montero, sin olvidar a las escritoras Ana Caro de Mall\u00e9n, Olalla Castro, Cristina Morales y Elena Mart\u00edn Vivaldi. Todos han sido reconocidos por sus distinciones y obras, pero quiz\u00e1 cabe destacar la figura del escritor de la Generaci\u00f3n del 27, Garc\u00eda Lorca, por su extensa ocupaci\u00f3n multifuncional (pues era poeta, m\u00fasico, dramaturgo, dibujante, director de teatro, ensayista\u2026) y algunas de sus obras como <strong><em>Yerma<\/em><\/strong>, <strong><em>Bodas de Sangre<\/em><\/strong> o <strong><em>La<\/em><\/strong><em> <strong>casa de Bernarda Alba<\/strong><\/em>.<\/p>\n<p>Por \u00faltimo, pero no menos importante (como se suele decir), la provincia de Almer\u00eda nos ha regalado autores como Francisco Villaespesa, un poeta y dramaturgo espa\u00f1ol del modernismo que destaca por su extensa obra y homenaje como el Teatro Villaespesa en Sorbas; y la periodista, escritora y traductora, Carmen de Burgos, quien fue homenajeada poniendo su nombre al Paseo Mar\u00edtimo de la ciudad en Almer\u00eda capital.<\/p>\n<p>Gracias a este repaso podemos volver a recordar la obra y memoria de todos estos autores y autoras andaluces que enriquecen nuestra cultura literaria con sus obras, recordando una vez m\u00e1s que Andaluc\u00eda es rica en mujeres y hombres con talento.<\/p>\n","protected":false},"excerpt":{"rendered":"<p>Andaluc\u00eda cuenta con una enorme cantidad de personajes c\u00e9lebres que ensalzan la larga historia de la literatura andaluza. En este art\u00edculo del Patio Colorao vamos a centrarnos en hablar y mencionar algunos de los escritores y escritoras m\u00e1s importantes de la comunidad aut\u00f3noma espa\u00f1ola con el prop\u00f3sito de recordar y honrar nuestras ra\u00edces. Si comenzamos [&hellip;]<\/p>\n","protected":false},"author":48,"featured_media":2907,"comment_status":"open","ping_status":"open","sticky":false,"template":"","format":"standard","meta":{"_acf_changed":false,"_monsterinsights_skip_tracking":false,"_monsterinsights_sitenote_active":false,"_monsterinsights_sitenote_note":"","_monsterinsights_sitenote_category":0,"footnotes":""},"categories":[307,302,304,305,303,306,186,311,309,301],"tags":[55,371,274,370,102,372,176],"class_list":["post-2906","post","type-post","status-publish","format-standard","has-post-thumbnail","hentry","category-almeria","category-cadiz","category-cordoba","category-granada","category-huelva","category-jaen","category-literatura-musica","category-malaga","category-provincias","category-sevilla","tag-andalucia","tag-autores","tag-escritor","tag-escritura","tag-literatura","tag-novela","tag-poesia"],"blocksy_meta":[],"acf":[],"jetpack_featured_media_url":"https:\/\/www.upo.es\/patio-colorado\/wp-content\/uploads\/2021\/05\/Bandera_de_Andalucia_32513961673-scaled.jpg","_links":{"self":[{"href":"https:\/\/www.upo.es\/patio-colorado\/wp-json\/wp\/v2\/posts\/2906","targetHints":{"allow":["GET"]}}],"collection":[{"href":"https:\/\/www.upo.es\/patio-colorado\/wp-json\/wp\/v2\/posts"}],"about":[{"href":"https:\/\/www.upo.es\/patio-colorado\/wp-json\/wp\/v2\/types\/post"}],"author":[{"embeddable":true,"href":"https:\/\/www.upo.es\/patio-colorado\/wp-json\/wp\/v2\/users\/48"}],"replies":[{"embeddable":true,"href":"https:\/\/www.upo.es\/patio-colorado\/wp-json\/wp\/v2\/comments?post=2906"}],"version-history":[{"count":1,"href":"https:\/\/www.upo.es\/patio-colorado\/wp-json\/wp\/v2\/posts\/2906\/revisions"}],"predecessor-version":[{"id":2908,"href":"https:\/\/www.upo.es\/patio-colorado\/wp-json\/wp\/v2\/posts\/2906\/revisions\/2908"}],"wp:featuredmedia":[{"embeddable":true,"href":"https:\/\/www.upo.es\/patio-colorado\/wp-json\/wp\/v2\/media\/2907"}],"wp:attachment":[{"href":"https:\/\/www.upo.es\/patio-colorado\/wp-json\/wp\/v2\/media?parent=2906"}],"wp:term":[{"taxonomy":"category","embeddable":true,"href":"https:\/\/www.upo.es\/patio-colorado\/wp-json\/wp\/v2\/categories?post=2906"},{"taxonomy":"post_tag","embeddable":true,"href":"https:\/\/www.upo.es\/patio-colorado\/wp-json\/wp\/v2\/tags?post=2906"}],"curies":[{"name":"wp","href":"https:\/\/api.w.org\/{rel}","templated":true}]}}