{"id":2909,"date":"2021-05-26T17:05:34","date_gmt":"2021-05-26T17:05:34","guid":{"rendered":"https:\/\/www.upo.es\/patio-colorado\/?p=2909"},"modified":"2021-05-26T17:08:11","modified_gmt":"2021-05-26T17:08:11","slug":"ballet-y-flamenco","status":"publish","type":"post","link":"https:\/\/www.upo.es\/patio-colorado\/2021\/05\/26\/ballet-y-flamenco\/","title":{"rendered":"Ballet y flamenco."},"content":{"rendered":"<p>El Patio Colorao trae una noticia reciente que interesar\u00e1 especialmente a los m\u00e1s amantes del ballet y el flamenco: el programa \u201cLorca y Granada\u201d pone en escena <strong><em>El maleficio de la mariposa <\/em><\/strong>interpretado por el Ballet Flamenco de Andaluc\u00eda en su XX edici\u00f3n.<\/p>\n<p>Esto no podr\u00eda haberse llevado a cabo sin la organizaci\u00f3n \u00a0de la Agencia Andaluza de Instituciones Culturales en conjunto con el Patronato de Alhambra. La idea es llevar a cabo la representaci\u00f3n inspirada en la primera obra de teatro de Federico Garc\u00eda Lorca. Este espect\u00e1culo se distingue por una producci\u00f3n esc\u00e9nica que cuenta con numerosas representaciones que permite la entrada a una mayor variedad de p\u00fablico, un formato poco habitual en los festivales estivales. Cabe destacar que por supuesto la puesta en escena se desarrolla al aire libre en el teatro del Generalife, dentro del Conjunto Monumental de la Alhambra.<\/p>\n<p>Las entradas est\u00e1n ya disponibles y a un precio asequible. Para m\u00e1s informaci\u00f3n consultar en <a href=\"https:\/\/www.juntadeandalucia.es\/cultura\/lorcaygranada\/\">https:\/\/www.juntadeandalucia.es\/cultura\/lorcaygranada\/<\/a><\/p>\n<p>Esta es una gran oportunidad para disfrutar sin riesgo de la cultura y el arte.<\/p>\n<p>Fuente: <a href=\"https:\/\/www.juntadeandalucia.es\/organismos\/culturaypatrimoniohistorico\/actualidad\/noticias\/detalle\/259221.html\">https:\/\/www.juntadeandalucia.es\/organismos\/culturaypatrimoniohistorico\/actualidad\/noticias\/detalle\/259221.html<\/a><\/p>\n","protected":false},"excerpt":{"rendered":"<p>El Patio Colorao trae una noticia reciente que interesar\u00e1 especialmente a los m\u00e1s amantes del ballet y el flamenco: el programa \u201cLorca y Granada\u201d pone en escena El maleficio de la mariposa interpretado por el Ballet Flamenco de Andaluc\u00eda en su XX edici\u00f3n. Esto no podr\u00eda haberse llevado a cabo sin la organizaci\u00f3n \u00a0de la [&hellip;]<\/p>\n","protected":false},"author":48,"featured_media":2914,"comment_status":"open","ping_status":"open","sticky":false,"template":"","format":"standard","meta":{"_acf_changed":false,"_monsterinsights_skip_tracking":false,"_monsterinsights_sitenote_active":false,"_monsterinsights_sitenote_note":"","_monsterinsights_sitenote_category":0,"footnotes":""},"categories":[12,305],"tags":[99,89,28,373,374],"class_list":["post-2909","post","type-post","status-publish","format-standard","has-post-thumbnail","hentry","category-eventos","category-granada","tag-cultura","tag-flamenco","tag-arte","tag-ballet","tag-lorca"],"blocksy_meta":[],"acf":[],"jetpack_featured_media_url":"https:\/\/www.upo.es\/patio-colorado\/wp-content\/uploads\/2021\/05\/74fb9bf887d50fca276bfe65c34e8d19.jpg","_links":{"self":[{"href":"https:\/\/www.upo.es\/patio-colorado\/wp-json\/wp\/v2\/posts\/2909","targetHints":{"allow":["GET"]}}],"collection":[{"href":"https:\/\/www.upo.es\/patio-colorado\/wp-json\/wp\/v2\/posts"}],"about":[{"href":"https:\/\/www.upo.es\/patio-colorado\/wp-json\/wp\/v2\/types\/post"}],"author":[{"embeddable":true,"href":"https:\/\/www.upo.es\/patio-colorado\/wp-json\/wp\/v2\/users\/48"}],"replies":[{"embeddable":true,"href":"https:\/\/www.upo.es\/patio-colorado\/wp-json\/wp\/v2\/comments?post=2909"}],"version-history":[{"count":1,"href":"https:\/\/www.upo.es\/patio-colorado\/wp-json\/wp\/v2\/posts\/2909\/revisions"}],"predecessor-version":[{"id":2911,"href":"https:\/\/www.upo.es\/patio-colorado\/wp-json\/wp\/v2\/posts\/2909\/revisions\/2911"}],"wp:featuredmedia":[{"embeddable":true,"href":"https:\/\/www.upo.es\/patio-colorado\/wp-json\/wp\/v2\/media\/2914"}],"wp:attachment":[{"href":"https:\/\/www.upo.es\/patio-colorado\/wp-json\/wp\/v2\/media?parent=2909"}],"wp:term":[{"taxonomy":"category","embeddable":true,"href":"https:\/\/www.upo.es\/patio-colorado\/wp-json\/wp\/v2\/categories?post=2909"},{"taxonomy":"post_tag","embeddable":true,"href":"https:\/\/www.upo.es\/patio-colorado\/wp-json\/wp\/v2\/tags?post=2909"}],"curies":[{"name":"wp","href":"https:\/\/api.w.org\/{rel}","templated":true}]}}