{"id":2966,"date":"2021-06-01T09:17:03","date_gmt":"2021-06-01T09:17:03","guid":{"rendered":"https:\/\/www.upo.es\/patio-colorado\/?p=2966"},"modified":"2021-06-01T09:21:51","modified_gmt":"2021-06-01T09:21:51","slug":"2966","status":"publish","type":"post","link":"https:\/\/www.upo.es\/patio-colorado\/2021\/06\/01\/2966\/","title":{"rendered":"El Museo de Bellas Artes de Huelva cumple 100 a\u00f1os"},"content":{"rendered":"<p>&nbsp;<\/p>\n<p>&nbsp;<\/p>\n<p>&nbsp;<\/p>\n<p>&nbsp;<\/p>\n<figure style=\"width: 280px\" class=\"wp-caption aligncenter\"><img loading=\"lazy\" decoding=\"async\" src=\"https:\/\/upload.wikimedia.org\/wikipedia\/commons\/thumb\/0\/09\/Cartel_centenario_museo_de_huelva.jpg\/280px-Cartel_centenario_museo_de_huelva.jpg\" alt=\"Museo de Huelva - Wikipedia, la enciclopedia libre\" width=\"280\" height=\"394\" \/><figcaption class=\"wp-caption-text\">Museo de Bellas Artes de Huelva. Extra\u00edda de juntadeandalucia.es<\/figcaption><\/figure>\n<p>En mayo de 1921, Huelva decidi\u00f3 abrir su Museo de Bellas Artes.\u00a0 El resto de capitales de provincia ya ten\u00edan su museo propio y Huelva contaba con grandes artistas, as\u00ed que no pod\u00eda ser menos. Se fund\u00f3 con Jos\u00e9 Fern\u00e1ndez Alvarado, pintor que dirigi\u00f3 el museo en sus primeros a\u00f1os y que se encarg\u00f3 de reunir piezas art\u00edsticas de diferentes coleccionista de Huelva, as\u00ed como obras de pintores onubenses. Sin embargo, en 1935 distintos sucesos hicieron que el museo tuviera que cerrar hasta 1973.<\/p>\n<p>Cien a\u00f1os despu\u00e9s de su inauguraci\u00f3n, concretamente el 25 de mayo de este 2021, el Museo de Bellas Artes de Huelva inicia unas jornadas de conmemoraci\u00f3n honor a su nacimiento. Para ello, se han programado conferencias, visitas guiadas y distintas actividades art\u00edsticas para el deleite de sus paisanos. Adem\u00e1s, se ha preparado una exposici\u00f3n central en la que podremos encontrar obras de aquellos artistas nacidos en Huelva a comienzos del siglo XX y que son imprescindibles en la tradici\u00f3n art\u00edstica de la ciudad.<\/p>\n<figure style=\"width: 512px\" class=\"wp-caption aligncenter\"><img loading=\"lazy\" decoding=\"async\" src=\"https:\/\/lh3.googleusercontent.com\/proxy\/6Tie9ezjYC1eJ6QJarMVbG7ByJavzIQ3cvStSFPHE9SAapECboRZvULaieH3bLrDGdDxeZV0N3NcYphbeu36PJUsDzoi3Au0w1VHUcbUXGJKxfj1Bgis8D1fbSvDRGpD8xlVqJvuRD8tCPEKSGY\" alt=\"Inicio - Museo de Huelva\" width=\"512\" height=\"351\" \/><figcaption class=\"wp-caption-text\">Museo de Huelva. Extra\u00edda de Museosdeandalucia.es<\/figcaption><\/figure>\n<p>&nbsp;<\/p>\n<p>La entrada al museo es gratuita y para disfrutar de sus actividades tienes desde el pasado 25 de mayo hasta el 31 de octubre de este mismo a\u00f1o. Adem\u00e1s, el Museo cuenta con otras colecciones permanentes que seguramente te interesar\u00e1n.\u00a0 La Secci\u00f3n de Arqueolog\u00eda es muy rica, destacando algunos elementos procedentes de los conjuntos dolm\u00e9nicos de La Zarcita y El Pozuelo o materiales de origen fenicio y griego encontrados en excavaciones urbanas en la propia capital.<\/p>\n<p>Sentirse orgulloso de la tierra en la que hemos nacido no es tarea dif\u00edcil. Aprovecha cualquier d\u00eda de relax para acercarte al Museo de Huelva y ad\u00e9ntrate en la tradici\u00f3n pict\u00f3rica de esta provincia.<\/p>\n<p>&nbsp;<\/p>\n<p><strong>FUENTES<\/strong><\/p>\n<p>https:\/\/www.juntadeandalucia.es\/cultura\/agendaculturaldeandalucia\/evento\/cien-anos-de-bellas-artes-en-el-museo-de-huelva<\/p>\n<p>http:\/\/www.museosdeandalucia.es\/web\/museodehuelva\/actualidad\/-\/asset_publisher\/SxfJV5dJvqKr\/content\/exposicion-temporal-100-anos-de-bellas-artes-en-el-museo-de-huelva-?p_p_auth=iMv1pvTm&#038;redirect=%2Fweb%2Fmuseodehuelva&#038;inheritRedirect=true<\/p>\n<p>http:\/\/www.museosdeandalucia.es\/web\/museodehuelva\/las-colecciones<\/p>\n<p>&nbsp;<\/p>\n","protected":false},"excerpt":{"rendered":"<p>&nbsp; &nbsp; &nbsp; &nbsp; En mayo de 1921, Huelva decidi\u00f3 abrir su Museo de Bellas Artes.\u00a0 El resto de capitales de provincia ya ten\u00edan su museo propio y Huelva contaba con grandes artistas, as\u00ed que no pod\u00eda ser menos. Se fund\u00f3 con Jos\u00e9 Fern\u00e1ndez Alvarado, pintor que dirigi\u00f3 el museo en sus primeros a\u00f1os y [&hellip;]<\/p>\n","protected":false},"author":54,"featured_media":2974,"comment_status":"open","ping_status":"open","sticky":false,"template":"","format":"standard","meta":{"_acf_changed":false,"_monsterinsights_skip_tracking":false,"_monsterinsights_sitenote_active":false,"_monsterinsights_sitenote_note":"","_monsterinsights_sitenote_category":0,"footnotes":""},"categories":[12,303],"tags":[80,55,128,99],"class_list":["post-2966","post","type-post","status-publish","format-standard","has-post-thumbnail","hentry","category-eventos","category-huelva","tag-actualidad","tag-andalucia","tag-artistas","tag-cultura"],"blocksy_meta":[],"acf":[],"jetpack_featured_media_url":"https:\/\/www.upo.es\/patio-colorado\/wp-content\/uploads\/2021\/06\/descarga.jpg","_links":{"self":[{"href":"https:\/\/www.upo.es\/patio-colorado\/wp-json\/wp\/v2\/posts\/2966","targetHints":{"allow":["GET"]}}],"collection":[{"href":"https:\/\/www.upo.es\/patio-colorado\/wp-json\/wp\/v2\/posts"}],"about":[{"href":"https:\/\/www.upo.es\/patio-colorado\/wp-json\/wp\/v2\/types\/post"}],"author":[{"embeddable":true,"href":"https:\/\/www.upo.es\/patio-colorado\/wp-json\/wp\/v2\/users\/54"}],"replies":[{"embeddable":true,"href":"https:\/\/www.upo.es\/patio-colorado\/wp-json\/wp\/v2\/comments?post=2966"}],"version-history":[{"count":5,"href":"https:\/\/www.upo.es\/patio-colorado\/wp-json\/wp\/v2\/posts\/2966\/revisions"}],"predecessor-version":[{"id":2975,"href":"https:\/\/www.upo.es\/patio-colorado\/wp-json\/wp\/v2\/posts\/2966\/revisions\/2975"}],"wp:featuredmedia":[{"embeddable":true,"href":"https:\/\/www.upo.es\/patio-colorado\/wp-json\/wp\/v2\/media\/2974"}],"wp:attachment":[{"href":"https:\/\/www.upo.es\/patio-colorado\/wp-json\/wp\/v2\/media?parent=2966"}],"wp:term":[{"taxonomy":"category","embeddable":true,"href":"https:\/\/www.upo.es\/patio-colorado\/wp-json\/wp\/v2\/categories?post=2966"},{"taxonomy":"post_tag","embeddable":true,"href":"https:\/\/www.upo.es\/patio-colorado\/wp-json\/wp\/v2\/tags?post=2966"}],"curies":[{"name":"wp","href":"https:\/\/api.w.org\/{rel}","templated":true}]}}