{"id":2981,"date":"2021-06-05T09:35:27","date_gmt":"2021-06-05T09:35:27","guid":{"rendered":"https:\/\/www.upo.es\/patio-colorado\/?p=2981"},"modified":"2021-06-05T09:43:37","modified_gmt":"2021-06-05T09:43:37","slug":"el-hogar-de-la-pequenita-y-morenita","status":"publish","type":"post","link":"https:\/\/www.upo.es\/patio-colorado\/2021\/06\/05\/el-hogar-de-la-pequenita-y-morenita\/","title":{"rendered":"El hogar de la \u00abpeque\u00f1ita y morenita\u00bb."},"content":{"rendered":"<p><img loading=\"lazy\" decoding=\"async\" class=\"size-medium wp-image-2982 aligncenter\" src=\"https:\/\/www.upo.es\/patio-colorado\/wp-content\/uploads\/2021\/06\/Santuario-300x194.jpg\" alt=\"\" width=\"300\" height=\"194\" srcset=\"https:\/\/www.upo.es\/patio-colorado\/wp-content\/uploads\/2021\/06\/Santuario-300x194.jpg 300w, https:\/\/www.upo.es\/patio-colorado\/wp-content\/uploads\/2021\/06\/Santuario.jpg 434w\" sizes=\"auto, (max-width: 300px) 100vw, 300px\" \/><\/p>\n<ul>\n<li><strong>Origen e Historia. <\/strong><\/li>\n<\/ul>\n<p>La Bas\u00edlica de Nuestra Se\u00f1ora de la Cabeza es un santuario que se encuentra en la sierra de And\u00fajar, una bonita ciudad de Ja\u00e9n. Este Santuario se construy\u00f3 entre 1287 y 1304 en el cerro de la Cabeza y sufri\u00f3 una reforma a finales del siglo XVI.<\/p>\n<p>El precioso Santuario que vigila desde lo alto del cerro, es uno de los mayores iconos y uno de los principales incentivos que tienen los turistas para visitar And\u00fajar.<\/p>\n<p>El Santuario durante la Virgen de la Cabeza tuvo un importante papel durante la Guerra Civil ya que fue un refugio para cerca de doscientos guardias civiles que se hab\u00edan sublevados a favor del levantamiento militar en Espa\u00f1a. Estos sublevados fueron atrapados en su interior y resistieron durante nueve meses al asedio de los soldados fieles al gobierno republicano. Finalmente, el asedio termin\u00f3 el 1 de mayo de 1937, desgraciadamente el Santuario fue reducido a escombros y es tomado por el bando republicano.<\/p>\n<p>Entre las principales causas de su destrucci\u00f3n hay que destacar los bombardeos del bando republicano debido a la resistencia que estuvieron ejerciendo los sublevados y sus familias que se encontraban en el interior de la Bas\u00edlica. Debido a los ya anteriormente citados bombardeos, el Santuario con una preciosa arquitectura g\u00f3tica se vio reducido a escombros junto con su riqueza art\u00edstica e imagen original de la Virgen de la Cabeza.<\/p>\n<p>&nbsp;<\/p>\n<ul>\n<li><strong>Obtenci\u00f3n del t\u00edtulo de Bas\u00edlica. <\/strong><\/li>\n<\/ul>\n<p>Parec\u00eda un jueves normal como otro cualquiera, pero el jueves 22 de abril de 2010 fue un d\u00eda clave para el Santuario de la Virgen de la Cabeza y para todos sus fieles al igual que para la poblaci\u00f3n de And\u00fajar. La Congregaci\u00f3n Vaticana para el Culto Divino y Disciplina de los Sacramentos que estaba presidida por el Cardenal D. Antonio Ca\u00f1izares Llovera le comunic\u00f3 al Obispo de Ja\u00e9n D. Ram\u00f3n del Hoyo L\u00f3pez que se le conced\u00eda el t\u00edtulo de Bas\u00edlica Menor al Santuario de la Sant\u00edsima Virgen de la Cabeza de Sierra Morena.<\/p>\n<p>&nbsp;<\/p>\n<p><img loading=\"lazy\" decoding=\"async\" class=\"size-medium wp-image-2983 aligncenter\" src=\"https:\/\/www.upo.es\/patio-colorado\/wp-content\/uploads\/2021\/06\/Santuario-2-300x225.jpg\" alt=\"\" width=\"300\" height=\"225\" srcset=\"https:\/\/www.upo.es\/patio-colorado\/wp-content\/uploads\/2021\/06\/Santuario-2-300x225.jpg 300w, https:\/\/www.upo.es\/patio-colorado\/wp-content\/uploads\/2021\/06\/Santuario-2.jpg 425w\" sizes=\"auto, (max-width: 300px) 100vw, 300px\" \/><\/p>\n<ul>\n<li><strong>Curiosidades. <\/strong><\/li>\n<\/ul>\n<p>Desde mi infancia tengo recuerdos de ir a visitar el Santuario con mis padres y abuelas y en un peque\u00f1o pasillo que estaba situado a la izquierda de la entrada hab\u00eda un lugar de culto para todas las victimas de la Guerra Civil.<\/p>\n<p>El ambiente que desprend\u00eda el lugar era pesado debido a que casi se pod\u00eda sentir el dolor de aquellas personas que murieron en la guerra y de sus familiares.<\/p>\n<p>Pese a todo el dolor que desprende el lugar, es una imagen digna de ver y que recomiendo a todas las personas que vayan a visitar tanto And\u00fajar como al Santuario que vayan a verlo.<\/p>\n<p>&nbsp;<\/p>\n","protected":false},"excerpt":{"rendered":"<p>Origen e Historia. La Bas\u00edlica de Nuestra Se\u00f1ora de la Cabeza es un santuario que se encuentra en la sierra de And\u00fajar, una bonita ciudad de Ja\u00e9n. Este Santuario se construy\u00f3 entre 1287 y 1304 en el cerro de la Cabeza y sufri\u00f3 una reforma a finales del siglo XVI. El precioso Santuario que vigila [&hellip;]<\/p>\n","protected":false},"author":59,"featured_media":2982,"comment_status":"open","ping_status":"open","sticky":false,"template":"","format":"standard","meta":{"_acf_changed":false,"_monsterinsights_skip_tracking":false,"_monsterinsights_sitenote_active":false,"_monsterinsights_sitenote_note":"","_monsterinsights_sitenote_category":0,"footnotes":""},"categories":[1,306,44],"tags":[],"class_list":["post-2981","post","type-post","status-publish","format-standard","has-post-thumbnail","hentry","category-sin-categoria","category-jaen","category-patrimonio"],"blocksy_meta":[],"acf":[],"jetpack_featured_media_url":"https:\/\/www.upo.es\/patio-colorado\/wp-content\/uploads\/2021\/06\/Santuario.jpg","_links":{"self":[{"href":"https:\/\/www.upo.es\/patio-colorado\/wp-json\/wp\/v2\/posts\/2981","targetHints":{"allow":["GET"]}}],"collection":[{"href":"https:\/\/www.upo.es\/patio-colorado\/wp-json\/wp\/v2\/posts"}],"about":[{"href":"https:\/\/www.upo.es\/patio-colorado\/wp-json\/wp\/v2\/types\/post"}],"author":[{"embeddable":true,"href":"https:\/\/www.upo.es\/patio-colorado\/wp-json\/wp\/v2\/users\/59"}],"replies":[{"embeddable":true,"href":"https:\/\/www.upo.es\/patio-colorado\/wp-json\/wp\/v2\/comments?post=2981"}],"version-history":[{"count":1,"href":"https:\/\/www.upo.es\/patio-colorado\/wp-json\/wp\/v2\/posts\/2981\/revisions"}],"predecessor-version":[{"id":2984,"href":"https:\/\/www.upo.es\/patio-colorado\/wp-json\/wp\/v2\/posts\/2981\/revisions\/2984"}],"wp:featuredmedia":[{"embeddable":true,"href":"https:\/\/www.upo.es\/patio-colorado\/wp-json\/wp\/v2\/media\/2982"}],"wp:attachment":[{"href":"https:\/\/www.upo.es\/patio-colorado\/wp-json\/wp\/v2\/media?parent=2981"}],"wp:term":[{"taxonomy":"category","embeddable":true,"href":"https:\/\/www.upo.es\/patio-colorado\/wp-json\/wp\/v2\/categories?post=2981"},{"taxonomy":"post_tag","embeddable":true,"href":"https:\/\/www.upo.es\/patio-colorado\/wp-json\/wp\/v2\/tags?post=2981"}],"curies":[{"name":"wp","href":"https:\/\/api.w.org\/{rel}","templated":true}]}}