{"id":3052,"date":"2021-06-08T16:09:09","date_gmt":"2021-06-08T16:09:09","guid":{"rendered":"https:\/\/www.upo.es\/patio-colorado\/?p=3052"},"modified":"2021-06-08T16:09:09","modified_gmt":"2021-06-08T16:09:09","slug":"el-yacimiento-de-el-carambolo-de-tesoro-a-vertedero","status":"publish","type":"post","link":"https:\/\/www.upo.es\/patio-colorado\/2021\/06\/08\/el-yacimiento-de-el-carambolo-de-tesoro-a-vertedero\/","title":{"rendered":"El yacimiento de El Carambolo, de tesoro a vertedero."},"content":{"rendered":"<p><img loading=\"lazy\" decoding=\"async\" class=\" wp-image-3053 aligncenter\" src=\"https:\/\/www.upo.es\/patio-colorado\/wp-content\/uploads\/2021\/06\/Imagen1-1-300x128.jpg\" alt=\"\" width=\"464\" height=\"198\" srcset=\"https:\/\/www.upo.es\/patio-colorado\/wp-content\/uploads\/2021\/06\/Imagen1-1-300x128.jpg 300w, https:\/\/www.upo.es\/patio-colorado\/wp-content\/uploads\/2021\/06\/Imagen1-1.jpg 567w\" sizes=\"auto, (max-width: 464px) 100vw, 464px\" \/><\/p>\n<p>Aquel cerro de Camas en el que se encontr\u00f3 un famoso tesoro en el a\u00f1o 1958 y que fue declarado como Bien de Inter\u00e9s Cultural (<em>BIC<\/em>) est\u00e1 lejos de recuperar el glorioso aspecto que tuvo en su d\u00eda. El cerro del Carambolo est\u00e1 catalogado como zona arqueol\u00f3gica ya que hay grandes vestigios hist\u00f3ricos entre los cuales se encuentran algunos restos de un antiguo palacio fenicio.<\/p>\n<p>Gracias al descubrimiento del denominado Tesoro del Carambolo, se continuaron haciendo excavaciones en las que se descubrieron diversos restos de civilizaciones antiguas, entre los que cabe destacar algunos que datan de la Edad de Bronce. \u00bfQu\u00e9 pas\u00f3 entonces con los restos descubiertos? Pues en el a\u00f1o 2000 el terreno fue adquirido por una promotora inmobiliaria que pretend\u00eda integrar los restos del yacimiento con un hotel que quer\u00edan construir.<\/p>\n<p>El proyecto que ten\u00eda en mente la inmobiliaria no consigui\u00f3 salir adelante y en 2009 se ofertaron los terrenos. La inmobiliaria culp\u00f3 a la Junta de Andaluc\u00eda de que su proyecto no saliera adelante alegando que las restricciones impuestas por la junta eran las culpables de que fracasara el proyecto.<\/p>\n<p>Finalmente, en el a\u00f1o 2016, se declar\u00f3 una amplia zona del cerro como Bien de Inter\u00e9s Cultural bajo la sospecha de que se trata de un lugar importante ya que podr\u00edamos conocer m\u00e1s sobre las primeras culturas que se asentaron en la zona. \u00bfSe solucion\u00f3 algo con todo esto?<\/p>\n<p><img loading=\"lazy\" decoding=\"async\" class=\" wp-image-3054 aligncenter\" src=\"https:\/\/www.upo.es\/patio-colorado\/wp-content\/uploads\/2021\/06\/Imagen2-1.jpg\" alt=\"\" width=\"394\" height=\"247\" \/><\/p>\n<p>La triste realidad es que por muchas medidas que se hayan tomado al declararlo como Bien de Inter\u00e9s Cultural todav\u00eda no se ha actuado sobre la zona, est\u00e1 todo cubierto con una capa de hormig\u00f3n y con muchos escombros, basura y desperdicios los cuales no hacen otra cosa adem\u00e1s de da\u00f1ar el paisaje y el yacimiento.<\/p>\n<p>Es una pena que un lugar como El yacimiento de El Carambolo que ofrece una infinita cantidad de posibilidades de descubrir m\u00e1s sobre los primeros pobladores de estas tierras se encuentre es este deplorable estado y nadie se ponga manos a la obra para solucionar lo que pasa y devolver a los restos que se encuentran enterrados el esplendor que ten\u00edan en el pasado.<\/p>\n","protected":false},"excerpt":{"rendered":"<p>Aquel cerro de Camas en el que se encontr\u00f3 un famoso tesoro en el a\u00f1o 1958 y que fue declarado como Bien de Inter\u00e9s Cultural (BIC) est\u00e1 lejos de recuperar el glorioso aspecto que tuvo en su d\u00eda. El cerro del Carambolo est\u00e1 catalogado como zona arqueol\u00f3gica ya que hay grandes vestigios hist\u00f3ricos entre los [&hellip;]<\/p>\n","protected":false},"author":59,"featured_media":3053,"comment_status":"open","ping_status":"open","sticky":false,"template":"","format":"standard","meta":{"_acf_changed":false,"_monsterinsights_skip_tracking":false,"_monsterinsights_sitenote_active":false,"_monsterinsights_sitenote_note":"","_monsterinsights_sitenote_category":0,"footnotes":""},"categories":[24,166,301],"tags":[],"class_list":["post-3052","post","type-post","status-publish","format-standard","has-post-thumbnail","hentry","category-conservacion-y-restauracion","category-historia-arqueologia","category-sevilla"],"blocksy_meta":[],"acf":[],"jetpack_featured_media_url":"https:\/\/www.upo.es\/patio-colorado\/wp-content\/uploads\/2021\/06\/Imagen1-1.jpg","_links":{"self":[{"href":"https:\/\/www.upo.es\/patio-colorado\/wp-json\/wp\/v2\/posts\/3052","targetHints":{"allow":["GET"]}}],"collection":[{"href":"https:\/\/www.upo.es\/patio-colorado\/wp-json\/wp\/v2\/posts"}],"about":[{"href":"https:\/\/www.upo.es\/patio-colorado\/wp-json\/wp\/v2\/types\/post"}],"author":[{"embeddable":true,"href":"https:\/\/www.upo.es\/patio-colorado\/wp-json\/wp\/v2\/users\/59"}],"replies":[{"embeddable":true,"href":"https:\/\/www.upo.es\/patio-colorado\/wp-json\/wp\/v2\/comments?post=3052"}],"version-history":[{"count":1,"href":"https:\/\/www.upo.es\/patio-colorado\/wp-json\/wp\/v2\/posts\/3052\/revisions"}],"predecessor-version":[{"id":3055,"href":"https:\/\/www.upo.es\/patio-colorado\/wp-json\/wp\/v2\/posts\/3052\/revisions\/3055"}],"wp:featuredmedia":[{"embeddable":true,"href":"https:\/\/www.upo.es\/patio-colorado\/wp-json\/wp\/v2\/media\/3053"}],"wp:attachment":[{"href":"https:\/\/www.upo.es\/patio-colorado\/wp-json\/wp\/v2\/media?parent=3052"}],"wp:term":[{"taxonomy":"category","embeddable":true,"href":"https:\/\/www.upo.es\/patio-colorado\/wp-json\/wp\/v2\/categories?post=3052"},{"taxonomy":"post_tag","embeddable":true,"href":"https:\/\/www.upo.es\/patio-colorado\/wp-json\/wp\/v2\/tags?post=3052"}],"curies":[{"name":"wp","href":"https:\/\/api.w.org\/{rel}","templated":true}]}}