{"id":3057,"date":"2021-06-08T16:37:18","date_gmt":"2021-06-08T16:37:18","guid":{"rendered":"https:\/\/www.upo.es\/patio-colorado\/?p=3057"},"modified":"2021-06-08T16:41:39","modified_gmt":"2021-06-08T16:41:39","slug":"destruiran-la-gran-necropolis-tartesica-de-huelva","status":"publish","type":"post","link":"https:\/\/www.upo.es\/patio-colorado\/2021\/06\/08\/destruiran-la-gran-necropolis-tartesica-de-huelva\/","title":{"rendered":"Destruir\u00e1n la gran necr\u00f3polis tart\u00e9sica de Huelva"},"content":{"rendered":"<p>&nbsp;<\/p>\n<p><img loading=\"lazy\" decoding=\"async\" class=\"alignnone wp-image-3058\" src=\"https:\/\/www.upo.es\/patio-colorado\/wp-content\/uploads\/2021\/06\/descarga-1.jpg\" alt=\"\" width=\"313\" height=\"236\" \/><\/p>\n<p>&nbsp;<\/p>\n<p>La gran necr\u00f3polis situada en Huelva capital, es uno de los elementos m\u00e1s importantes para el estudio del mundo tart\u00e9sico, y actualmente se encuentra en una posible extinci\u00f3n por la construcci\u00f3n de cuatro edificios, que podr\u00e1n llegar a tener quince plantas.<\/p>\n<p><img loading=\"lazy\" decoding=\"async\" class=\"alignright\" src=\"https:\/\/s1.eestatic.com\/2021\/06\/07\/cultura\/patrimonio\/587203466_187384290_1024x576.jpg\" alt=\"Reconstrucci\u00f3n hipot\u00e9tica de los edificios sobre la necr\u00f3polis tart\u00e9sica.\" width=\"329\" height=\"185\" \/>Este yacimiento, es considerado por los expertos como uno de los m\u00e1s espectaculares de la Pen\u00ednsula Ib\u00e9rica, donde enmarca la \u00e9poca desde el siglo VIII y la segunda mitad del siglo VI a.C. El descubrimiento de la necr\u00f3polis fue en los a\u00f1os 60 de las manos del arque\u00f3logo Juan Pedro Garrido Roig; en 2019 se sigui\u00f3 con la excavaci\u00f3n, lo que permiti\u00f3 que hubiera nuevos hallazgos, como por ejemplo, varias tumbas con sus ajuares.<\/p>\n<p>Tras este proyecto, est\u00e1 el Ayuntamiento de Huelva, que ha recibido varias criticas y oposiciones de los ciudadanos y de varios colectivos, como <em>Huelva Te Mira<\/em>\u00a0, que est\u00e1n intentando que paralicen la edificaci\u00f3n, ya que es de gran valor natural, cultural y ambiental.<\/p>\n<p>&nbsp;<\/p>\n","protected":false},"excerpt":{"rendered":"<p>&nbsp; &nbsp; La gran necr\u00f3polis situada en Huelva capital, es uno de los elementos m\u00e1s importantes para el estudio del mundo tart\u00e9sico, y actualmente se encuentra en una posible extinci\u00f3n por la construcci\u00f3n de cuatro edificios, que podr\u00e1n llegar a tener quince plantas. Este yacimiento, es considerado por los expertos como uno de los m\u00e1s [&hellip;]<\/p>\n","protected":false},"author":46,"featured_media":3058,"comment_status":"open","ping_status":"open","sticky":false,"template":"","format":"standard","meta":{"_acf_changed":false,"_monsterinsights_skip_tracking":false,"_monsterinsights_sitenote_active":false,"_monsterinsights_sitenote_note":"","_monsterinsights_sitenote_category":0,"footnotes":""},"categories":[166,303,44,309],"tags":[],"class_list":["post-3057","post","type-post","status-publish","format-standard","has-post-thumbnail","hentry","category-historia-arqueologia","category-huelva","category-patrimonio","category-provincias"],"blocksy_meta":[],"acf":[],"jetpack_featured_media_url":"https:\/\/www.upo.es\/patio-colorado\/wp-content\/uploads\/2021\/06\/descarga-1.jpg","_links":{"self":[{"href":"https:\/\/www.upo.es\/patio-colorado\/wp-json\/wp\/v2\/posts\/3057","targetHints":{"allow":["GET"]}}],"collection":[{"href":"https:\/\/www.upo.es\/patio-colorado\/wp-json\/wp\/v2\/posts"}],"about":[{"href":"https:\/\/www.upo.es\/patio-colorado\/wp-json\/wp\/v2\/types\/post"}],"author":[{"embeddable":true,"href":"https:\/\/www.upo.es\/patio-colorado\/wp-json\/wp\/v2\/users\/46"}],"replies":[{"embeddable":true,"href":"https:\/\/www.upo.es\/patio-colorado\/wp-json\/wp\/v2\/comments?post=3057"}],"version-history":[{"count":2,"href":"https:\/\/www.upo.es\/patio-colorado\/wp-json\/wp\/v2\/posts\/3057\/revisions"}],"predecessor-version":[{"id":3060,"href":"https:\/\/www.upo.es\/patio-colorado\/wp-json\/wp\/v2\/posts\/3057\/revisions\/3060"}],"wp:featuredmedia":[{"embeddable":true,"href":"https:\/\/www.upo.es\/patio-colorado\/wp-json\/wp\/v2\/media\/3058"}],"wp:attachment":[{"href":"https:\/\/www.upo.es\/patio-colorado\/wp-json\/wp\/v2\/media?parent=3057"}],"wp:term":[{"taxonomy":"category","embeddable":true,"href":"https:\/\/www.upo.es\/patio-colorado\/wp-json\/wp\/v2\/categories?post=3057"},{"taxonomy":"post_tag","embeddable":true,"href":"https:\/\/www.upo.es\/patio-colorado\/wp-json\/wp\/v2\/tags?post=3057"}],"curies":[{"name":"wp","href":"https:\/\/api.w.org\/{rel}","templated":true}]}}