{"id":3061,"date":"2021-06-09T11:50:15","date_gmt":"2021-06-09T11:50:15","guid":{"rendered":"https:\/\/www.upo.es\/patio-colorado\/?p=3061"},"modified":"2021-06-09T11:50:15","modified_gmt":"2021-06-09T11:50:15","slug":"la-abadia-del-sacromonte-una-reliquia-en-el-monte","status":"publish","type":"post","link":"https:\/\/www.upo.es\/patio-colorado\/2021\/06\/09\/la-abadia-del-sacromonte-una-reliquia-en-el-monte\/","title":{"rendered":"La Abad\u00eda del Sacromonte, una reliquia en el monte."},"content":{"rendered":"<p><img loading=\"lazy\" decoding=\"async\" class=\" wp-image-3062 aligncenter\" src=\"https:\/\/www.upo.es\/patio-colorado\/wp-content\/uploads\/2021\/06\/Imagen1-2-300x169.jpg\" alt=\"\" width=\"433\" height=\"244\" srcset=\"https:\/\/www.upo.es\/patio-colorado\/wp-content\/uploads\/2021\/06\/Imagen1-2-300x169.jpg 300w, https:\/\/www.upo.es\/patio-colorado\/wp-content\/uploads\/2021\/06\/Imagen1-2-1024x576.jpg 1024w, https:\/\/www.upo.es\/patio-colorado\/wp-content\/uploads\/2021\/06\/Imagen1-2-768x432.jpg 768w, https:\/\/www.upo.es\/patio-colorado\/wp-content\/uploads\/2021\/06\/Imagen1-2.jpg 1299w\" sizes=\"auto, (max-width: 433px) 100vw, 433px\" \/><\/p>\n<p>La Abad\u00eda del Sacromonte es una antigua abad\u00eda del siglo XVII que actualmente es una residencia de can\u00f3nigos, parroquia y museo eclesi\u00e1stico que se encuentra al noroeste de Granada. Para llegar a la Abad\u00eda puedes utilizar dos caminos, o bien accedes por el camino del Sacromonte o por el camino viejo del Fargue.<\/p>\n<p><strong>\u00a0<\/strong><\/p>\n<ul>\n<li><strong>Historia. <\/strong><\/li>\n<\/ul>\n<p>La Abad\u00eda se encuentra en el monte Valpara\u00edso y fue construido sobre los restos hallados del m\u00e1rtir San Cecilio, un Santo muy importante para la historia granadina.<\/p>\n<p>Los restos de San Cecilio fueron encontrados en 1595 durante unas excavaciones en unos antiguos hornos romanos que estaban en el monte Valpara\u00edso. Estas excavaciones descubrieron los restos de San Cecilio, un disc\u00edpulo del Ap\u00f3stol Santiago y patr\u00f3n de la ciudad de Granada. Gracias al descubrimiento de los restos muchas personas comenzaron a peregrinar a este lugar.<\/p>\n<p>Debido a la gran movilizaci\u00f3n de gente que iba a visitar en el lugar en el que fueron descubiertos los restos de San Cecilio, se decidi\u00f3 construir la Abad\u00eda sobre los restos del santo.<\/p>\n<p>Al mismo tiempo que se descubrieron los restos de San Cecilio, fueron descubiertos unas inscripciones en \u00e1rabe sobre placas de plomo que son conocidos como <em>Los Libros Pl\u00fambeos<\/em>. Un dato curioso sobre estos libros es que representaron un intento desesperado de salvarse por parte de los moriscos que eran perseguidos en la pen\u00ednsula por los cristianos. En estos libros se inventaron una revelaci\u00f3n divina que aprobaba la convivencia religiosa entre el cristianismo y el islam, pero el Vaticano terminar\u00eda desmintiendo el contenido de los libros.<\/p>\n<p>&nbsp;<\/p>\n<p><strong>\u00a0<\/strong><strong>Divisi\u00f3n de la Abad\u00eda: <\/strong><\/p>\n<ul>\n<li>Las Santas Cuevas. Cuando se realizaron las excavaciones en las que los restos del santo fueron descubiertos aparecieron un conjunto de cuevas (Las Santas Cuevas) que estaban decoradas con c\u00edrculos, estrellas, flores y el escudo del fundador.<\/li>\n<\/ul>\n<p>Dentro de las cuevas hay un altar con dos im\u00e1genes de cera que provienen de Roma, si continuamos el recorrido llegamos a dos capillas, la Capilla de la Dolorosa y la Capilla de Santiago. Estas capillas estaban decoradas con un retablo de finales del siglo XVII. Junto a Las Santas Cuevas se encuentra el cementerio de los can\u00f3nigos.<\/p>\n<p><strong>\u00a0<\/strong><\/p>\n<ul>\n<li>La Abad\u00eda. La Abad\u00eda desde sus inicios en el siglo XVII tuvo un papel muy relevante como centro cultural y religioso, sin embargo, cay\u00f3 en decadencia por lo que su conservaci\u00f3n fue cada vez peor y se fue deteriorando. La iglesia de la Abad\u00eda est\u00e1 consagrada a la Virgen de la Asunci\u00f3n, que inicialmente iba a tener una planta de nave \u00fanica pero que finalmente se hizo una planta de cruz latina.<\/li>\n<\/ul>\n<p>En la obra con la que se intent\u00f3 ensalzar de nuevo toda la grandeza de la Abad\u00eda tom\u00f3 como referencia al monasterio de El Escorial, pero tras la muerte del obispo la financiaci\u00f3n fue se recort\u00f3 y no pudieron seguir los planos originales que estaban en la biblioteca.<\/p>\n<p>El claustro que se encuentra dentro de la Abad\u00eda es una verdadera obra de arte. Est\u00e1 compuesto por galer\u00edas a los cuatro lados soportadas por columnas toscanas con arcos de medio punto. Entre los espacios de los arcos hay escudos de Castro y estrellas de Salom\u00f3n con funci\u00f3n decorativa. A su vez se pude observar un gran juego de colores ya que mientras que la parte inferior est\u00e1 realizada en canter\u00eda, la superior es de ladrillo.<\/p>\n<p>&nbsp;<\/p>\n<ul>\n<li>El museo. Actualmente la Abad\u00eda del Sacromonte tiene en una de sus zonas un museo con una colecci\u00f3n permanente muy rica. Entre ellas podemos encontrar tratado original de medicina de Averroes o un mapamundi de Ptolomeo adem\u00e1s de un gran n\u00famero de manuscritos sobre religi\u00f3n, derecho o Historia.<\/li>\n<\/ul>\n<p>Si alguna vez tienen la oportunidad de visitar Granada, un destino que no puede faltar en su viaje es la Abad\u00eda del Sacromonte que adem\u00e1s de las impresionantes vistas que ofrece, la propia Abad\u00eda es una obra de arte en s\u00ed con una rica colecci\u00f3n de obras en su museo. Dentro de las paredes de la Abad\u00eda nos trasladamos a una \u00e9poca anterior con un gran encanto.<\/p>\n<p>&nbsp;<\/p>\n","protected":false},"excerpt":{"rendered":"<p>La Abad\u00eda del Sacromonte es una antigua abad\u00eda del siglo XVII que actualmente es una residencia de can\u00f3nigos, parroquia y museo eclesi\u00e1stico que se encuentra al noroeste de Granada. Para llegar a la Abad\u00eda puedes utilizar dos caminos, o bien accedes por el camino del Sacromonte o por el camino viejo del Fargue. \u00a0 Historia. [&hellip;]<\/p>\n","protected":false},"author":59,"featured_media":3062,"comment_status":"open","ping_status":"open","sticky":false,"template":"","format":"standard","meta":{"_acf_changed":false,"_monsterinsights_skip_tracking":false,"_monsterinsights_sitenote_active":false,"_monsterinsights_sitenote_note":"","_monsterinsights_sitenote_category":0,"footnotes":""},"categories":[24,305,166,170],"tags":[],"class_list":["post-3061","post","type-post","status-publish","format-standard","has-post-thumbnail","hentry","category-conservacion-y-restauracion","category-granada","category-historia-arqueologia","category-monumentos-y-turismo"],"blocksy_meta":[],"acf":[],"jetpack_featured_media_url":"https:\/\/www.upo.es\/patio-colorado\/wp-content\/uploads\/2021\/06\/Imagen1-2.jpg","_links":{"self":[{"href":"https:\/\/www.upo.es\/patio-colorado\/wp-json\/wp\/v2\/posts\/3061","targetHints":{"allow":["GET"]}}],"collection":[{"href":"https:\/\/www.upo.es\/patio-colorado\/wp-json\/wp\/v2\/posts"}],"about":[{"href":"https:\/\/www.upo.es\/patio-colorado\/wp-json\/wp\/v2\/types\/post"}],"author":[{"embeddable":true,"href":"https:\/\/www.upo.es\/patio-colorado\/wp-json\/wp\/v2\/users\/59"}],"replies":[{"embeddable":true,"href":"https:\/\/www.upo.es\/patio-colorado\/wp-json\/wp\/v2\/comments?post=3061"}],"version-history":[{"count":1,"href":"https:\/\/www.upo.es\/patio-colorado\/wp-json\/wp\/v2\/posts\/3061\/revisions"}],"predecessor-version":[{"id":3063,"href":"https:\/\/www.upo.es\/patio-colorado\/wp-json\/wp\/v2\/posts\/3061\/revisions\/3063"}],"wp:featuredmedia":[{"embeddable":true,"href":"https:\/\/www.upo.es\/patio-colorado\/wp-json\/wp\/v2\/media\/3062"}],"wp:attachment":[{"href":"https:\/\/www.upo.es\/patio-colorado\/wp-json\/wp\/v2\/media?parent=3061"}],"wp:term":[{"taxonomy":"category","embeddable":true,"href":"https:\/\/www.upo.es\/patio-colorado\/wp-json\/wp\/v2\/categories?post=3061"},{"taxonomy":"post_tag","embeddable":true,"href":"https:\/\/www.upo.es\/patio-colorado\/wp-json\/wp\/v2\/tags?post=3061"}],"curies":[{"name":"wp","href":"https:\/\/api.w.org\/{rel}","templated":true}]}}