{"id":3064,"date":"2021-06-09T16:33:20","date_gmt":"2021-06-09T16:33:20","guid":{"rendered":"https:\/\/www.upo.es\/patio-colorado\/?p=3064"},"modified":"2021-06-09T16:33:20","modified_gmt":"2021-06-09T16:33:20","slug":"la-romeria-de-la-virgen-de-la-cabeza","status":"publish","type":"post","link":"https:\/\/www.upo.es\/patio-colorado\/2021\/06\/09\/la-romeria-de-la-virgen-de-la-cabeza\/","title":{"rendered":"La Romer\u00eda de la Virgen de la Cabeza."},"content":{"rendered":"<p><img loading=\"lazy\" decoding=\"async\" class=\" wp-image-3065 aligncenter\" src=\"https:\/\/www.upo.es\/patio-colorado\/wp-content\/uploads\/2021\/06\/Imagen1-3-300x168.jpg\" alt=\"\" width=\"464\" height=\"260\" srcset=\"https:\/\/www.upo.es\/patio-colorado\/wp-content\/uploads\/2021\/06\/Imagen1-3-300x168.jpg 300w, https:\/\/www.upo.es\/patio-colorado\/wp-content\/uploads\/2021\/06\/Imagen1-3.jpg 580w\" sizes=\"auto, (max-width: 464px) 100vw, 464px\" \/><\/p>\n<p>&nbsp;<\/p>\n<p>La Romer\u00eda de la Virgen de la Cabeza es una de las m\u00e1s antiguas de Espa\u00f1a con casi 800 a\u00f1os de historia. Se comenz\u00f3 a celebrar desde la primera mitad del siglo XIII y siempre comienza el \u00faltimo domingo del mes de abril.<\/p>\n<p>Esta famosa romer\u00eda se desarrolla en Sierra Morena, m\u00e1s concretamente en And\u00fajar, Ja\u00e9n. Junto al Roc\u00edo, la Romer\u00eda de la Virgen de la Cabeza es una de las que m\u00e1s fieles congrega en toda Espa\u00f1a llegando a la impresionante cantidad de un mill\u00f3n de personas. \u00a0La celebraci\u00f3n de esta gran fiesta se divide en tres d\u00edas:<\/p>\n<ul>\n<li><strong> Viernes de Romer\u00eda. <\/strong><\/li>\n<\/ul>\n<p>El primer d\u00eda que da comienzo la celebraci\u00f3n de la Romer\u00eda comienza con la recepci\u00f3n en And\u00fajar de las diferentes Cofrad\u00edas filiales que hay distribuidas por Espa\u00f1a. El alcalde de la ciudad, junto con la Real Cofrad\u00eda Matriz de And\u00fajar reciben en los jardines de Col\u00f3n a todos aquellos que el s\u00e1bado subir\u00e1n al Santuario.<\/p>\n<ul>\n<li><strong>S\u00e1bado de Romer\u00eda. <\/strong><\/li>\n<\/ul>\n<p>El s\u00e1bado de Romer\u00eda comienza con el desfile de la Cofrad\u00eda Matriz por las calles de la ciudad engalanada con flores para recibir a la \u201cPeque\u00f1a y Morenita\u201d como es com\u00fanmente conocida por sus fieles.<\/p>\n<p>La primera parada del trayecto se realiza en la ermita de San Gin\u00e9s, para luego continuar hasta la pradera de \u201cLugar Nuevo\u201d al lado del r\u00edo J\u00e1ndula donde se realiza la tradicional comida para despu\u00e9s continuar el camino hacia el Santuario. Al mismo tiempo, salieron las carretas con multitud de amigos y familias reunidas para celebrar la Romer\u00eda, para despu\u00e9s pararse en el r\u00edo junto a la Cofrad\u00eda Matriz.<\/p>\n<p>Cuando llegan al Santuario se re\u00fanen las cofrad\u00edas para presentarse ante la \u201cPeque\u00f1a y Morenita\u201d donde se crea un gran ambiente de intimidad y una gran participaci\u00f3n de los fieles.<\/p>\n<p>&nbsp;<\/p>\n<ul>\n<li><strong>Domingo de Romer\u00eda. <\/strong><\/li>\n<\/ul>\n<p>El \u00faltimo d\u00eda de la festividad, el Domingo, es el d\u00eda grande de la Romer\u00eda. La fiesta culmina este d\u00eda en el que se instala un altar en la explanada que hay delante del Santuario con el fin de que la mayor\u00eda de los romeros y peregrinos puedan participar en la Eucarist\u00eda. N el momento en el que retumban las campanas del templo (sobre el medio d\u00eda) comienza la procesi\u00f3n de la Sant\u00edsima Virgen de la Cabeza.<\/p>\n<p>Todas las cofrad\u00edas y devotos se forman y agolpan en torno al recorrido que realiza la Imagen. En el momento en que la Imagen vuelve a su camar\u00edn, a su casa, da comienzo un nuevo a\u00f1o para los peregrinos que esperan ansiosos que pase un nuevo a\u00f1o para poder volver a vivir la festividad y ver a la Sant\u00edsima Virgen de la Cabeza.<\/p>\n","protected":false},"excerpt":{"rendered":"<p>&nbsp; La Romer\u00eda de la Virgen de la Cabeza es una de las m\u00e1s antiguas de Espa\u00f1a con casi 800 a\u00f1os de historia. Se comenz\u00f3 a celebrar desde la primera mitad del siglo XIII y siempre comienza el \u00faltimo domingo del mes de abril. Esta famosa romer\u00eda se desarrolla en Sierra Morena, m\u00e1s concretamente en [&hellip;]<\/p>\n","protected":false},"author":59,"featured_media":3065,"comment_status":"open","ping_status":"open","sticky":false,"template":"","format":"standard","meta":{"_acf_changed":false,"_monsterinsights_skip_tracking":false,"_monsterinsights_sitenote_active":false,"_monsterinsights_sitenote_note":"","_monsterinsights_sitenote_category":0,"footnotes":""},"categories":[35,306,23],"tags":[],"class_list":["post-3064","post","type-post","status-publish","format-standard","has-post-thumbnail","hentry","category-fiestas-tradiciones","category-jaen","category-patrimonio-vivo"],"blocksy_meta":[],"acf":[],"jetpack_featured_media_url":"https:\/\/www.upo.es\/patio-colorado\/wp-content\/uploads\/2021\/06\/Imagen1-3.jpg","_links":{"self":[{"href":"https:\/\/www.upo.es\/patio-colorado\/wp-json\/wp\/v2\/posts\/3064","targetHints":{"allow":["GET"]}}],"collection":[{"href":"https:\/\/www.upo.es\/patio-colorado\/wp-json\/wp\/v2\/posts"}],"about":[{"href":"https:\/\/www.upo.es\/patio-colorado\/wp-json\/wp\/v2\/types\/post"}],"author":[{"embeddable":true,"href":"https:\/\/www.upo.es\/patio-colorado\/wp-json\/wp\/v2\/users\/59"}],"replies":[{"embeddable":true,"href":"https:\/\/www.upo.es\/patio-colorado\/wp-json\/wp\/v2\/comments?post=3064"}],"version-history":[{"count":1,"href":"https:\/\/www.upo.es\/patio-colorado\/wp-json\/wp\/v2\/posts\/3064\/revisions"}],"predecessor-version":[{"id":3066,"href":"https:\/\/www.upo.es\/patio-colorado\/wp-json\/wp\/v2\/posts\/3064\/revisions\/3066"}],"wp:featuredmedia":[{"embeddable":true,"href":"https:\/\/www.upo.es\/patio-colorado\/wp-json\/wp\/v2\/media\/3065"}],"wp:attachment":[{"href":"https:\/\/www.upo.es\/patio-colorado\/wp-json\/wp\/v2\/media?parent=3064"}],"wp:term":[{"taxonomy":"category","embeddable":true,"href":"https:\/\/www.upo.es\/patio-colorado\/wp-json\/wp\/v2\/categories?post=3064"},{"taxonomy":"post_tag","embeddable":true,"href":"https:\/\/www.upo.es\/patio-colorado\/wp-json\/wp\/v2\/tags?post=3064"}],"curies":[{"name":"wp","href":"https:\/\/api.w.org\/{rel}","templated":true}]}}