{"id":3068,"date":"2021-06-09T17:22:22","date_gmt":"2021-06-09T17:22:22","guid":{"rendered":"https:\/\/www.upo.es\/patio-colorado\/?p=3068"},"modified":"2021-06-09T17:30:49","modified_gmt":"2021-06-09T17:30:49","slug":"la-otra-cara-natural-de-donana","status":"publish","type":"post","link":"https:\/\/www.upo.es\/patio-colorado\/2021\/06\/09\/la-otra-cara-natural-de-donana\/","title":{"rendered":"La otra cara natural de Do\u00f1ana"},"content":{"rendered":"<p style=\"text-align: left\"><span style=\"font-weight: 400;color: #000000\">\u00a1Buenas tardes coloraos y color\u00e1s! Hoy os traigo de nuevo un poco de la historia y contexto del Parque Nacional de Do\u00f1ana, pero esta vez, de su otra cara. Tuve el placer de visitar este gran espacio protegido, realizando un recorrido desde Cabezudos hasta El Roc\u00edo. En este art\u00edculo os contar\u00e9 un poco sobre las paradas que me parecieron m\u00e1s interesantes, su historia, y que conozc\u00e1is un poco la relaci\u00f3n entre el hombre y la naturaleza establecida entre Do\u00f1ana y sus habitantes a lo largo de la historia.<\/span><\/p>\n<p style=\"text-align: left\"><span style=\"font-weight: 400;color: #000000\">Para ponernos en contexto, el pueblo empieza a funcionar a partir del siglo XIV cuando lo conquistaron los castellanos. Se trata de una poblaci\u00f3n que tiene que ver con lo que era el taifa de Granada. Como ya se conoce, y para ponerse en situaci\u00f3n, Do\u00f1ana, ubicada en la desembocadura del r\u00edo Guadalquivir, entre las provincias andaluzas de Sevilla, C\u00e1diz y Huelva, estaba hecha por dos tipos de procesos naturales, con el agua y con el viento, y con los tipos de materiales que tiene. Sabemos tambi\u00e9n, que la parte final de Do\u00f1ana, por una parte, era la zona de marismas y, por otra parte, estaba la zona de las arenas de la cual se va a hablar un poco en este art\u00edculo.<\/span><\/p>\n<p style=\"text-align: left\"><span style=\"color: #000000\"><span style=\"font-weight: 400\">La primera parada que se hizo fue en Cabezudos, cuya topograf\u00eda era menos quebrada. Aqu\u00ed no vemos chinos, sino que observamos tierra rojiza y muy apelmazada hasta llegar a un momento en que los pinos han dejado de ser grandes y se han puesto m\u00e1s peque\u00f1os. \u00bfQu\u00e9 quiere decir esto? Que las arenas que se encuentran ah\u00ed son arenas que han venido de la playa. Es decir, aqu\u00ed ya no tiene tanto que ver con las grandes arrolladas del Guadalquivir, sino que ya esto ha tenido otro tipo de sedimentaci\u00f3n. Son unas arenas m\u00e1s tranquilas, y aunque esas arenas son las que han venido de la playa, las que est\u00e1n debajo de estas son en el saliente continental que hab\u00eda sobre los que se han ido depositando las arenas. Do\u00f1ana es adem\u00e1s una historia de agua, y es importante tanto el agua que se ve como la que no se ve. Debajo en una de las zonas de la parte de cabezudos, se encuentra el manto de agua m\u00e1s importante: el acu\u00edfero 27. De tal forma, que al ser el suelo arena, deja salir el agua. Por tanto, lo que hay debajo son veneros. \u00bfPor qu\u00e9 aqu\u00ed nos vamos a encontrar ese tipo de flora tan espec\u00edfica y tan rara? Porque, aunque tenga ese plan de <\/span><span style=\"font-weight: 400\">secarrer\u00edo <\/span><span style=\"font-weight: 400\">que tenga ahora mismo, tiene debajo el agua que tiene. Si se visitase en enero, ser\u00eda necesario ir con botas de agua, ya que hay sitios en los cuales no se podr\u00eda andar, pero ahora mismo, el agua est\u00e1 baja, por tanto, no supone un problema. Sin embargo, en a\u00f1os que llueve mucho, el agua de abajo sube y adem\u00e1s hay mucha agua de lluvia, con lo cual hay momentos en que \u00e9stas est\u00e1n discontinuas, se unen unas con otras y forman un arroyo.<\/span><\/span><\/p>\n<figure id=\"attachment_3070\" aria-describedby=\"caption-attachment-3070\" style=\"width: 604px\" class=\"wp-caption aligncenter\"><img loading=\"lazy\" decoding=\"async\" class=\"wp-image-3070 \" src=\"https:\/\/www.upo.es\/patio-colorado\/wp-content\/uploads\/2021\/06\/cabezudos-1024x436.jpg\" alt=\"Imagen propia\" width=\"604\" height=\"257\" srcset=\"https:\/\/www.upo.es\/patio-colorado\/wp-content\/uploads\/2021\/06\/cabezudos-1024x436.jpg 1024w, https:\/\/www.upo.es\/patio-colorado\/wp-content\/uploads\/2021\/06\/cabezudos-300x128.jpg 300w, https:\/\/www.upo.es\/patio-colorado\/wp-content\/uploads\/2021\/06\/cabezudos-768x327.jpg 768w, https:\/\/www.upo.es\/patio-colorado\/wp-content\/uploads\/2021\/06\/cabezudos.jpg 1232w\" sizes=\"auto, (max-width: 604px) 100vw, 604px\" \/><figcaption id=\"caption-attachment-3070\" class=\"wp-caption-text\">Imagen propia<\/figcaption><\/figure>\n<p>&nbsp;<\/p>\n<p><span style=\"font-weight: 400;color: #000000\">Unas compa\u00f1\u00edas holandesas vinieron para sembrar y comprar los eucaliptos. Con lo cual, siembran los eucaliptos y hacen todos los cambios, y experimentan y plantan unas 13 o 14 mil hect\u00e1reas de eucaliptos. Estas mismas personas se hacen una casa en \u201cCabezudos\u201d. \u00bfQu\u00e9 es lo que ha hecho aqu\u00ed la naturaleza? Pues esta peque\u00f1a modelaci\u00f3n, que no es nada m\u00e1s que una peque\u00f1a altura de una peque\u00f1a duna que est\u00e1 ah\u00ed, ellos ponen ah\u00ed su casa y establecen su cuartel general. Cuando gana franco, igual que el intento que se da all\u00ed de conquistar y asimilar todo lo que se hab\u00edan hecho con las compa\u00f1\u00edas, aqu\u00ed tambi\u00e9n. La necesidad aqu\u00ed es el papel, entonces para ir viendo las necesidades de un gobierno y de un pa\u00eds que estaba en una situaci\u00f3n complicada, el gobierno de burgos establece entre las necesidades nacionales, de unos el alimento y de otros el papel. Por tanto, aqu\u00ed se da el mismo proceso que se da con los ingleses. Desde que acaba la guerra civil hasta los a\u00f1os 70 m\u00e1s o menos, se dan dos instrucciones: Una de ellas es la quinta divisi\u00f3n, las divisiones hidrol\u00f3gicas forestales las crean en el siglo XIX y luego la retoma la rep\u00fablica, ya que como bien sabemos, con la desamortizaci\u00f3n todos los bienes que eran municipales, todos los montes, etc., salen a la venta. Hay momento dado en que el gobierno piensa que, si todo se va a ir a la privada, entonces se va a quedar sin patrimonio y se va a quedar, sobre todo, sin capacidad de evitar que quieras hacer un embalse, etc., con lo cual, recapacitan y echan, por as\u00ed decirlo, paso atr\u00e1s a finales del siglo XIX y crean esta instituci\u00f3n que a lo que se ten\u00eda que dedicar era a recomprar si hac\u00eda falta. Se dedicaron a repoblar, poner pinos, y a expropiar todo lo que ten\u00eda que ver con las cancelas de los arroyos para que eso siempre siguiera siendo p\u00fablico y el gobierno tuviera capacidad de respuesta.<\/span><\/p>\n<p><span style=\"font-weight: 400;color: #000000\">Pero, paralelamente, est\u00e1 el patrimonio forestal del estado, que es otra instituci\u00f3n p\u00fablica que aparte, quiere tambi\u00e9n repoblar en funci\u00f3n del papel, que se consideraba una necesidad en aquel momento como bien se ha mencionado anteriormente. Por tanto, llegan aqu\u00ed y empiezan a comprar de la playa hacia aqu\u00ed.<\/span><\/p>\n<p><span style=\"font-weight: 400;color: #000000\">Para que se haga m\u00e1s importante o para magnificar el hecho de que esto se estaba repoblando y de que adem\u00e1s lo iban a presentar como uno de los grandes triunfos de la dictadura, obligan a la gente particular que no te quiere vender a vender. Y si no quieres vender, te expropian, a menos que t\u00fa quites lo que tengas y pongas eucaliptos. Y a estas personas acaban encerr\u00e1ndolas.<\/span><\/p>\n<p><span style=\"font-weight: 400;color: #000000\">Otra de las paradas que hicimos fue el Arroyo de la Rocina, concretamente un punto llamado el Rinc\u00f3n de las Ortigas, donde se dice que empieza el arroyo de las Rocina propiamente dicho. Hasta aqu\u00ed llega como una l\u00ednea y a partir de aqu\u00ed se ampl\u00eda. Pero, \u00bfpor qu\u00e9 ocurre esto? Porque hasta aqu\u00ed han ido llegando una especie de arroyo y otros arroyos m\u00e1s peque\u00f1os de agua que a partir de aqu\u00ed engordan. El arroyo se hace m\u00e1s grande porque tambi\u00e9n, a partir de aqu\u00ed, el nivel fre\u00e1tico est\u00e1 m\u00e1s alto y m\u00e1s cerca de la superficie. Por tanto, lo que antes era solamente una peque\u00f1a l\u00ednea, a partir de aqu\u00ed ya se hace un arroyo. Y es a partir de aqu\u00ed donde se va ampliando mucho m\u00e1s y donde lo que se ve es lo que habr\u00eda debajo de las arenas que han ido viniendo. Se trata de un ambiente selv\u00e1tico, un ambiente donde hay agua, muchos animales que van a comer y una vegetaci\u00f3n muy variada.<\/span><\/p>\n<p>&nbsp;<\/p>\n<figure id=\"attachment_3071\" aria-describedby=\"caption-attachment-3071\" style=\"width: 244px\" class=\"wp-caption alignnone\"><img loading=\"lazy\" decoding=\"async\" class=\" wp-image-3071\" src=\"https:\/\/www.upo.es\/patio-colorado\/wp-content\/uploads\/2021\/06\/arroyorocina-229x300.jpg\" alt=\"\" width=\"244\" height=\"320\" srcset=\"https:\/\/www.upo.es\/patio-colorado\/wp-content\/uploads\/2021\/06\/arroyorocina-229x300.jpg 229w, https:\/\/www.upo.es\/patio-colorado\/wp-content\/uploads\/2021\/06\/arroyorocina.jpg 491w\" sizes=\"auto, (max-width: 244px) 100vw, 244px\" \/><figcaption id=\"caption-attachment-3071\" class=\"wp-caption-text\">Imagen propia<\/figcaption><\/figure>\n<p><span style=\"color: #000000\">Este manglar es de agua dulce generalmente, una ci\u00e9naga de agua dulce. Se combina la que viene de debajo con los arroyos que vienen de arriba. Y la fuerza de esta ci\u00e9naga hace que esto sea dividido y que sea como un arroyo grande y continuado. Po\u00e9ticamente podemos decir que, en todo Do\u00f1ana, es como una especie que es de arena, una especie de Nilo de toda la comarca ya que es una finca verde que une pr\u00e1cticamente desde Moguer hasta El Roc\u00edo, y es el elemento, digamos m\u00e1s importante de la vegetaci\u00f3n. Es una diversidad muy grande a la cual se ha incorporado los eucaliptos, que son los \u00e1rboles que han venido de fuera. Todo lo que tiene que ver con la Rocina tiene que ver con la vida.<\/span><\/p>\n<p><span style=\"color: #000000\">La rocina da la sensaci\u00f3n de estar abierta, pero en realidad, la Rocina es un elemento completamente cerrado, es como si fuera dos murallas.<\/span><\/p>\n<p><span style=\"color: #000000\">La \u00faltima parada de esta visita se hizo en El Roc\u00edo. Un gran aliciente de esta zona son sus amaneceres y atardeceres. Debido a que el \u00e1rea es plana, estos se pueden ver en todo su esplendor. El Roc\u00edo tiene un amanecer espectacular. Justo enfrente del pueblo hay una marisma que refleja todo el paisaje, y donde se pueden ver f\u00e1cilmente aves acu\u00e1ticas de todo tipo. Adem\u00e1s, el lugar cuenta con un fant\u00e1stico atardecer desde el otro lado, con caballos de fondo. (Se puede apreciar en la imagen de abajo).<\/span><\/p>\n<figure id=\"attachment_3072\" aria-describedby=\"caption-attachment-3072\" style=\"width: 636px\" class=\"wp-caption aligncenter\"><img loading=\"lazy\" decoding=\"async\" class=\"wp-image-3072 \" src=\"https:\/\/www.upo.es\/patio-colorado\/wp-content\/uploads\/2021\/06\/WhatsApp-Image-2021-05-29-at-20.09.27-e1623258878743-1024x575.jpeg\" alt=\"\" width=\"636\" height=\"357\" srcset=\"https:\/\/www.upo.es\/patio-colorado\/wp-content\/uploads\/2021\/06\/WhatsApp-Image-2021-05-29-at-20.09.27-e1623258878743-1024x575.jpeg 1024w, https:\/\/www.upo.es\/patio-colorado\/wp-content\/uploads\/2021\/06\/WhatsApp-Image-2021-05-29-at-20.09.27-e1623258878743-300x168.jpeg 300w, https:\/\/www.upo.es\/patio-colorado\/wp-content\/uploads\/2021\/06\/WhatsApp-Image-2021-05-29-at-20.09.27-e1623258878743-768x431.jpeg 768w, https:\/\/www.upo.es\/patio-colorado\/wp-content\/uploads\/2021\/06\/WhatsApp-Image-2021-05-29-at-20.09.27-e1623258878743-1536x862.jpeg 1536w, https:\/\/www.upo.es\/patio-colorado\/wp-content\/uploads\/2021\/06\/WhatsApp-Image-2021-05-29-at-20.09.27-e1623258878743.jpeg 1684w\" sizes=\"auto, (max-width: 636px) 100vw, 636px\" \/><figcaption id=\"caption-attachment-3072\" class=\"wp-caption-text\">Imagen propia<\/figcaption><\/figure>\n<p>&nbsp;<\/p>\n<p style=\"text-align: justify;line-height: 150%;margin: 12.0pt 0cm 0cm 0cm\"><span style=\"color: black\">Por suerte, esta vez pude acudir a la visita guiada al Parque Nacional de Do\u00f1ana, concretamente a ver la segunda y \u00faltima parte de dicha visita. Como bien he reflejado en este art\u00edculo, se trata de la parte de las arenas, un espacio lleno de vegetaci\u00f3n muy diversa, plantas ex\u00f3ticas, etc. La visita me pareci\u00f3 muy enriquecedora, ya que tuvimos el placer de recorrer los distintos lugares que alberga esa parte del parque desde Cabezudos hasta El Roc\u00edo. Tuvimos la oportunidad de conocer la topograf\u00eda del lugar, as\u00ed como la historia sobre las arenas del suelo, y la gran importancia de las aguas (mantos de agua) de Do\u00f1ana. En resumidas cuentas, con esta visita hemos podido conocer la relaci\u00f3n entre el hombre y la naturaleza establecida entre Do\u00f1ana y sus habitantes a lo largo de la historia.<\/span><\/p>\n<p style=\"text-align: justify;line-height: 150%;margin: 12.0pt 0cm 0cm 0cm\"><span style=\"color: black\">Adem\u00e1s, gracias a la visita, hemos podido descubrir tambi\u00e9n que Do\u00f1ana es genial para contemplar el atardecer desde su playa (cerca del Roc\u00edo). As\u00ed como tambi\u00e9n conseguir una aut\u00e9ntica y gran foto con el fondo de los caballos y, con suerte, una bandada de p\u00e1jaros en el fondo, sin contar el pueblo justo detr\u00e1s.<\/span><\/p>\n","protected":false},"excerpt":{"rendered":"<p>\u00a1Buenas tardes coloraos y color\u00e1s! Hoy os traigo de nuevo un poco de la historia y contexto del Parque Nacional de Do\u00f1ana, pero esta vez, de su otra cara. Tuve el placer de visitar este gran espacio protegido, realizando un recorrido desde Cabezudos hasta El Roc\u00edo. En este art\u00edculo os contar\u00e9 un poco sobre las [&hellip;]<\/p>\n","protected":false},"author":52,"featured_media":3069,"comment_status":"open","ping_status":"open","sticky":false,"template":"","format":"standard","meta":{"_acf_changed":false,"_monsterinsights_skip_tracking":false,"_monsterinsights_sitenote_active":false,"_monsterinsights_sitenote_note":"","_monsterinsights_sitenote_category":0,"footnotes":""},"categories":[170,23,44],"tags":[],"class_list":["post-3068","post","type-post","status-publish","format-standard","has-post-thumbnail","hentry","category-monumentos-y-turismo","category-patrimonio-vivo","category-patrimonio"],"blocksy_meta":[],"acf":[],"jetpack_featured_media_url":"https:\/\/www.upo.es\/patio-colorado\/wp-content\/uploads\/2021\/06\/WhatsApp-Image-2021-05-29-at-20.09.32.jpeg","_links":{"self":[{"href":"https:\/\/www.upo.es\/patio-colorado\/wp-json\/wp\/v2\/posts\/3068","targetHints":{"allow":["GET"]}}],"collection":[{"href":"https:\/\/www.upo.es\/patio-colorado\/wp-json\/wp\/v2\/posts"}],"about":[{"href":"https:\/\/www.upo.es\/patio-colorado\/wp-json\/wp\/v2\/types\/post"}],"author":[{"embeddable":true,"href":"https:\/\/www.upo.es\/patio-colorado\/wp-json\/wp\/v2\/users\/52"}],"replies":[{"embeddable":true,"href":"https:\/\/www.upo.es\/patio-colorado\/wp-json\/wp\/v2\/comments?post=3068"}],"version-history":[{"count":3,"href":"https:\/\/www.upo.es\/patio-colorado\/wp-json\/wp\/v2\/posts\/3068\/revisions"}],"predecessor-version":[{"id":3076,"href":"https:\/\/www.upo.es\/patio-colorado\/wp-json\/wp\/v2\/posts\/3068\/revisions\/3076"}],"wp:featuredmedia":[{"embeddable":true,"href":"https:\/\/www.upo.es\/patio-colorado\/wp-json\/wp\/v2\/media\/3069"}],"wp:attachment":[{"href":"https:\/\/www.upo.es\/patio-colorado\/wp-json\/wp\/v2\/media?parent=3068"}],"wp:term":[{"taxonomy":"category","embeddable":true,"href":"https:\/\/www.upo.es\/patio-colorado\/wp-json\/wp\/v2\/categories?post=3068"},{"taxonomy":"post_tag","embeddable":true,"href":"https:\/\/www.upo.es\/patio-colorado\/wp-json\/wp\/v2\/tags?post=3068"}],"curies":[{"name":"wp","href":"https:\/\/api.w.org\/{rel}","templated":true}]}}