{"id":3078,"date":"2021-06-10T13:55:23","date_gmt":"2021-06-10T13:55:23","guid":{"rendered":"https:\/\/www.upo.es\/patio-colorado\/?p=3078"},"modified":"2021-06-10T13:55:23","modified_gmt":"2021-06-10T13:55:23","slug":"jaen-y-el-arte-rupestre-nueva-exposicion-en-bedmar-y-garciez","status":"publish","type":"post","link":"https:\/\/www.upo.es\/patio-colorado\/2021\/06\/10\/jaen-y-el-arte-rupestre-nueva-exposicion-en-bedmar-y-garciez\/","title":{"rendered":"Ja\u00e9n y el arte rupestre: nueva exposici\u00f3n en Bedmar y Garc\u00edez"},"content":{"rendered":"<p>El arte lleva acompa\u00f1ando al ser humano desde sus primeros a\u00f1os de historia y as\u00ed nos lo demuestran la gran cantidad de pinturas de arte rupestre con las que contamos en nuestro territorio. Por ello, el municipio jienense de Bedmar y Garc\u00edez ha organizado una interesante exposici\u00f3n para que todas aquellas personas interesadas puedan descubrir estas formas art\u00edsticas tan primitivas.<\/p>\n<p>Dicha exposici\u00f3n recibe el nombre de \u00abArte Rupestre en Andaluc\u00eda, 20 a\u00f1os de Patrimonio Mundial\u00bb y se encuentra ubicada en el centro Paleom\u00e1gina. Se ha inaugurado recientemente y permanecer\u00e1 abierta al p\u00fablico hasta los \u00faltimos d\u00edas del pr\u00f3ximo mes de septiembre.<\/p>\n<p>Con esta exposici\u00f3n se pretende hacer hincapi\u00e9 en el reconocimiento de la pintura rupestre andaluza como Patrimonio de la Humanidad, reconocimiento concedido hace ya dos d\u00e9cadas, siendo Granada, Almer\u00eda y, por ende, Ja\u00e9n las provincias por excelencia en cuanto al hallazgo de este tipo de obras. En el caso de esta \u00faltima, en las tierras jienenses se ubican 46 de los 69 hallazgos rupestres andaluces, en concreto en localidades como Aldeaquemada, Quesada, Santisteban del Puerto, Jimena (por ejemplo, en La Cueva de la Graja), Santiago-Pontones, Torres (en lugares como la Cueva del Morr\u00f3n) y la Sierra Sur de Ja\u00e9n.<\/p>\n<p>La organizaci\u00f3n ha estado a cargo del Centro de Investigaciones Prehist\u00f3ricas de la comarca, principalmente, y de colaboradores como la Consejer\u00eda de Cultura de la Junta de Andaluc\u00eda, la Diputaci\u00f3n Provincial de Ja\u00e9n, la Caja Rural Ja\u00e9n, la Universidad Aut\u00f3noma de Madrid, el Centro UNESCO Andaluc\u00eda, el centro asociado UNED de Ja\u00e9n y la Fundaci\u00f3n Instituto de Investigaci\u00f3n de Prehistoria y Evoluci\u00f3n Humana. Esta muestra ya hab\u00eda sido expuesta en otras ocasiones, como en el a\u00f1o 2019, en el Museo \u00cdbero de la capital jienense.<\/p>\n<p>&nbsp;<\/p>\n<p><strong>Fuentes:<\/strong><\/p>\n<p>Informaci\u00f3n:<\/p>\n<p><a href=\"https:\/\/www.diariojaen.es\/cultura\/paleomagina-acoge-la-exposicion-arte-rupestre-en-andalucia-20-anos-de-patrimonio-mundial-DN7861959\">Diario Ja\u00e9n<\/a><\/p>\n<p><a href=\"https:\/\/www.horajaen.com\/2021\/06\/09\/paleomagina-acoge-la-exposicion-arte-rupestre-en-andalucia-20-anos-de-patrimonio-mundial\/\">Hora Ja\u00e9n<\/a><\/p>\n<p>Foto de portada:<\/p>\n<p><a href=\"https:\/\/www.horajaen.com\/2021\/06\/09\/paleomagina-acoge-la-exposicion-arte-rupestre-en-andalucia-20-anos-de-patrimonio-mundial\/\">Hora Ja\u00e9n<\/a><\/p>\n","protected":false},"excerpt":{"rendered":"<p>El arte lleva acompa\u00f1ando al ser humano desde sus primeros a\u00f1os de historia y as\u00ed nos lo demuestran la gran cantidad de pinturas de arte rupestre con las que contamos en nuestro territorio. Por ello, el municipio jienense de Bedmar y Garc\u00edez ha organizado una interesante exposici\u00f3n para que todas aquellas personas interesadas puedan descubrir [&hellip;]<\/p>\n","protected":false},"author":50,"featured_media":3079,"comment_status":"open","ping_status":"open","sticky":false,"template":"","format":"standard","meta":{"_acf_changed":false,"_monsterinsights_skip_tracking":false,"_monsterinsights_sitenote_active":false,"_monsterinsights_sitenote_note":"","_monsterinsights_sitenote_category":0,"footnotes":""},"categories":[45,46,12,166,306,44,167,309],"tags":[80,55,39,99,64,346,332,28,85,210],"class_list":["post-3078","post","type-post","status-publish","format-standard","has-post-thumbnail","hentry","category-boletin-colorao","category-en-la-prensa","category-eventos","category-historia-arqueologia","category-jaen","category-patrimonio","category-pintura-escultura","category-provincias","tag-actualidad","tag-andalucia","tag-arqueologia","tag-cultura","tag-patrimonio","tag-patrimoniocultural","tag-sevilla-cultura","tag-arte","tag-exposicion","tag-historia"],"blocksy_meta":[],"acf":[],"jetpack_featured_media_url":"https:\/\/www.upo.es\/patio-colorado\/wp-content\/uploads\/2021\/06\/8-BDMR_presentac6_exposicion_arteRupestre_Paelomagina.jpg","_links":{"self":[{"href":"https:\/\/www.upo.es\/patio-colorado\/wp-json\/wp\/v2\/posts\/3078","targetHints":{"allow":["GET"]}}],"collection":[{"href":"https:\/\/www.upo.es\/patio-colorado\/wp-json\/wp\/v2\/posts"}],"about":[{"href":"https:\/\/www.upo.es\/patio-colorado\/wp-json\/wp\/v2\/types\/post"}],"author":[{"embeddable":true,"href":"https:\/\/www.upo.es\/patio-colorado\/wp-json\/wp\/v2\/users\/50"}],"replies":[{"embeddable":true,"href":"https:\/\/www.upo.es\/patio-colorado\/wp-json\/wp\/v2\/comments?post=3078"}],"version-history":[{"count":6,"href":"https:\/\/www.upo.es\/patio-colorado\/wp-json\/wp\/v2\/posts\/3078\/revisions"}],"predecessor-version":[{"id":3085,"href":"https:\/\/www.upo.es\/patio-colorado\/wp-json\/wp\/v2\/posts\/3078\/revisions\/3085"}],"wp:featuredmedia":[{"embeddable":true,"href":"https:\/\/www.upo.es\/patio-colorado\/wp-json\/wp\/v2\/media\/3079"}],"wp:attachment":[{"href":"https:\/\/www.upo.es\/patio-colorado\/wp-json\/wp\/v2\/media?parent=3078"}],"wp:term":[{"taxonomy":"category","embeddable":true,"href":"https:\/\/www.upo.es\/patio-colorado\/wp-json\/wp\/v2\/categories?post=3078"},{"taxonomy":"post_tag","embeddable":true,"href":"https:\/\/www.upo.es\/patio-colorado\/wp-json\/wp\/v2\/tags?post=3078"}],"curies":[{"name":"wp","href":"https:\/\/api.w.org\/{rel}","templated":true}]}}