{"id":3099,"date":"2021-06-10T18:47:38","date_gmt":"2021-06-10T18:47:38","guid":{"rendered":"https:\/\/www.upo.es\/patio-colorado\/?p=3099"},"modified":"2021-06-10T18:47:38","modified_gmt":"2021-06-10T18:47:38","slug":"la-torre-del-campanario-de-nuestra-senora-de-la-o-en-chipiona","status":"publish","type":"post","link":"https:\/\/www.upo.es\/patio-colorado\/2021\/06\/10\/la-torre-del-campanario-de-nuestra-senora-de-la-o-en-chipiona\/","title":{"rendered":"La torre del campanario de Nuestra Se\u00f1ora de la O en Chipiona"},"content":{"rendered":"<p>Junto a la Parroquia de Nuestra Se\u00f1ora de la O en el pueblo costero de Chipiona se encuentra la torre del campanario, de cuerpo cuadrangular y con un chapitel en lo m\u00e1s alto. En su cara sur presenta vanos rectangulares con la finalidad de iluminar el interior. A la altura de la cornisa, de nuevo en la cara sur y en la oeste, dos relojes p\u00fablicos que se pueden ver desde la plaza de la parroquia. Estos relojes datan del siglo XIX. Pasando la cornisa encontramos finalmente el campanario. Posee un vano de medio punto en cada frente, con pilastras toscanas que apoyan a modo de pedestal, siendo el antepecho del campanario. Tambi\u00e9n podemos apreciar triglifos a lo largo del mismo. Una cornisa volada da pie al chapitel de forma piramidal.<\/p>\n<p>Las l\u00edneas geom\u00e9tricas del campanario se ven se\u00f1aladas por una azulejer\u00eda azul sobre enfoscado blanco y unos jarrones en cer\u00e1mica blanca en la base del chapitel, que perpet\u00faan las l\u00edneas verticales iniciadas en las pilastras. La campana, denominada Santa Mar\u00eda de la O, data de 1828, pero fue refundida en 1881. Existe tambi\u00e9n una campana m\u00e1s peque\u00f1a, llamada San Eduardo, del mismo a\u00f1o de la refundici\u00f3n. Recientemente, en el a\u00f1o 2002, fueron restauradas en Palencia, sustituy\u00e9ndoles las melenas, badajos y rodamientos. Dejaron entonces de funcionar manualmente, incorporando un sistema autom\u00e1tico. En la campana del reloj rezan las inscripciones: \u201c<em>Distingo a tus hijos horas Chipiona, Madre de Amor, para que el tiempo no sea in\u00fatil pues no hay cosa m\u00e1s veloz<\/em>\u201d y \u201c<em>La fundi\u00f3 Francisco Hern\u00e1ndez a expensas de Don Antonio Miranda para el uso del reloj que es propio de esta villa. 1882, San Antonio.<\/em>\u201d<\/p>\n<p>Como curiosidad, la torre del campanario hizo de faro entre los a\u00f1os 1855 a 1867. Esto lo sabemos gracias a un documento del ministerio de Fomento y Obras P\u00fablicas sobre la luz que se ha de instalar en la Parroquia de Chipiona en 1855, que dice as\u00ed:<\/p>\n<p>\u201c<em>El ingeniero jefe del Distrito de Sevilla con fecha de 15 de febrero de 1855 remite por duplicado el aviso a los navegantes de una luz blanca que ha de establecerse en la Torre de la Iglesia de Chipiona. Proceda pasar este anuncio al Ministerio de Marina, para que en su vista se publique por la Direcci\u00f3n Hidrogr\u00e1fica fijando el d\u00eda 1\u00ba de Mayo para el establecimiento de la luz que en \u00e9l se menciona. S. M. resolver\u00e1. Madrid 9 de marzo 1855<\/em>\u201d<\/p>\n<p>Tambi\u00e9n poseemos una orden de la Reina Isabel II del 13 de marzo de 1855:<\/p>\n<p>\u201c<em>S. M. la Reina (q.d.g.) se ha servido disponer que se encienda, el d\u00eda 1\u00ba de Mayo pr\u00f3ximo venidero, la luz, establecida en la torre de la Iglesia de Chipiona, u mandar que por la Direcci\u00f3n de Hidrograf\u00eda se rectifique el anuncio que acompa\u00f1o a V. E., procediendo en su consecuencia a su publicaci\u00f3n con la brevedad posible para conocimiento del comercio. De Real Orden lo comunico a V. E. para los efectos correspondientes derivan.<\/em><em><br \/>\nTraslado de direcci\u00f3n al Ingeniero jefe de Distrito de Sevilla. S- 16 \u2013 Marzo\u201d<\/em><\/p>\n<p>&nbsp;<\/p>\n<p><img loading=\"lazy\" decoding=\"async\" class=\"alignnone size-medium wp-image-3100\" src=\"https:\/\/www.upo.es\/patio-colorado\/wp-content\/uploads\/2021\/06\/27073048_10211238253368153_4039298118484155058_n-224x300.jpg\" alt=\"\" width=\"224\" height=\"300\" srcset=\"https:\/\/www.upo.es\/patio-colorado\/wp-content\/uploads\/2021\/06\/27073048_10211238253368153_4039298118484155058_n-224x300.jpg 224w, https:\/\/www.upo.es\/patio-colorado\/wp-content\/uploads\/2021\/06\/27073048_10211238253368153_4039298118484155058_n.jpg 570w\" sizes=\"auto, (max-width: 224px) 100vw, 224px\" \/> <img loading=\"lazy\" decoding=\"async\" class=\"alignnone size-medium wp-image-3101\" src=\"https:\/\/www.upo.es\/patio-colorado\/wp-content\/uploads\/2021\/06\/27173211_10211238239127797_5020138805119025552_o-170x300.jpg\" alt=\"\" width=\"170\" height=\"300\" srcset=\"https:\/\/www.upo.es\/patio-colorado\/wp-content\/uploads\/2021\/06\/27173211_10211238239127797_5020138805119025552_o-170x300.jpg 170w, https:\/\/www.upo.es\/patio-colorado\/wp-content\/uploads\/2021\/06\/27173211_10211238239127797_5020138805119025552_o.jpg 567w\" sizes=\"auto, (max-width: 170px) 100vw, 170px\" \/> <img loading=\"lazy\" decoding=\"async\" class=\"alignnone size-medium wp-image-3102\" src=\"https:\/\/www.upo.es\/patio-colorado\/wp-content\/uploads\/2021\/06\/27356410_10211238257808264_5694596485638711334_o-300x225.jpg\" alt=\"\" width=\"300\" height=\"225\" srcset=\"https:\/\/www.upo.es\/patio-colorado\/wp-content\/uploads\/2021\/06\/27356410_10211238257808264_5694596485638711334_o-300x225.jpg 300w, https:\/\/www.upo.es\/patio-colorado\/wp-content\/uploads\/2021\/06\/27356410_10211238257808264_5694596485638711334_o-1024x768.jpg 1024w, https:\/\/www.upo.es\/patio-colorado\/wp-content\/uploads\/2021\/06\/27356410_10211238257808264_5694596485638711334_o-768x576.jpg 768w, https:\/\/www.upo.es\/patio-colorado\/wp-content\/uploads\/2021\/06\/27356410_10211238257808264_5694596485638711334_o.jpg 1181w\" sizes=\"auto, (max-width: 300px) 100vw, 300px\" \/> <img loading=\"lazy\" decoding=\"async\" class=\"alignnone size-medium wp-image-3103\" src=\"https:\/\/www.upo.es\/patio-colorado\/wp-content\/uploads\/2021\/06\/27503221_10211238237327752_8822816497368507082_o-190x300.jpg\" alt=\"\" width=\"190\" height=\"300\" srcset=\"https:\/\/www.upo.es\/patio-colorado\/wp-content\/uploads\/2021\/06\/27503221_10211238237327752_8822816497368507082_o-190x300.jpg 190w, https:\/\/www.upo.es\/patio-colorado\/wp-content\/uploads\/2021\/06\/27503221_10211238237327752_8822816497368507082_o-650x1024.jpg 650w, https:\/\/www.upo.es\/patio-colorado\/wp-content\/uploads\/2021\/06\/27503221_10211238237327752_8822816497368507082_o-768x1210.jpg 768w, https:\/\/www.upo.es\/patio-colorado\/wp-content\/uploads\/2021\/06\/27503221_10211238237327752_8822816497368507082_o.jpg 783w\" sizes=\"auto, (max-width: 190px) 100vw, 190px\" \/> <img loading=\"lazy\" decoding=\"async\" class=\"alignnone size-medium wp-image-3104\" src=\"https:\/\/www.upo.es\/patio-colorado\/wp-content\/uploads\/2021\/06\/27655151_10211238237287751_6116923127852253062_n-222x300.jpg\" alt=\"\" width=\"222\" height=\"300\" srcset=\"https:\/\/www.upo.es\/patio-colorado\/wp-content\/uploads\/2021\/06\/27655151_10211238237287751_6116923127852253062_n-222x300.jpg 222w, https:\/\/www.upo.es\/patio-colorado\/wp-content\/uploads\/2021\/06\/27655151_10211238237287751_6116923127852253062_n.jpg 566w\" sizes=\"auto, (max-width: 222px) 100vw, 222px\" \/><\/p>\n","protected":false},"excerpt":{"rendered":"<p>Junto a la Parroquia de Nuestra Se\u00f1ora de la O en el pueblo costero de Chipiona se encuentra la torre del campanario, de cuerpo cuadrangular y con un chapitel en lo m\u00e1s alto. En su cara sur presenta vanos rectangulares con la finalidad de iluminar el interior. A la altura de la cornisa, de nuevo [&hellip;]<\/p>\n","protected":false},"author":64,"featured_media":0,"comment_status":"open","ping_status":"open","sticky":false,"template":"","format":"standard","meta":{"_acf_changed":false,"_monsterinsights_skip_tracking":false,"_monsterinsights_sitenote_active":false,"_monsterinsights_sitenote_note":"","_monsterinsights_sitenote_category":0,"footnotes":""},"categories":[1],"tags":[],"class_list":["post-3099","post","type-post","status-publish","format-standard","hentry","category-sin-categoria"],"blocksy_meta":[],"acf":[],"jetpack_featured_media_url":"","_links":{"self":[{"href":"https:\/\/www.upo.es\/patio-colorado\/wp-json\/wp\/v2\/posts\/3099","targetHints":{"allow":["GET"]}}],"collection":[{"href":"https:\/\/www.upo.es\/patio-colorado\/wp-json\/wp\/v2\/posts"}],"about":[{"href":"https:\/\/www.upo.es\/patio-colorado\/wp-json\/wp\/v2\/types\/post"}],"author":[{"embeddable":true,"href":"https:\/\/www.upo.es\/patio-colorado\/wp-json\/wp\/v2\/users\/64"}],"replies":[{"embeddable":true,"href":"https:\/\/www.upo.es\/patio-colorado\/wp-json\/wp\/v2\/comments?post=3099"}],"version-history":[{"count":1,"href":"https:\/\/www.upo.es\/patio-colorado\/wp-json\/wp\/v2\/posts\/3099\/revisions"}],"predecessor-version":[{"id":3105,"href":"https:\/\/www.upo.es\/patio-colorado\/wp-json\/wp\/v2\/posts\/3099\/revisions\/3105"}],"wp:attachment":[{"href":"https:\/\/www.upo.es\/patio-colorado\/wp-json\/wp\/v2\/media?parent=3099"}],"wp:term":[{"taxonomy":"category","embeddable":true,"href":"https:\/\/www.upo.es\/patio-colorado\/wp-json\/wp\/v2\/categories?post=3099"},{"taxonomy":"post_tag","embeddable":true,"href":"https:\/\/www.upo.es\/patio-colorado\/wp-json\/wp\/v2\/tags?post=3099"}],"curies":[{"name":"wp","href":"https:\/\/api.w.org\/{rel}","templated":true}]}}