{"id":3106,"date":"2021-06-10T18:48:41","date_gmt":"2021-06-10T18:48:41","guid":{"rendered":"https:\/\/www.upo.es\/patio-colorado\/?p=3106"},"modified":"2021-06-10T18:48:41","modified_gmt":"2021-06-10T18:48:41","slug":"la-cruz-del-mar-simbolo-de-chipiona","status":"publish","type":"post","link":"https:\/\/www.upo.es\/patio-colorado\/2021\/06\/10\/la-cruz-del-mar-simbolo-de-chipiona\/","title":{"rendered":"La Cruz del Mar: s\u00edmbolo de Chipiona"},"content":{"rendered":"<p>Uno de los lugares m\u00e1s emblem\u00e1ticos de Chipiona es la Cruz del Mar. Antiguamente era conocida como Puerta de la Mar, funcionaba como puerta mar\u00edtima de entrada y salida de Chipiona de productos con otros pueblos y ciudades del resto de la Pen\u00ednsula y del extranjero a trav\u00e9s del mar. Se ten\u00eda la costumbre de colocar una cruz a las entradas y salidas de los pueblos. En 1878 el Ayuntamiento de Chipiona decide arreglar el paseo mar\u00edtimo, llamado \u201cCruz del Mar\u201d ya que era el cruce entre la costa y una de las calles principales del municipio, la calle Isaac Peral. Se conmemor\u00f3 la reforma con una placa que rezaba: \u201c<em>Se construy\u00f3 en 1820, se reedific\u00f3 en 1878<\/em>\u201d y se sustituy\u00f3 la cruz de madera por una de hierro. M\u00e1s adelante, en 1912, las bajadas a la playa se realizan por dos rampas, y varios hermanos de la Hermandad del Cristo de las Misericordias pusieron una nueva cruz en el monumento costero. La columna de m\u00e1rmol que sosten\u00eda el pedestal de piedra ostionera donde se hallaba la Cruz del Mar se coloc\u00f3 en 1955 y fue subvencionada por la familia sevillana S\u00e1nchez Bedoya. En 1991 se renov\u00f3 la cruz, ahora hecha de acero inoxidable.<\/p>\n<p>Existe una creencia generalizada de que la Cruz del Mar se erigi\u00f3 por el famoso Maremoto de Lisboa de 1755, pero conservamos pruebas de que dicho monumento costero exist\u00eda antes de esa fecha. Sin embargo, cuando sucede la cat\u00e1strofe el 1 de noviembre de 1755, a las 10 A.M., el pueblo chipionero y los hermanos del Cristo de la Misericordia acordaron llevar la figura religiosa de la hermandad para que \u201c<em>intercediese por ellos<\/em>\u201d. Desde entonces, todos los a\u00f1os se realiza el acto, recorriendo de nuevo el trayecto que el Cristo de las Misericordias realiz\u00f3 ese d\u00eda.<img loading=\"lazy\" decoding=\"async\" class=\"alignnone size-medium wp-image-3107\" src=\"https:\/\/www.upo.es\/patio-colorado\/wp-content\/uploads\/2021\/06\/22852168_10210583158751197_3235835640271014270_n-300x161.jpg\" alt=\"\" width=\"300\" height=\"161\" srcset=\"https:\/\/www.upo.es\/patio-colorado\/wp-content\/uploads\/2021\/06\/22852168_10210583158751197_3235835640271014270_n-300x161.jpg 300w, https:\/\/www.upo.es\/patio-colorado\/wp-content\/uploads\/2021\/06\/22852168_10210583158751197_3235835640271014270_n.jpg 709w\" sizes=\"auto, (max-width: 300px) 100vw, 300px\" \/> <img loading=\"lazy\" decoding=\"async\" class=\"alignnone size-medium wp-image-3108\" src=\"https:\/\/www.upo.es\/patio-colorado\/wp-content\/uploads\/2021\/06\/22894004_10210583149790973_6797478034008932768_n-221x300.jpg\" alt=\"\" width=\"221\" height=\"300\" srcset=\"https:\/\/www.upo.es\/patio-colorado\/wp-content\/uploads\/2021\/06\/22894004_10210583149790973_6797478034008932768_n-221x300.jpg 221w, https:\/\/www.upo.es\/patio-colorado\/wp-content\/uploads\/2021\/06\/22894004_10210583149790973_6797478034008932768_n.jpg 523w\" sizes=\"auto, (max-width: 221px) 100vw, 221px\" \/> <img loading=\"lazy\" decoding=\"async\" class=\"alignnone size-medium wp-image-3109\" src=\"https:\/\/www.upo.es\/patio-colorado\/wp-content\/uploads\/2021\/06\/22894063_10210583149550967_3712583026922965825_n-300x161.jpg\" alt=\"\" width=\"300\" height=\"161\" srcset=\"https:\/\/www.upo.es\/patio-colorado\/wp-content\/uploads\/2021\/06\/22894063_10210583149550967_3712583026922965825_n-300x161.jpg 300w, https:\/\/www.upo.es\/patio-colorado\/wp-content\/uploads\/2021\/06\/22894063_10210583149550967_3712583026922965825_n.jpg 709w\" sizes=\"auto, (max-width: 300px) 100vw, 300px\" \/> <img loading=\"lazy\" decoding=\"async\" class=\"alignnone size-medium wp-image-3110\" src=\"https:\/\/www.upo.es\/patio-colorado\/wp-content\/uploads\/2021\/06\/22904727_10210583154271085_1435541404806632996_o-225x300.jpg\" alt=\"\" width=\"225\" height=\"300\" srcset=\"https:\/\/www.upo.es\/patio-colorado\/wp-content\/uploads\/2021\/06\/22904727_10210583154271085_1435541404806632996_o-225x300.jpg 225w, https:\/\/www.upo.es\/patio-colorado\/wp-content\/uploads\/2021\/06\/22904727_10210583154271085_1435541404806632996_o-768x1024.jpg 768w, https:\/\/www.upo.es\/patio-colorado\/wp-content\/uploads\/2021\/06\/22904727_10210583154271085_1435541404806632996_o.jpg 1063w\" sizes=\"auto, (max-width: 225px) 100vw, 225px\" \/> <img loading=\"lazy\" decoding=\"async\" class=\"alignnone size-medium wp-image-3111\" src=\"https:\/\/www.upo.es\/patio-colorado\/wp-content\/uploads\/2021\/06\/22904756_10210583156951152_1637969554566980591_o-221x300.jpg\" alt=\"\" width=\"221\" height=\"300\" srcset=\"https:\/\/www.upo.es\/patio-colorado\/wp-content\/uploads\/2021\/06\/22904756_10210583156951152_1637969554566980591_o-221x300.jpg 221w, https:\/\/www.upo.es\/patio-colorado\/wp-content\/uploads\/2021\/06\/22904756_10210583156951152_1637969554566980591_o-753x1024.jpg 753w, https:\/\/www.upo.es\/patio-colorado\/wp-content\/uploads\/2021\/06\/22904756_10210583156951152_1637969554566980591_o-768x1045.jpg 768w, https:\/\/www.upo.es\/patio-colorado\/wp-content\/uploads\/2021\/06\/22904756_10210583156951152_1637969554566980591_o.jpg 1085w\" sizes=\"auto, (max-width: 221px) 100vw, 221px\" \/> <img loading=\"lazy\" decoding=\"async\" class=\"alignnone size-medium wp-image-3112\" src=\"https:\/\/www.upo.es\/patio-colorado\/wp-content\/uploads\/2021\/06\/23120019_10210583158991203_6178043487306895239_o-206x300.jpg\" alt=\"\" width=\"206\" height=\"300\" srcset=\"https:\/\/www.upo.es\/patio-colorado\/wp-content\/uploads\/2021\/06\/23120019_10210583158991203_6178043487306895239_o-206x300.jpg 206w, https:\/\/www.upo.es\/patio-colorado\/wp-content\/uploads\/2021\/06\/23120019_10210583158991203_6178043487306895239_o-703x1024.jpg 703w, https:\/\/www.upo.es\/patio-colorado\/wp-content\/uploads\/2021\/06\/23120019_10210583158991203_6178043487306895239_o-768x1119.jpg 768w, https:\/\/www.upo.es\/patio-colorado\/wp-content\/uploads\/2021\/06\/23120019_10210583158991203_6178043487306895239_o-1054x1536.jpg 1054w, https:\/\/www.upo.es\/patio-colorado\/wp-content\/uploads\/2021\/06\/23120019_10210583158991203_6178043487306895239_o.jpg 1153w\" sizes=\"auto, (max-width: 206px) 100vw, 206px\" \/><\/p>\n","protected":false},"excerpt":{"rendered":"<p>Uno de los lugares m\u00e1s emblem\u00e1ticos de Chipiona es la Cruz del Mar. Antiguamente era conocida como Puerta de la Mar, funcionaba como puerta mar\u00edtima de entrada y salida de Chipiona de productos con otros pueblos y ciudades del resto de la Pen\u00ednsula y del extranjero a trav\u00e9s del mar. Se ten\u00eda la costumbre de [&hellip;]<\/p>\n","protected":false},"author":64,"featured_media":0,"comment_status":"open","ping_status":"open","sticky":false,"template":"","format":"standard","meta":{"_acf_changed":false,"_monsterinsights_skip_tracking":false,"_monsterinsights_sitenote_active":false,"_monsterinsights_sitenote_note":"","_monsterinsights_sitenote_category":0,"footnotes":""},"categories":[1],"tags":[],"class_list":["post-3106","post","type-post","status-publish","format-standard","hentry","category-sin-categoria"],"blocksy_meta":[],"acf":[],"jetpack_featured_media_url":"","_links":{"self":[{"href":"https:\/\/www.upo.es\/patio-colorado\/wp-json\/wp\/v2\/posts\/3106","targetHints":{"allow":["GET"]}}],"collection":[{"href":"https:\/\/www.upo.es\/patio-colorado\/wp-json\/wp\/v2\/posts"}],"about":[{"href":"https:\/\/www.upo.es\/patio-colorado\/wp-json\/wp\/v2\/types\/post"}],"author":[{"embeddable":true,"href":"https:\/\/www.upo.es\/patio-colorado\/wp-json\/wp\/v2\/users\/64"}],"replies":[{"embeddable":true,"href":"https:\/\/www.upo.es\/patio-colorado\/wp-json\/wp\/v2\/comments?post=3106"}],"version-history":[{"count":2,"href":"https:\/\/www.upo.es\/patio-colorado\/wp-json\/wp\/v2\/posts\/3106\/revisions"}],"predecessor-version":[{"id":3254,"href":"https:\/\/www.upo.es\/patio-colorado\/wp-json\/wp\/v2\/posts\/3106\/revisions\/3254"}],"wp:attachment":[{"href":"https:\/\/www.upo.es\/patio-colorado\/wp-json\/wp\/v2\/media?parent=3106"}],"wp:term":[{"taxonomy":"category","embeddable":true,"href":"https:\/\/www.upo.es\/patio-colorado\/wp-json\/wp\/v2\/categories?post=3106"},{"taxonomy":"post_tag","embeddable":true,"href":"https:\/\/www.upo.es\/patio-colorado\/wp-json\/wp\/v2\/tags?post=3106"}],"curies":[{"name":"wp","href":"https:\/\/api.w.org\/{rel}","templated":true}]}}