{"id":3114,"date":"2021-06-10T18:49:35","date_gmt":"2021-06-10T18:49:35","guid":{"rendered":"https:\/\/www.upo.es\/patio-colorado\/?p=3114"},"modified":"2021-06-10T18:49:35","modified_gmt":"2021-06-10T18:49:35","slug":"la-virgen-del-carmen-y-su-devocion-en-chipiona","status":"publish","type":"post","link":"https:\/\/www.upo.es\/patio-colorado\/2021\/06\/10\/la-virgen-del-carmen-y-su-devocion-en-chipiona\/","title":{"rendered":"La Virgen del Carmen y su devoci\u00f3n en Chipiona"},"content":{"rendered":"<p>La virgen del Carmen siempre ha tenido gran devoci\u00f3n por parte de los marineros, convirti\u00e9ndose en su patrona y de la Marina Espa\u00f1ola desde 1901 por la orden de la Reina Mar\u00eda Cristina. Sin embargo, no es la \u00fanica Virgen a la cu\u00e1l adoran los navegantes: tambi\u00e9n rezaban a la Virgen de Regla, del Rosario, de Guadalupe\u2026<\/p>\n<p>En la Parroquia del pueblo costero gaditano de Chipiona se encuentra una representaci\u00f3n de la Virgen del Carmen, la cual carece de fecha y autor que se conozca. Solo se poseen datos de la restauraci\u00f3n en el a\u00f1o 1931 de una Virgen Pastora, que al menos exist\u00eda desde 1785, siendo p\u00e1rroco de Chipiona Don Francisco Lara y Araujo. A pesar de la escasa documentaci\u00f3n sobre la fecha en que se comenz\u00f3 la procesi\u00f3n de la Virgen del Carmen en el pueblo, seg\u00fan los datos orales, fue a mediados del siglo XX cuando se inici\u00f3 la primera procesi\u00f3n por el mar, en 1953.<\/p>\n<p>En un principio, era paseada desde la Parroquia a la playa del Cruz del Mar, y all\u00ed se embarcaba y paseaba por el mar. A partir de los a\u00f1os 90 se comenz\u00f3 a embarcarla desde el Muelle Pesquero debido al horario de las mareas, el cual a veces dificultaba el paseo mar\u00edtimo de la misma. Era tal la tradici\u00f3n que estaba mal visto ba\u00f1arse antes del 16 de julio, d\u00eda de la Virgen del Carmen. Con esta festividad se iniciaba la temporada de playa y de verano, y con la festividad de la Virgen de Regla el 8 de septiembre se acaba la misma.<\/p>\n<p>La festividad de la Virgen del Carmen llena el pueblo chipionero de vida, instal\u00e1ndose casetas, adornos, atracciones recreativas y celebr\u00e1ndose festejos, actuaciones musicales y tablados, finalizando con fuegos artificiales a las 12 de la noche en la playa del Muelle.<img loading=\"lazy\" decoding=\"async\" class=\"alignnone size-medium wp-image-3115\" src=\"https:\/\/www.upo.es\/patio-colorado\/wp-content\/uploads\/2021\/06\/19577177_10209838360891716_780999027218683563_o-300x191.jpg\" alt=\"\" width=\"300\" height=\"191\" srcset=\"https:\/\/www.upo.es\/patio-colorado\/wp-content\/uploads\/2021\/06\/19577177_10209838360891716_780999027218683563_o-300x191.jpg 300w, https:\/\/www.upo.es\/patio-colorado\/wp-content\/uploads\/2021\/06\/19577177_10209838360891716_780999027218683563_o-1024x651.jpg 1024w, https:\/\/www.upo.es\/patio-colorado\/wp-content\/uploads\/2021\/06\/19577177_10209838360891716_780999027218683563_o-768x489.jpg 768w, https:\/\/www.upo.es\/patio-colorado\/wp-content\/uploads\/2021\/06\/19577177_10209838360891716_780999027218683563_o.jpg 1476w\" sizes=\"auto, (max-width: 300px) 100vw, 300px\" \/> <img loading=\"lazy\" decoding=\"async\" class=\"alignnone size-medium wp-image-3116\" src=\"https:\/\/www.upo.es\/patio-colorado\/wp-content\/uploads\/2021\/06\/19990117_10209838363771788_8468856067770872189_n-300x191.jpg\" alt=\"\" width=\"300\" height=\"191\" srcset=\"https:\/\/www.upo.es\/patio-colorado\/wp-content\/uploads\/2021\/06\/19990117_10209838363771788_8468856067770872189_n-300x191.jpg 300w, https:\/\/www.upo.es\/patio-colorado\/wp-content\/uploads\/2021\/06\/19990117_10209838363771788_8468856067770872189_n.jpg 709w\" sizes=\"auto, (max-width: 300px) 100vw, 300px\" \/> <img loading=\"lazy\" decoding=\"async\" class=\"alignnone size-medium wp-image-3117\" src=\"https:\/\/www.upo.es\/patio-colorado\/wp-content\/uploads\/2021\/06\/19990603_10209838360451705_2042115893121971061_n-300x196.jpg\" alt=\"\" width=\"300\" height=\"196\" srcset=\"https:\/\/www.upo.es\/patio-colorado\/wp-content\/uploads\/2021\/06\/19990603_10209838360451705_2042115893121971061_n-300x196.jpg 300w, https:\/\/www.upo.es\/patio-colorado\/wp-content\/uploads\/2021\/06\/19990603_10209838360451705_2042115893121971061_n.jpg 709w\" sizes=\"auto, (max-width: 300px) 100vw, 300px\" \/> <img loading=\"lazy\" decoding=\"async\" class=\"alignnone size-medium wp-image-3118\" src=\"https:\/\/www.upo.es\/patio-colorado\/wp-content\/uploads\/2021\/06\/20108596_10209838357011619_2494668166571775268_n-195x300.jpg\" alt=\"\" width=\"195\" height=\"300\" srcset=\"https:\/\/www.upo.es\/patio-colorado\/wp-content\/uploads\/2021\/06\/20108596_10209838357011619_2494668166571775268_n-195x300.jpg 195w, https:\/\/www.upo.es\/patio-colorado\/wp-content\/uploads\/2021\/06\/20108596_10209838357011619_2494668166571775268_n.jpg 461w\" sizes=\"auto, (max-width: 195px) 100vw, 195px\" \/><\/p>\n","protected":false},"excerpt":{"rendered":"<p>La virgen del Carmen siempre ha tenido gran devoci\u00f3n por parte de los marineros, convirti\u00e9ndose en su patrona y de la Marina Espa\u00f1ola desde 1901 por la orden de la Reina Mar\u00eda Cristina. Sin embargo, no es la \u00fanica Virgen a la cu\u00e1l adoran los navegantes: tambi\u00e9n rezaban a la Virgen de Regla, del Rosario, [&hellip;]<\/p>\n","protected":false},"author":64,"featured_media":0,"comment_status":"open","ping_status":"open","sticky":false,"template":"","format":"standard","meta":{"_acf_changed":false,"_monsterinsights_skip_tracking":false,"_monsterinsights_sitenote_active":false,"_monsterinsights_sitenote_note":"","_monsterinsights_sitenote_category":0,"footnotes":""},"categories":[1],"tags":[],"class_list":["post-3114","post","type-post","status-publish","format-standard","hentry","category-sin-categoria"],"blocksy_meta":[],"acf":[],"jetpack_featured_media_url":"","_links":{"self":[{"href":"https:\/\/www.upo.es\/patio-colorado\/wp-json\/wp\/v2\/posts\/3114","targetHints":{"allow":["GET"]}}],"collection":[{"href":"https:\/\/www.upo.es\/patio-colorado\/wp-json\/wp\/v2\/posts"}],"about":[{"href":"https:\/\/www.upo.es\/patio-colorado\/wp-json\/wp\/v2\/types\/post"}],"author":[{"embeddable":true,"href":"https:\/\/www.upo.es\/patio-colorado\/wp-json\/wp\/v2\/users\/64"}],"replies":[{"embeddable":true,"href":"https:\/\/www.upo.es\/patio-colorado\/wp-json\/wp\/v2\/comments?post=3114"}],"version-history":[{"count":2,"href":"https:\/\/www.upo.es\/patio-colorado\/wp-json\/wp\/v2\/posts\/3114\/revisions"}],"predecessor-version":[{"id":3252,"href":"https:\/\/www.upo.es\/patio-colorado\/wp-json\/wp\/v2\/posts\/3114\/revisions\/3252"}],"wp:attachment":[{"href":"https:\/\/www.upo.es\/patio-colorado\/wp-json\/wp\/v2\/media?parent=3114"}],"wp:term":[{"taxonomy":"category","embeddable":true,"href":"https:\/\/www.upo.es\/patio-colorado\/wp-json\/wp\/v2\/categories?post=3114"},{"taxonomy":"post_tag","embeddable":true,"href":"https:\/\/www.upo.es\/patio-colorado\/wp-json\/wp\/v2\/tags?post=3114"}],"curies":[{"name":"wp","href":"https:\/\/api.w.org\/{rel}","templated":true}]}}