{"id":3195,"date":"2021-06-15T13:31:43","date_gmt":"2021-06-15T13:31:43","guid":{"rendered":"https:\/\/www.upo.es\/patio-colorado\/?p=3195"},"modified":"2021-06-15T13:31:43","modified_gmt":"2021-06-15T13:31:43","slug":"ese-toro-negro-y-enorme-osborne","status":"publish","type":"post","link":"https:\/\/www.upo.es\/patio-colorado\/2021\/06\/15\/ese-toro-negro-y-enorme-osborne\/","title":{"rendered":"Ese Toro Negro y Enorme.- Osborne"},"content":{"rendered":"<p style=\"text-align: center\">Ese Toro Negro y Enorme<\/p>\n<p style=\"text-align: center\">A Espa\u00f1a negra y vac\u00eda,<\/p>\n<p style=\"text-align: center\">Oscura como la noche,<\/p>\n<p style=\"text-align: center\">La llena un toro de sombra,<\/p>\n<p style=\"text-align: center\">Un toro negro y enorme<\/p>\n<p style=\"text-align: center\"><em>\u00a1Tenebroso toro Osborne!<\/em><\/p>\n<p style=\"text-align: center\">\u00bfPorqu\u00e9 ese toro fantasma<\/p>\n<p style=\"text-align: center\">por las llanuras y montes<\/p>\n<p style=\"text-align: center\">de Espa\u00f1a entera,<\/p>\n<p style=\"text-align: center\">nos sale al paso<\/p>\n<p style=\"text-align: center\">como un reproche?<\/p>\n<p style=\"text-align: center\"><em>\u00a1Tenebroso toro Osborne!<\/em><\/p>\n<p style=\"text-align: right\">Autor: Jos\u00e9 Bergam\u00edn<\/p>\n<p>Con estas letras de Jos\u00e9 Bergam\u00edn comienza el libro que la asociaci\u00f3n cultura <a href=\"https:\/\/www.accioncultural.es\/\">Espa\u00f1a Abierta<\/a>, \u00a0junto con el patrocinio de Osborne, y bajo el t\u00edtulo <strong>Un Toro Negro Y Enorme El Toro Osborne Marca, S\u00edmbolo, T\u00f3tem,<\/strong>se public\u00f3 el a\u00f1o 1994 sobre el toro, s\u00edmbolo de la marca de vinos y brandy Osborne. Y es de este libro del que adelanto algunos pasajes para introducir esta marca, vaya e icono espa\u00f1ol que lejos de morir como hubieran querido algunos, ha sobrevivido al paso del tiempo con muchas menos arrugas y heridas que otros tantos.<\/p>\n<p>Todos y cada uno de los espa\u00f1oles que nos hemos criado en Espa\u00f1a estamos acostumbrados a ver desde muy peque\u00f1os la figura de ese toro (verdaderamente negro y enrome) en el <em>land scape<\/em> de cada carretera. Y s\u00ed, enseguida lo relacionamos con lo nuestro, con lo espa\u00f1ol, y tambi\u00e9n con la marca de las bodegas Osborne. Pero, indaguemos un poco m\u00e1s para saber que hay detr\u00e1s de esa vaya publicitaria \u00bfque lleva detr\u00e1s la figura del toro?<\/p>\n<p>La vaya del toro est\u00e1 pintada como un relieve egipcio del segundo milenio, una parte del cuerpo de perfil y otra de frente: el contorno est\u00e1 formado por cabeza de frente y el resto de perfil y las patas nuevamente de forma frontal. Podr\u00edamos decir que este toro es un sistema de s\u00edmbolos gr\u00e1ficos y que podemos enumerar como; dos cuernos puntiagudos, una cabeza de minotauro de orejas irregulares, un cuerpo largo y negro, una papada suave delante de sus patas delanteras, su vergajo en \u00e1ngulo agudo, sus criadillas en c\u00edrculo, un rabo que sale de la mitad de los cuartos traseros, cuatro patas que son cuatro pilares y un trozo de cielo azul entre el rabo y las patas traseras.<\/p>\n<figure id=\"attachment_3198\" aria-describedby=\"caption-attachment-3198\" style=\"width: 750px\" class=\"wp-caption aligncenter\"><img loading=\"lazy\" decoding=\"async\" class=\"size-full wp-image-3198\" src=\"https:\/\/www.upo.es\/patio-colorado\/wp-content\/uploads\/2021\/06\/Evolucion-Toro.jpg\" alt=\"\" width=\"750\" height=\"510\" srcset=\"https:\/\/www.upo.es\/patio-colorado\/wp-content\/uploads\/2021\/06\/Evolucion-Toro.jpg 750w, https:\/\/www.upo.es\/patio-colorado\/wp-content\/uploads\/2021\/06\/Evolucion-Toro-300x204.jpg 300w\" sizes=\"auto, (max-width: 750px) 100vw, 750px\" \/><figcaption id=\"caption-attachment-3198\" class=\"wp-caption-text\">Imagen cedida por Grupo Osborne<\/figcaption><\/figure>\n<p>En los inicios se baraja poner los cuernos como botellas de vino y catavinos a forma de ojos, pero poco a poco se decide depurar esa imagen, incluso hasta se lleg\u00f3 a quitar el nombre de la marca, esto ya m\u00e1s cercano debido a la ley de carreteras que un gobierno creo.<\/p>\n<p>En 1956, Manolo Prieto de la agencia de publicidad Azor, dise\u00f1\u00f3 el logo de Osborne a partir de un boceto en carboncillo sobre papel. Un encargo de las Bodegas para crear la imagen de marca del Brandy Veterano e incorporarla a sus etiquetas.<\/p>\n<p>Posteriormente, la Bodega contacto con un empresario portuense y le encarg\u00f3 a Jos\u00e9 Tejada Prieto, artesano de la forja y primer ejecutor de la silueta del Toro de Manolo Prieto. En el a\u00f1o 1957 sali\u00f3 la primera vaya, pero erar de madera, pero de los peque\u00f1os, 7 metros de altura, y los fuertes vientos que azotan El Puerto de Santa Mar\u00eda, sede social de las Bodegas, consiguieron tirar la vaya. Pero en 1961 naci\u00f3 el primer toro ya de 14 metros de altura y de las caracter\u00edsticas que podemos ver en todas las carreteras de nuestra tierra. Sin embargo, los avatares de la vida, hizo que le cediera el testigo a su hermano <a href=\"http:\/\/www.felixtejadacerrajeriayforja.es\/html\/felix_tejada_prieto.php\">F\u00e9lix Tejada<\/a>, quien la mayor\u00eda de nosotros hemos conocido ya en el proceso de las \u00faltimas vayas y en la reparaci\u00f3n de todas ellas.<\/p>\n<p>&nbsp;<\/p>\n<figure id=\"attachment_3197\" aria-describedby=\"caption-attachment-3197\" style=\"width: 750px\" class=\"wp-caption aligncenter\"><img loading=\"lazy\" decoding=\"async\" class=\"size-full wp-image-3197\" src=\"https:\/\/www.upo.es\/patio-colorado\/wp-content\/uploads\/2021\/06\/Primer-Toro-.jpg\" alt=\"\" width=\"750\" height=\"735\" srcset=\"https:\/\/www.upo.es\/patio-colorado\/wp-content\/uploads\/2021\/06\/Primer-Toro-.jpg 750w, https:\/\/www.upo.es\/patio-colorado\/wp-content\/uploads\/2021\/06\/Primer-Toro--300x294.jpg 300w\" sizes=\"auto, (max-width: 750px) 100vw, 750px\" \/><figcaption id=\"caption-attachment-3197\" class=\"wp-caption-text\">Imagen cedida por Grupo Osborne<\/figcaption><\/figure>\n<p>Si bien el dise\u00f1o corri\u00f3 de la mano de la Agencia Azor, a trav\u00e9s del dise\u00f1ador Manolo Prieto y la ejecuci\u00f3n de estas vayas de la familia Tejada, la difusi\u00f3n corri\u00f3 a cargo del departamento de Publicidad y RRPP de la Bodega, que en aquel momento dirig\u00eda <a href=\"https:\/\/www.gentedelpuerto.com\/2015\/10\/11\/2-600-jose-antonio-osborne-vazquez-precursor-de-la-expansion-del-toro-de-osborne\/\">Jos\u00e9 Antonio Osborne V\u00e1zquez<\/a> (padre de la que suscribe esta noticia) y que con la inestimable ayuda de personas como el jerezano y especialista en publicidad <a href=\"https:\/\/www.lavozdigital.es\/jerez\/prensa\/20070204\/opinion_jer\/jose-luis-gomez-bermudez_20070204.html\">Jos\u00e9 Lu\u00eds G\u00f3mez Berm\u00fadez<\/a>, recorrieron la geograf\u00eda espa\u00f1ola para decidir todos y cada unos de los mejores emplazamientos en los que este toro deb\u00eda de tener su emplazamiento para desde ah\u00ed, vigilar el horizonte desde siempre.<\/p>\n<figure id=\"attachment_3200\" aria-describedby=\"caption-attachment-3200\" style=\"width: 384px\" class=\"wp-caption alignleft\"><img loading=\"lazy\" decoding=\"async\" class=\"wp-image-3200\" src=\"https:\/\/www.upo.es\/patio-colorado\/wp-content\/uploads\/2021\/06\/Captura-de-pantalla-2021-06-15-a-las-14.56.43-1024x717.png\" alt=\"\" width=\"384\" height=\"269\" srcset=\"https:\/\/www.upo.es\/patio-colorado\/wp-content\/uploads\/2021\/06\/Captura-de-pantalla-2021-06-15-a-las-14.56.43-1024x717.png 1024w, https:\/\/www.upo.es\/patio-colorado\/wp-content\/uploads\/2021\/06\/Captura-de-pantalla-2021-06-15-a-las-14.56.43-300x210.png 300w, https:\/\/www.upo.es\/patio-colorado\/wp-content\/uploads\/2021\/06\/Captura-de-pantalla-2021-06-15-a-las-14.56.43-768x538.png 768w, https:\/\/www.upo.es\/patio-colorado\/wp-content\/uploads\/2021\/06\/Captura-de-pantalla-2021-06-15-a-las-14.56.43.png 1254w\" sizes=\"auto, (max-width: 384px) 100vw, 384px\" \/><figcaption id=\"caption-attachment-3200\" class=\"wp-caption-text\">Jose Antonio Osborne Vazquez. Imagen propiedad de la familia Osborne Jim\u00e9nez y cedida por una de sus hijas<\/figcaption><\/figure>\n<figure id=\"attachment_3201\" aria-describedby=\"caption-attachment-3201\" style=\"width: 343px\" class=\"wp-caption alignright\"><img loading=\"lazy\" decoding=\"async\" class=\"wp-image-3201\" src=\"https:\/\/www.upo.es\/patio-colorado\/wp-content\/uploads\/2021\/06\/Captura-de-pantalla-2021-06-15-a-las-14.59.11.png\" alt=\"\" width=\"343\" height=\"283\" srcset=\"https:\/\/www.upo.es\/patio-colorado\/wp-content\/uploads\/2021\/06\/Captura-de-pantalla-2021-06-15-a-las-14.59.11.png 1006w, https:\/\/www.upo.es\/patio-colorado\/wp-content\/uploads\/2021\/06\/Captura-de-pantalla-2021-06-15-a-las-14.59.11-300x248.png 300w, https:\/\/www.upo.es\/patio-colorado\/wp-content\/uploads\/2021\/06\/Captura-de-pantalla-2021-06-15-a-las-14.59.11-768x634.png 768w\" sizes=\"auto, (max-width: 343px) 100vw, 343px\" \/><figcaption id=\"caption-attachment-3201\" class=\"wp-caption-text\">Jose Luis G\u00f3mez Imagen de prensa Diario de Jerez<\/figcaption><\/figure>\n<p>&nbsp;<\/p>\n<p>&nbsp;<\/p>\n<p>&nbsp;<\/p>\n<p>&nbsp;<\/p>\n<p><img loading=\"lazy\" decoding=\"async\" class=\"alignright wp-image-3202\" src=\"https:\/\/www.upo.es\/patio-colorado\/wp-content\/uploads\/2021\/06\/Captura-de-pantalla-2021-06-15-a-las-14.45.23-734x1024.png\" alt=\"\" width=\"275\" height=\"384\" srcset=\"https:\/\/www.upo.es\/patio-colorado\/wp-content\/uploads\/2021\/06\/Captura-de-pantalla-2021-06-15-a-las-14.45.23-734x1024.png 734w, https:\/\/www.upo.es\/patio-colorado\/wp-content\/uploads\/2021\/06\/Captura-de-pantalla-2021-06-15-a-las-14.45.23-215x300.png 215w, https:\/\/www.upo.es\/patio-colorado\/wp-content\/uploads\/2021\/06\/Captura-de-pantalla-2021-06-15-a-las-14.45.23-768x1072.png 768w, https:\/\/www.upo.es\/patio-colorado\/wp-content\/uploads\/2021\/06\/Captura-de-pantalla-2021-06-15-a-las-14.45.23.png 804w\" sizes=\"auto, (max-width: 275px) 100vw, 275px\" \/><\/p>\n<p>&nbsp;<\/p>\n<p>&nbsp;<\/p>\n<p>&nbsp;<\/p>\n<p>&nbsp;<\/p>\n<p>&nbsp;<\/p>\n<p>&nbsp;<\/p>\n<p>&nbsp;<\/p>\n<p style=\"text-align: right\">La familia Tejada sigue relacion\u00e1ndose con la figura del toro, ahora a trav\u00e9s de la moda y las exposiciones.<\/p>\n<p>Durante el gobierno de Felipe S\u00e1nchez, el ministro Miguel Boyer sac\u00f3 una ley por la que hab\u00eda que quitar los vayas publicitarios de las carreteras, pero, gracias al esfuerzo que se hizo por parte de la Bodega y de multitud de espa\u00f1oles recogiendo firmas, finamente, en 1994 el Toro, s\u00edmbolo ahora de Espa\u00f1a y s\u00edmbolo de las Bodegas Osborne fue declarado por el Congreso de los Diputados <strong>\u201cpatrimonio cultural y art\u00edstico de los pueblos de Espa\u00f1a\u201d<\/strong><\/p>\n<p>Si est\u00e1is interesado en ampliar conocimientos sobre esta informaci\u00f3n, no dud\u00e9is en investigar en el <a href=\"https:\/\/www.osborne.es\/toro-de-osborne-en-el-mundo\">lick<\/a> que os dejo.<\/p>\n","protected":false},"excerpt":{"rendered":"<p>Ese Toro Negro y Enorme A Espa\u00f1a negra y vac\u00eda, Oscura como la noche, La llena un toro de sombra, Un toro negro y enorme \u00a1Tenebroso toro Osborne! \u00bfPorqu\u00e9 ese toro fantasma por las llanuras y montes de Espa\u00f1a entera, nos sale al paso como un reproche? \u00a1Tenebroso toro Osborne! Autor: Jos\u00e9 Bergam\u00edn Con estas [&hellip;]<\/p>\n","protected":false},"author":56,"featured_media":3196,"comment_status":"open","ping_status":"open","sticky":false,"template":"","format":"standard","meta":{"_acf_changed":false,"_monsterinsights_skip_tracking":false,"_monsterinsights_sitenote_active":false,"_monsterinsights_sitenote_note":"","_monsterinsights_sitenote_category":0,"footnotes":""},"categories":[302,24,167],"tags":[],"class_list":["post-3195","post","type-post","status-publish","format-standard","has-post-thumbnail","hentry","category-cadiz","category-conservacion-y-restauracion","category-pintura-escultura"],"blocksy_meta":[],"acf":[],"jetpack_featured_media_url":"https:\/\/www.upo.es\/patio-colorado\/wp-content\/uploads\/2021\/06\/valla-carretera-toro_4.png","_links":{"self":[{"href":"https:\/\/www.upo.es\/patio-colorado\/wp-json\/wp\/v2\/posts\/3195","targetHints":{"allow":["GET"]}}],"collection":[{"href":"https:\/\/www.upo.es\/patio-colorado\/wp-json\/wp\/v2\/posts"}],"about":[{"href":"https:\/\/www.upo.es\/patio-colorado\/wp-json\/wp\/v2\/types\/post"}],"author":[{"embeddable":true,"href":"https:\/\/www.upo.es\/patio-colorado\/wp-json\/wp\/v2\/users\/56"}],"replies":[{"embeddable":true,"href":"https:\/\/www.upo.es\/patio-colorado\/wp-json\/wp\/v2\/comments?post=3195"}],"version-history":[{"count":3,"href":"https:\/\/www.upo.es\/patio-colorado\/wp-json\/wp\/v2\/posts\/3195\/revisions"}],"predecessor-version":[{"id":3204,"href":"https:\/\/www.upo.es\/patio-colorado\/wp-json\/wp\/v2\/posts\/3195\/revisions\/3204"}],"wp:featuredmedia":[{"embeddable":true,"href":"https:\/\/www.upo.es\/patio-colorado\/wp-json\/wp\/v2\/media\/3196"}],"wp:attachment":[{"href":"https:\/\/www.upo.es\/patio-colorado\/wp-json\/wp\/v2\/media?parent=3195"}],"wp:term":[{"taxonomy":"category","embeddable":true,"href":"https:\/\/www.upo.es\/patio-colorado\/wp-json\/wp\/v2\/categories?post=3195"},{"taxonomy":"post_tag","embeddable":true,"href":"https:\/\/www.upo.es\/patio-colorado\/wp-json\/wp\/v2\/tags?post=3195"}],"curies":[{"name":"wp","href":"https:\/\/api.w.org\/{rel}","templated":true}]}}