{"id":3205,"date":"2021-06-15T23:51:13","date_gmt":"2021-06-15T23:51:13","guid":{"rendered":"https:\/\/www.upo.es\/patio-colorado\/?p=3205"},"modified":"2021-06-15T23:51:13","modified_gmt":"2021-06-15T23:51:13","slug":"la-ciudad-de-los-cien-palacios-el-puerto-de-santa-maria","status":"publish","type":"post","link":"https:\/\/www.upo.es\/patio-colorado\/2021\/06\/15\/la-ciudad-de-los-cien-palacios-el-puerto-de-santa-maria\/","title":{"rendered":"La Ciudad de los Cien Palacios. El Puerto de Santa Mar\u00eda"},"content":{"rendered":"<figure id=\"attachment_3214\" aria-describedby=\"caption-attachment-3214\" style=\"width: 485px\" class=\"wp-caption alignleft\"><img loading=\"lazy\" decoding=\"async\" class=\"size-large wp-image-3214\" src=\"https:\/\/www.upo.es\/patio-colorado\/wp-content\/uploads\/2021\/06\/Captura-de-pantalla-2021-06-16-a-las-1.42.05-485x1024.png\" alt=\"\" width=\"485\" height=\"1024\" srcset=\"https:\/\/www.upo.es\/patio-colorado\/wp-content\/uploads\/2021\/06\/Captura-de-pantalla-2021-06-16-a-las-1.42.05-485x1024.png 485w, https:\/\/www.upo.es\/patio-colorado\/wp-content\/uploads\/2021\/06\/Captura-de-pantalla-2021-06-16-a-las-1.42.05-142x300.png 142w, https:\/\/www.upo.es\/patio-colorado\/wp-content\/uploads\/2021\/06\/Captura-de-pantalla-2021-06-16-a-las-1.42.05.png 706w\" sizes=\"auto, (max-width: 485px) 100vw, 485px\" \/><figcaption id=\"caption-attachment-3214\" class=\"wp-caption-text\">Imagen del El Rey Menesteo en la Guerra de Troya. Museo Municipal de El Puerto de Santa Mar\u00eda cedida por Gente del Puerto. com<\/figcaption><\/figure>\n<p>\u00abCuenta la leyenda que el rey ateniense Menesteo, tras participar en la guerra de Troya, descubri\u00f3 que hab\u00edan asaltado su trono y tuvo que emigrar. Naveg\u00f3 sin destino y lleg\u00f3 a la desembocadura del r\u00edo Criso, actual Guadalete, donde fund\u00f3 la ciudad de Puerto de Menesteo, hoy llamado\u00a0El Puerto de Santa Mar\u00eda bajo la cual, seg\u00fan apuntan algunos arque\u00f3logos, se encuentra la verdadera Gadir, que significa ciudad amurallada. Hoy no quedan restos de esa muralla, pero el extenso e importante patrimonio monumental hacen que El Puerto de Santa Mar\u00eda se conozca en nuestros d\u00edas como La Ciudad de los Cien Palacios\u00bb Luis Su\u00e1rez.<\/p>\n<p>Las distintas civilizaciones que habitaron en la zona, entre ellas de romanos y \u00e1rabes, dejaron su huella en lo que hoy se valora como un atractivo conjunto monumental.<\/p>\n<p>Desde ni\u00f1a he o\u00eddo contar a mi madre que El Puerto, era la ciudad de los cien palacios. No es que no la creyera, pero \u00bfd\u00f3nde estaban esos palacios que yo no consegu\u00eda ver por ning\u00fan lado?<\/p>\n<p>Y es que, el Puerto de Santa Mar\u00eda, ciudad costera del sur de Espa\u00f1a, perteneciente a la provincia de C\u00e1diz, alberg\u00f3 en un pasado a grandes personajes y mercaderes que arribaban hasta all\u00ed atra\u00eddos como consecuencia, , de la actividad comercial entre la zona y las Indias, en los siglos XVII y XVIII, sobre todo a partir del a\u00f1o 1717, a\u00f1o en el que la Casa de la Contrataci\u00f3n de Indias se traslada de Sevilla a C\u00e1diz, Esta ciudad lograr\u00eda convertirse en una pieza angular y b\u00e1sica en el comercio con el Nuevo Mundo, papel pr\u00f3spero que augurar\u00eda una larga etapa de riquezas y fortunas, las cuales atraer\u00edan a una gran serie de burgueses y comerciantes tanto espa\u00f1oles proced\u00edan en buena parte de la aristocracia de origen vasco-navarro, como extranjeros representados en familias de comerciantes italianos o flamencos en la b\u00fasqueda de nuevos retos, adem\u00e1s de ampliar sus c\u00edrculos comerciales. Estos nuevos comerciantes tendr\u00edan un papel important\u00edsimo tanto en la vida econ\u00f3mica como en el propio gobierno local. Estas nuevas familias adineradas, poco a poco se establecer\u00edan y modernizar\u00edan la arquitectura de la nueva urbe.<\/p>\n<figure id=\"attachment_3213\" aria-describedby=\"caption-attachment-3213\" style=\"width: 443px\" class=\"wp-caption alignright\"><img loading=\"lazy\" decoding=\"async\" class=\" wp-image-3213\" src=\"https:\/\/www.upo.es\/patio-colorado\/wp-content\/uploads\/2021\/06\/Casa-palacio-Juan-Vizarron-1.jpg\" alt=\"\" width=\"443\" height=\"295\" \/><figcaption id=\"caption-attachment-3213\" class=\"wp-caption-text\">Casa palacio Juan Vizarr\u00f3n. Imagen cedida por Gente del Puerto. com<\/figcaption><\/figure>\n<p>A estos nuevos burgueses se les conocer\u00eda con el nombre de &#8216;Cargadores de Indias&#8217;, actividad comercial que se va acentuando y desarrollando en nuestra ciudad hasta tal punto de crear un modo y estilo de vida particular, adem\u00e1s de perseguir el tan ansiado objetivo de ennoblecerse a trav\u00e9s de su enriquecimiento y v\u00ednculos matrimoniales con los miembros de la baja nobleza, los hidalgos. Asimismo, estos ricos se\u00f1ores comienzan a desarrollar la construcci\u00f3n de un nuevo tipo de inmueble arquitect\u00f3nico, conocido como \u00abCasas-palacios\u00bb, con la finalidad de poder reflejar a la sociedad el alto estatus social y econ\u00f3mico del que gozaban. Es por ello, que El Puerto se convierte definitivamente en un destino econ\u00f3mico y comercial primordial para todas estas familias, como es el caso de los Aran\u00edbar, Vizarr\u00f3n, Eguiarreta, Valdivieso, Voss, Rivas\u2026, entre otras muchas.<\/p>\n<figure id=\"attachment_3208\" aria-describedby=\"caption-attachment-3208\" style=\"width: 1024px\" class=\"wp-caption aligncenter\"><img loading=\"lazy\" decoding=\"async\" class=\"size-large wp-image-3208\" src=\"https:\/\/www.upo.es\/patio-colorado\/wp-content\/uploads\/2021\/06\/Palacio-de-Aranibar--1024x683.jpg\" alt=\"\" width=\"1024\" height=\"683\" srcset=\"https:\/\/www.upo.es\/patio-colorado\/wp-content\/uploads\/2021\/06\/Palacio-de-Aranibar--1024x683.jpg 1024w, https:\/\/www.upo.es\/patio-colorado\/wp-content\/uploads\/2021\/06\/Palacio-de-Aranibar--300x200.jpg 300w, https:\/\/www.upo.es\/patio-colorado\/wp-content\/uploads\/2021\/06\/Palacio-de-Aranibar--768x512.jpg 768w, https:\/\/www.upo.es\/patio-colorado\/wp-content\/uploads\/2021\/06\/Palacio-de-Aranibar-.jpg 1200w\" sizes=\"auto, (max-width: 1024px) 100vw, 1024px\" \/><figcaption id=\"caption-attachment-3208\" class=\"wp-caption-text\">Palacio de Aranibar. Imagen de Gente del Puerto. com<\/figcaption><\/figure>\n<p>A todos estos grandes mercaderes del comercio con las Indias les gustaba vivir en el centro de la ciudad, y poder disfrutar en esos elegantes edificios, morada de los grandes comerciantes de la \u00e9poca, de todos lo placeres y confort por aquel entonces que la ciudad le pudiera brindar.<\/p>\n<p>Estos edificios de los Cargadores a Indias eran un tipo de vivienda dom\u00e9stica que se adaptaba a todas las necesidades de tipo comercial que desarrollaban sus due\u00f1os, siendo a su vez el m\u00e1ximo s\u00edmbolo de la prosperidad que ostentaban. Es importante resaltar que dichos edificios cumpl\u00edan una triple funci\u00f3n, es decir, funcionaban como vivienda de los se\u00f1ores, adem\u00e1s de englobar las oficinas y los almacenes propios de sus respectivos negocios.<\/p>\n<figure id=\"attachment_3216\" aria-describedby=\"caption-attachment-3216\" style=\"width: 996px\" class=\"wp-caption alignleft\"><img loading=\"lazy\" decoding=\"async\" class=\"size-full wp-image-3216\" src=\"https:\/\/www.upo.es\/patio-colorado\/wp-content\/uploads\/2021\/06\/Captura-de-pantalla-2021-06-16-a-las-1.46.28.png\" alt=\"\" width=\"996\" height=\"662\" srcset=\"https:\/\/www.upo.es\/patio-colorado\/wp-content\/uploads\/2021\/06\/Captura-de-pantalla-2021-06-16-a-las-1.46.28.png 996w, https:\/\/www.upo.es\/patio-colorado\/wp-content\/uploads\/2021\/06\/Captura-de-pantalla-2021-06-16-a-las-1.46.28-300x199.png 300w, https:\/\/www.upo.es\/patio-colorado\/wp-content\/uploads\/2021\/06\/Captura-de-pantalla-2021-06-16-a-las-1.46.28-768x510.png 768w\" sizes=\"auto, (max-width: 996px) 100vw, 996px\" \/><figcaption id=\"caption-attachment-3216\" class=\"wp-caption-text\">Majestuosidad de uno de los salones de baile del Palacio de Purullena. Imagen cedida por Gente del Puerto.com<\/figcaption><\/figure>\n<p>Finalmente, el Puerto posee un riqu\u00edsimo patrimonio art\u00edstico y urban\u00edstico en lo que a estos edificios se refier<\/p>\n<figure id=\"attachment_3206\" aria-describedby=\"caption-attachment-3206\" style=\"width: 387px\" class=\"wp-caption alignright\"><img loading=\"lazy\" decoding=\"async\" class=\"wp-image-3206\" src=\"https:\/\/www.upo.es\/patio-colorado\/wp-content\/uploads\/2021\/06\/valdivieso_rafaeltardio_puertosantamaria.jpg\" alt=\"\" width=\"387\" height=\"637\" srcset=\"https:\/\/www.upo.es\/patio-colorado\/wp-content\/uploads\/2021\/06\/valdivieso_rafaeltardio_puertosantamaria.jpg 300w, https:\/\/www.upo.es\/patio-colorado\/wp-content\/uploads\/2021\/06\/valdivieso_rafaeltardio_puertosantamaria-182x300.jpg 182w\" sizes=\"auto, (max-width: 387px) 100vw, 387px\" \/><figcaption id=\"caption-attachment-3206\" class=\"wp-caption-text\">el Palacio de Valdivieso. Imagen de Gente del Puerto.com<\/figcaption><\/figure>\n<p>e, numerosos ejemplos existen actualmente, desde <a href=\"https:\/\/www.youtube.com\/watch?v=Nj_L-5wdAo0&amp;t=3s\">el Palacio Aran\u00edbar<\/a>, la <a href=\"https:\/\/www.gentedelpuerto.com\/2009\/11\/11\/462-el-almirante-valdivieso-su-casa-palacio-de-cargadores-a-indias\/\">Casa-palacio de Vizarr\u00f3n<\/a>, y el Palacio de Valdivieso, hasta el Palacio de Purullena, Casa de Roque Aguado o la Casa-palacio de Reynoso, entre otros muchos ejemplos.\u00a0Sin embargo, el paso del tiempo y la dejadez de los diferentes estamentos pol\u00edticos que han gobernado la ciudad en las ultimas d\u00e9cadas, han convertido en ruinas muchos de estas casas palacio de esta leal e ilustre ciudad de cultura, turismo y congreso de El Puerto de Santa Mar\u00eda.<\/p>\n<p>Para todos aquello que quieran saber m\u00e1s de estas casas palacio solo tiene que pinchar en el <a href=\"http:\/\/antoniogarciaprats.eu\/casas-de-cargadores-de-indias-en-el-puerto-de-santa-maria\/#casa_de_las_Cadenas\">link<\/a> que dejo aqu\u00ed de Antonio Garc\u00eda Prats<\/p>\n<p>&nbsp;<\/p>\n<p>&nbsp;<\/p>\n<p>&nbsp;<\/p>\n<p>&nbsp;<\/p>\n","protected":false},"excerpt":{"rendered":"<p>\u00abCuenta la leyenda que el rey ateniense Menesteo, tras participar en la guerra de Troya, descubri\u00f3 que hab\u00edan asaltado su trono y tuvo que emigrar. Naveg\u00f3 sin destino y lleg\u00f3 a la desembocadura del r\u00edo Criso, actual Guadalete, donde fund\u00f3 la ciudad de Puerto de Menesteo, hoy llamado\u00a0El Puerto de Santa Mar\u00eda bajo la cual, [&hellip;]<\/p>\n","protected":false},"author":56,"featured_media":3210,"comment_status":"open","ping_status":"open","sticky":false,"template":"","format":"standard","meta":{"_acf_changed":false,"_monsterinsights_skip_tracking":false,"_monsterinsights_sitenote_active":false,"_monsterinsights_sitenote_note":"","_monsterinsights_sitenote_category":0,"footnotes":""},"categories":[302,166,170,44],"tags":[],"class_list":["post-3205","post","type-post","status-publish","format-standard","has-post-thumbnail","hentry","category-cadiz","category-historia-arqueologia","category-monumentos-y-turismo","category-patrimonio"],"blocksy_meta":[],"acf":[],"jetpack_featured_media_url":"https:\/\/www.upo.es\/patio-colorado\/wp-content\/uploads\/2021\/06\/Imagne-Rio-Guadalete.jpg","_links":{"self":[{"href":"https:\/\/www.upo.es\/patio-colorado\/wp-json\/wp\/v2\/posts\/3205","targetHints":{"allow":["GET"]}}],"collection":[{"href":"https:\/\/www.upo.es\/patio-colorado\/wp-json\/wp\/v2\/posts"}],"about":[{"href":"https:\/\/www.upo.es\/patio-colorado\/wp-json\/wp\/v2\/types\/post"}],"author":[{"embeddable":true,"href":"https:\/\/www.upo.es\/patio-colorado\/wp-json\/wp\/v2\/users\/56"}],"replies":[{"embeddable":true,"href":"https:\/\/www.upo.es\/patio-colorado\/wp-json\/wp\/v2\/comments?post=3205"}],"version-history":[{"count":3,"href":"https:\/\/www.upo.es\/patio-colorado\/wp-json\/wp\/v2\/posts\/3205\/revisions"}],"predecessor-version":[{"id":3218,"href":"https:\/\/www.upo.es\/patio-colorado\/wp-json\/wp\/v2\/posts\/3205\/revisions\/3218"}],"wp:featuredmedia":[{"embeddable":true,"href":"https:\/\/www.upo.es\/patio-colorado\/wp-json\/wp\/v2\/media\/3210"}],"wp:attachment":[{"href":"https:\/\/www.upo.es\/patio-colorado\/wp-json\/wp\/v2\/media?parent=3205"}],"wp:term":[{"taxonomy":"category","embeddable":true,"href":"https:\/\/www.upo.es\/patio-colorado\/wp-json\/wp\/v2\/categories?post=3205"},{"taxonomy":"post_tag","embeddable":true,"href":"https:\/\/www.upo.es\/patio-colorado\/wp-json\/wp\/v2\/tags?post=3205"}],"curies":[{"name":"wp","href":"https:\/\/api.w.org\/{rel}","templated":true}]}}