{"id":3222,"date":"2021-06-16T12:38:39","date_gmt":"2021-06-16T12:38:39","guid":{"rendered":"https:\/\/www.upo.es\/patio-colorado\/?p=3222"},"modified":"2021-06-16T12:47:14","modified_gmt":"2021-06-16T12:47:14","slug":"sevilla-una-ciudad-donde-se-respira-arte","status":"publish","type":"post","link":"https:\/\/www.upo.es\/patio-colorado\/2021\/06\/16\/sevilla-una-ciudad-donde-se-respira-arte\/","title":{"rendered":"Sevilla, una ciudad donde se respira arte"},"content":{"rendered":"<p><span style=\"font-weight: 400\">\u00bfEs posible darse el lujo de dar un paseo por la historia?\u00a0 En este art\u00edculo os traemos algunos de los mejores lugares y monumentos que pod\u00e9is visitar en Sevilla y disfrutar en profundidad, as\u00ed como la historia que esconden detr\u00e1s, lugares llenos de historia que invitan a caminar sobre ellos y a enamorarte de todos sus matices.<\/span><\/p>\n<p>&nbsp;<\/p>\n<p><b>PLAZA DE ESPA\u00d1A<\/b><\/p>\n<figure style=\"width: 489px\" class=\"wp-caption alignnone\"><img loading=\"lazy\" decoding=\"async\" class=\"\" src=\"https:\/\/www.civitatis.com\/blog\/wp-content\/uploads\/2020\/05\/blo-star-wars.jpg\" alt=\"\" width=\"489\" height=\"285\" \/><figcaption class=\"wp-caption-text\"><strong>Fuente: La Plaza de Espa\u00f1a de Sevilla &#8211; Civitatis Magazine<\/strong><\/figcaption><\/figure>\n<p><span style=\"font-weight: 400\">El famoso monumento de la Plaza de Espa\u00f1a de Sevilla fue construido para la Exposici\u00f3n Iberoamericana de 1929, que se celebr\u00f3 en la capital andaluza. Ubicado en el Parque de Mar\u00eda Luisa, fue la pieza central de la exposici\u00f3n y cont\u00f3 con muchos pabellones, que aspiraban a mostrar al mundo los logros de Espa\u00f1a en la industria y la arquitectura. Fue creaci\u00f3n de An\u00edbal Gonz\u00e1lez y su magn\u00edfica estructura gira alrededor de la plaza en un gran semic\u00edrculo. En su centro se encuentra la espectacular fuente creada por Vicente Traver. Construido al estilo de la arquitectura del Renacimiento y el Renacimiento moro, todo el edificio est\u00e1 rodeado por un foso, en el que los visitantes pueden alquilar botes para remar suavemente. Curvados elegantemente sobre el foso hay cuatro puentes, cada uno relacionado con los antiguos reinos espa\u00f1oles de Castilla, Navarra, Arag\u00f3n y Le\u00f3n. Sus soportes tambi\u00e9n cuentan con baldosas cer\u00e1micas pintadas de vivos colores, que a\u00f1aden un extra de exquisitez a la arquitectura.<\/span><\/p>\n<p>&nbsp;<\/p>\n<p><b>LAS SETAS DE LA ENCARNACI\u00d3N<\/b><\/p>\n<figure style=\"width: 495px\" class=\"wp-caption alignnone\"><img loading=\"lazy\" decoding=\"async\" class=\"\" src=\"https:\/\/icas.sevilla.org\/agenda\/africa-americas\/@@images\/image\" alt=\"\" width=\"495\" height=\"333\" \/><figcaption class=\"wp-caption-text\"><strong>Fuente: Musical: Entre \u00c1frica y las Am\u00e9ricas; \u2014 Instituto de la Cultura y las Artes de Sevilla<\/strong><\/figcaption><\/figure>\n<p><span style=\"font-weight: 400\">Sevilla es famosa por sus lugares de inter\u00e9s hist\u00f3rico como la Catedral de Sevilla y el Alc\u00e1zar de Sevilla. Hoy encontrar\u00e1 lugares de inter\u00e9s de Sevilla que tambi\u00e9n incluyen una obra maestra de la arquitectura moderna llamada Las Setas de la Encarnaci\u00f3n o Setas Sevilla. Los lugare\u00f1os lo llaman las setas de Sevilla. Las Setas se encuentra en la plaza La Encarnaci\u00f3n, en lo profundo del casco antiguo de Sevilla. Esta obra maestra moderna fue dise\u00f1ada por el arquitecto alem\u00e1n J\u00fcrgen Mayer y finalizada en abril de 2011. Tiene unas dimensiones de 150 por 70 metros (490 por 230 pies) y una altura aproximada de 28 metros (85 pies). Es una estructura muy interesante a la vista. Bajo tierra, en la misma, se puede explorar el Antiquarium, lo cual permite acceder a 400 metros de pasarelas elevadas, que te llevan a las ruinas de los cimientos de las casas, pisos de mosaico y columnas romanas, todo en exhibici\u00f3<\/span>n para su visualizaci\u00f3n.<\/p>\n<p><span style=\"font-weight: 400\">Las vistas son incre\u00edbles. Desde el s\u00f3tano se accede a los ascensores al Mirador de Las setas. Llegas al nivel dos donde hay un bar, restaurante y ba\u00f1os. Desde aqu\u00ed hay 250 metros adicionales de pasarelas que alcanzan una altura de 28 metros del suelo, lo que le brinda una vista inigualable de 360 grados de Sevilla.<\/span><\/p>\n<p>&nbsp;<\/p>\n<p><b>BARRIO DE SANTA CRUZ<\/b><\/p>\n<figure style=\"width: 512px\" class=\"wp-caption alignnone\"><img loading=\"lazy\" decoding=\"async\" class=\"\" src=\"https:\/\/aws.traveler.es\/prod\/designs\/v1\/assets\/1968x1339\/136285.jpg\" alt=\"\" width=\"512\" height=\"348\" \/><figcaption class=\"wp-caption-text\"><strong>Fuente: 24 horas en el Barrio de Santa Cruz de Sevilla<\/strong><\/figcaption><\/figure>\n<p><span style=\"font-weight: 400\">El Barrio de Santa Cruz es el antiguo barrio jud\u00edo de Sevilla. En este casco antiguo se encuentran algunos lugares importantes, como el Alc\u00e1zar y la Giralda de la Catedral. El barrio es un laberinto de calles estrechas y callejones, donde puedes pasear o disfrutar de uno de los muchos restaurantes (tur\u00edsticos) o atractivas plazas. Hoy en d\u00eda, este distrito y casco antiguo, con sus numerosas casas blancas, es el centro tur\u00edstico de Sevilla.<\/span><\/p>\n<p>&nbsp;<\/p>\n<p><b>CATEDRAL DE SEVILLA<\/b><\/p>\n<figure style=\"width: 504px\" class=\"wp-caption alignnone\"><img loading=\"lazy\" decoding=\"async\" class=\"\" src=\"https:\/\/cdn.getyourguide.com\/img\/location\/5c790e1a84aeb.jpeg\/92.jpg\" alt=\"\" width=\"504\" height=\"284\" \/><figcaption class=\"wp-caption-text\"><strong>Fuente: Catedral de Sevilla, Sevilla<\/strong><\/figcaption><\/figure>\n<p><span style=\"font-weight: 400\">Dominando el centro de Sevilla se encuentra la gigantesca catedral g\u00f3tica de la ciudad. Este magn\u00edfico tributo al dominio cat\u00f3lico se construy\u00f3 en el lugar de la antigua mezquita de la ciudad; no s\u00f3lo pretend\u00eda ser una muestra del prestigio y la riqueza que Sevilla hab\u00eda acumulado en el momento de su finalizaci\u00f3n en 1507, sino tambi\u00e9n del triunfo del cristianismo sobre los reyes moros vencidos.<\/span><\/p>\n<p><span style=\"font-weight: 400\">Su interior es enorme y extravagante. La nave central es la m\u00e1s larga de Espa\u00f1a y alcanza una altura de 42 metros. En total, este extenso complejo g\u00f3tico alberga 80 capillas. La Capilla Mayor presenta lo que se dice que es el altar m\u00e1s grande del mundo (iniciado en 1482, no se complet\u00f3 hasta 1564) y sus muchas salas contiguas y capillas m\u00e1s peque\u00f1as contienen una serie de importantes obras de arte, como como \u201cSantas Justa y Rufina\u201d de Goya. Sin embargo, quiz\u00e1s lo m\u00e1s famoso sea que la catedral de Sevilla tambi\u00e9n contiene la tumba de Crist\u00f3bal Col\u00f3n, el explorador espa\u00f1ol cuyo descubrimiento del Nuevo Mundo en 1492 fue tan crucial para el \u00e9xito econ\u00f3mico de Sevilla en los siglos XVI y XVII.<\/span><\/p>\n<p>&nbsp;<\/p>\n<p><b>TORRE DEL ORO<\/b><\/p>\n<figure style=\"width: 439px\" class=\"wp-caption alignnone\"><img loading=\"lazy\" decoding=\"async\" class=\"\" src=\"https:\/\/sevillabuenasnoticias.com\/wp-content\/uploads\/2021\/01\/Torre-del-Oro-1.jpg\" alt=\"\" width=\"439\" height=\"292\" \/><figcaption class=\"wp-caption-text\"><strong>Fuente: La Torre del Oro cumple 800 a\u00f1os este 2021<\/strong><\/figcaption><\/figure>\n<p><span style=\"font-weight: 400\">La Torre del Oro, que<\/span><span style=\"font-weight: 400\"> domina la ribera del r\u00edo Guadalquivir junto al Puente San Telmo, es un vestigio de las murallas moriscas que originalmente cerraban la ciudad, con 166 torres y 15 puertas. Durante la invasi\u00f3n de las Am\u00e9ricas, las historias dicen que la torre se us\u00f3 para albergar oro saqueado a los mayas e incas; algunos dicen que aqu\u00ed es donde se origina su nombre, en lugar de las baldosas que cubr\u00edan su exterior y brillaban al sol, pareciendo oro,<\/span><\/p>\n<p><span style=\"font-weight: 400\">Dentro de la torre hay un museo naval (inaugurado en 1944) en varios pisos, con banderas, mapas, maquetas de barcos, equipo de buceo y otros recuerdos mar\u00edtimos, as\u00ed como retratos de ilustres figuras navales y documentos relacionados con descubrimientos en el extranjero. Adem\u00e1s, vale la pena subir a la azotea para disfrutar de unas vistas espectaculares sobre el r\u00edo, el Arenal y Triana, desde los diferentes niveles de la minitorre.<\/span><\/p>\n","protected":false},"excerpt":{"rendered":"<p>\u00bfEs posible darse el lujo de dar un paseo por la historia?\u00a0 En este art\u00edculo os traemos algunos de los mejores lugares y monumentos que pod\u00e9is visitar en Sevilla y disfrutar en profundidad, as\u00ed como la historia que esconden detr\u00e1s, lugares llenos de historia que invitan a caminar sobre ellos y a enamorarte de todos [&hellip;]<\/p>\n","protected":false},"author":52,"featured_media":3223,"comment_status":"open","ping_status":"open","sticky":false,"template":"","format":"standard","meta":{"_acf_changed":false,"_monsterinsights_skip_tracking":false,"_monsterinsights_sitenote_active":false,"_monsterinsights_sitenote_note":"","_monsterinsights_sitenote_category":0,"footnotes":""},"categories":[1,166,170,44],"tags":[],"class_list":["post-3222","post","type-post","status-publish","format-standard","has-post-thumbnail","hentry","category-sin-categoria","category-historia-arqueologia","category-monumentos-y-turismo","category-patrimonio"],"blocksy_meta":[],"acf":[],"jetpack_featured_media_url":"https:\/\/www.upo.es\/patio-colorado\/wp-content\/uploads\/2021\/06\/enforex-sevilla.jpg","_links":{"self":[{"href":"https:\/\/www.upo.es\/patio-colorado\/wp-json\/wp\/v2\/posts\/3222","targetHints":{"allow":["GET"]}}],"collection":[{"href":"https:\/\/www.upo.es\/patio-colorado\/wp-json\/wp\/v2\/posts"}],"about":[{"href":"https:\/\/www.upo.es\/patio-colorado\/wp-json\/wp\/v2\/types\/post"}],"author":[{"embeddable":true,"href":"https:\/\/www.upo.es\/patio-colorado\/wp-json\/wp\/v2\/users\/52"}],"replies":[{"embeddable":true,"href":"https:\/\/www.upo.es\/patio-colorado\/wp-json\/wp\/v2\/comments?post=3222"}],"version-history":[{"count":1,"href":"https:\/\/www.upo.es\/patio-colorado\/wp-json\/wp\/v2\/posts\/3222\/revisions"}],"predecessor-version":[{"id":3224,"href":"https:\/\/www.upo.es\/patio-colorado\/wp-json\/wp\/v2\/posts\/3222\/revisions\/3224"}],"wp:featuredmedia":[{"embeddable":true,"href":"https:\/\/www.upo.es\/patio-colorado\/wp-json\/wp\/v2\/media\/3223"}],"wp:attachment":[{"href":"https:\/\/www.upo.es\/patio-colorado\/wp-json\/wp\/v2\/media?parent=3222"}],"wp:term":[{"taxonomy":"category","embeddable":true,"href":"https:\/\/www.upo.es\/patio-colorado\/wp-json\/wp\/v2\/categories?post=3222"},{"taxonomy":"post_tag","embeddable":true,"href":"https:\/\/www.upo.es\/patio-colorado\/wp-json\/wp\/v2\/tags?post=3222"}],"curies":[{"name":"wp","href":"https:\/\/api.w.org\/{rel}","templated":true}]}}