{"id":3225,"date":"2021-06-16T12:44:38","date_gmt":"2021-06-16T12:44:38","guid":{"rendered":"https:\/\/www.upo.es\/patio-colorado\/?p=3225"},"modified":"2021-06-16T12:56:57","modified_gmt":"2021-06-16T12:56:57","slug":"3225","status":"publish","type":"post","link":"https:\/\/www.upo.es\/patio-colorado\/2021\/06\/16\/3225\/","title":{"rendered":"Jard\u00edn secreto del centro de Sevilla: destinado a ser destruido"},"content":{"rendered":"<p><span style=\"font-weight: 400\">\u00a1Buenas tardes coloraos y color\u00e1s! Esta vez, os traigo un peque\u00f1o art\u00edculo con malas noticias. El jard\u00edn secreto del centro de Sevilla est\u00e1 a la espera de ser destruido. Ad\u00e9ntrate en el art\u00edculo e inf\u00f3rmate sobre los detalles de lo que la Consejer\u00eda de Fomento de la Junta andaluza pretende hacer en este espacio verde.<\/span><\/p>\n<p><span style=\"font-weight: 400\">Lo que hab\u00eda antes de que los vecinos lograsen hacer este pulm\u00f3n verde, era un solar inmundo sin rastro de zona verde. Dichos vecinos, piden que no se destruya y seguir disfrutando de este jard\u00edn que tanto trabajo cost\u00f3. Fue, concretamente, un vecino llamado Julio, el autor de la evoluci\u00f3n de este solar de escombrera a espacio verde, limpiandolo y cubri\u00e9ndolo de tierra y abono. Este jard\u00edn se encuentra en la calle Gonz\u00e1lez Cuadrado 52 y fue levantado hace 20 a\u00f1os con esfuerzo y sudor, sobre lo que antes era un solar inmundo, y ahora est\u00e1 a punto de ser destruido, echando por tierra, a su vez, el trabajo que cost\u00f3 convertirlo en lo que es hoy d\u00eda. Este jard\u00edn cuenta con diversos tipos de \u00e1rboles, tales como caqui, para\u00edsos, azufaifos, jacarandas, etc., los cuales brindan ox\u00edgeno a las casas que rodean el jard\u00edn.<\/span><\/p>\n<p>&nbsp;<\/p>\n<figure style=\"width: 753px\" class=\"wp-caption aligncenter\"><img loading=\"lazy\" decoding=\"async\" class=\"\" src=\"https:\/\/www.diariodesevilla.es\/2021\/06\/05\/sevilla\/viviendas-Gonzalez-Cuadrado-edificios-colindantes_1580552728_139618500_1200x675.jpg\" alt=\"\" width=\"753\" height=\"424\" \/><figcaption class=\"wp-caption-text\"><strong>Fuente: Adi\u00f3s al jard\u00edn secreto del centro de Sevilla destinado a ser VPO<\/strong><\/figcaption><\/figure>\n<p>&nbsp;<\/p>\n<p><span style=\"font-weight: 400\">\u00bfQu\u00e9 pretenden hacer en este espacio verde? La Consejer\u00eda de Fomento de la Junta, pretende usar este espacio para construir varias viviendas de protecci\u00f3n oficial, lo cual sugiere preguntarse: \u00bfpor qu\u00e9 ahora? Durante 2 d\u00e9cadas, no ha habido inter\u00e9s alguno por parte de la administraci\u00f3n andaluza en usar este espacio para desarrollar el suelo, sin embargo, ahora ha surgido un inter\u00e9s repentino en utilizar este espacio para construir una serie de viviendas, siendo m\u00ednimo el acceso a la parcela, destrozando as\u00ed este pulm\u00f3n verde que se ha creado. De hecho, se han hecho sondeos geot\u00e9cnicos para ver cuales son las caracter\u00edsticas de dicho suelo, sondeos que la Junta ha solicitado y adjudicado sin previo aviso. Tambi\u00e9n, sin avisar tampoco, se han tapado las puertas por donde los vecinos acced\u00edan al jard\u00edn para cuidarlo, pasear con sus hijos o mascotas, lo cual ha provocado enfado e indignaci\u00f3n por parte de los vecinos que se han volcado completamente en ese jard\u00edn. Este sellado, ha provocado tambi\u00e9n que no se puedan recoger im\u00e1genes del interior de este espacio para el peri\u00f3dico que public\u00f3 la noticia sobre la destrucci\u00f3n de este solar.<\/span><\/p>\n<p><span style=\"font-weight: 400\">No s\u00f3lo se est\u00e1 echando a perder esta zona verde, que falta hace en el casco antiguo de Sevilla, sino que tambi\u00e9n, peligran los restos romanos que seg\u00fan los vecinos se encuentran bajo tierra y bajo los distintos \u00e1rboles que se plantaron en este espacio, lo cual puede provocar la complicaci\u00f3n en cuanto a la construcci\u00f3n de las viviendas que pretenden hacer, puesto que los restos arqueol\u00f3gicos que se encuentran bajo tierra podr\u00eda complicarlo todo, y al mismo tiempo, verse afectados.<\/span><\/p>\n<p><span style=\"font-weight: 400\">Como bien he dicho anteriormente, se realizaron sondeos geot\u00e9cnicos, pero a\u00fan no se han realizado estudios arqueol\u00f3gicos del terreno, es decir, la consejer\u00eda de fomento, no han estudiado este espacio desde el punto de vista arqueol\u00f3gico. El programa que quieren usar, pretende construir viviendas protegidas.\u00a0<\/span><\/p>\n<p><span style=\"font-weight: 400\">Los vecinos est\u00e1n l\u00f3gicamente indignados por esta decisi\u00f3n que se ha tomado, puesto que ellos consideran que este espacio es un obsequio considerando, como bien he mencionado anteriormente, la escasez de zonas verdes que posee la zona norte del casco antiguo. Los vecinos quieren que este espacio no se destruya y que dejen la zona verde para que no solo ellos puedan seguir cuid\u00e1ndolo y manteni\u00e9ndolo, sino que tambi\u00e9n las mascotas y los ni\u00f1os disfruten de este maravilloso espacio que no merece ser desechado. De hecho, la guarder\u00eda que se encuentra en la misma calle, da al jard\u00edn, lo cual permite a los ni\u00f1os disfrutar de \u00e9l, y si lo destruyen, se les quitar\u00e1 a los ni\u00f1os la oportunidad de disfrutarlo. <\/span><\/p>\n<p><span style=\"font-weight: 400\">Esperemos que consigan que este espacio no sea destruido y dejar esta maravillosa zona verde, que tanta falta hace, ya no solo en el norte del casco antiguo de Sevilla, sino en toda Sevilla en general.<\/span><\/p>\n","protected":false},"excerpt":{"rendered":"<p>\u00a1Buenas tardes coloraos y color\u00e1s! Esta vez, os traigo un peque\u00f1o art\u00edculo con malas noticias. El jard\u00edn secreto del centro de Sevilla est\u00e1 a la espera de ser destruido. Ad\u00e9ntrate en el art\u00edculo e inf\u00f3rmate sobre los detalles de lo que la Consejer\u00eda de Fomento de la Junta andaluza pretende hacer en este espacio verde. [&hellip;]<\/p>\n","protected":false},"author":52,"featured_media":3226,"comment_status":"open","ping_status":"open","sticky":false,"template":"","format":"standard","meta":{"_acf_changed":false,"_monsterinsights_skip_tracking":false,"_monsterinsights_sitenote_active":false,"_monsterinsights_sitenote_note":"","_monsterinsights_sitenote_category":0,"footnotes":""},"categories":[24,44],"tags":[],"class_list":["post-3225","post","type-post","status-publish","format-standard","has-post-thumbnail","hentry","category-conservacion-y-restauracion","category-patrimonio"],"blocksy_meta":[],"acf":[],"jetpack_featured_media_url":"https:\/\/www.upo.es\/patio-colorado\/wp-content\/uploads\/2021\/06\/viviendas-Gonzalez-Cuadrado-edificios-colindantes_1580552728_139618500_1200x675.jpg","_links":{"self":[{"href":"https:\/\/www.upo.es\/patio-colorado\/wp-json\/wp\/v2\/posts\/3225","targetHints":{"allow":["GET"]}}],"collection":[{"href":"https:\/\/www.upo.es\/patio-colorado\/wp-json\/wp\/v2\/posts"}],"about":[{"href":"https:\/\/www.upo.es\/patio-colorado\/wp-json\/wp\/v2\/types\/post"}],"author":[{"embeddable":true,"href":"https:\/\/www.upo.es\/patio-colorado\/wp-json\/wp\/v2\/users\/52"}],"replies":[{"embeddable":true,"href":"https:\/\/www.upo.es\/patio-colorado\/wp-json\/wp\/v2\/comments?post=3225"}],"version-history":[{"count":3,"href":"https:\/\/www.upo.es\/patio-colorado\/wp-json\/wp\/v2\/posts\/3225\/revisions"}],"predecessor-version":[{"id":3229,"href":"https:\/\/www.upo.es\/patio-colorado\/wp-json\/wp\/v2\/posts\/3225\/revisions\/3229"}],"wp:featuredmedia":[{"embeddable":true,"href":"https:\/\/www.upo.es\/patio-colorado\/wp-json\/wp\/v2\/media\/3226"}],"wp:attachment":[{"href":"https:\/\/www.upo.es\/patio-colorado\/wp-json\/wp\/v2\/media?parent=3225"}],"wp:term":[{"taxonomy":"category","embeddable":true,"href":"https:\/\/www.upo.es\/patio-colorado\/wp-json\/wp\/v2\/categories?post=3225"},{"taxonomy":"post_tag","embeddable":true,"href":"https:\/\/www.upo.es\/patio-colorado\/wp-json\/wp\/v2\/tags?post=3225"}],"curies":[{"name":"wp","href":"https:\/\/api.w.org\/{rel}","templated":true}]}}