{"id":3230,"date":"2021-06-16T19:47:22","date_gmt":"2021-06-16T19:47:22","guid":{"rendered":"https:\/\/www.upo.es\/patio-colorado\/?p=3230"},"modified":"2021-06-16T19:47:22","modified_gmt":"2021-06-16T19:47:22","slug":"teresa-gonzalo-ybarra-forrada-entre-papeles","status":"publish","type":"post","link":"https:\/\/www.upo.es\/patio-colorado\/2021\/06\/16\/teresa-gonzalo-ybarra-forrada-entre-papeles\/","title":{"rendered":"Teresa Gonzalo Ybarra.- Forrada entre papeles&#8230;"},"content":{"rendered":"<p>Hoy os quiero dar a conocer a Teresa, una artista en todos los sentidos que despu\u00e9s de abordar muchas facetas del arte, yo al menos, siempre la relaciono con el papel.<\/p>\n<p>La conoc\u00ed \u2026no se ni cuando, pero coincidimos juntas en una de esas pasiones por el arte, en concreto en el de la encuadernaci\u00f3n donde, yo daba mis primeros pasos y ella era una alumna ya aventajada.<\/p>\n<p>Lo que m\u00e1s me maravillaba de ella es que, mientras la profesora nos daba a elegir entre los preciosos papeles para forrar el interior de los libros que encuadern\u00e1bamos, ella llevaba sus propios papeles, cada uno m\u00e1s bonito que el anterior, llenos de alegres y coloridas formas que, sin duda, hac\u00edan que sus libros brillaran m\u00e1s que los m\u00edos.<\/p>\n<p>Hace mucho que no nos vemos, pero, la veo a trav\u00e9s de sus obras en Instagram y ha accedido a contarnos m\u00e1s sobre ella y sus papeles en el mundo del arte.<\/p>\n<ol>\n<li>P: \u00bfQu\u00e9 significa para ti el arte y la cultura?<\/li>\n<\/ol>\n<p><strong>T<\/strong>:\u00a0\u00a0\u00a0 Para mi, el conjunto de esas dos palabras es la creatividad. Es la expresi\u00f3n de emociones, sentimientos, imaginaciones, valores&#8230; a trav\u00e9s de las obras del artista, ya sean pintoras, esculturas, cer\u00e1micas, etc.<\/p>\n<ol start=\"2\">\n<li>P: \u00bfCrees que una persona nace con esa vena artista o que el arte se educa y se puede llegar a aprender?<\/li>\n<\/ol>\n<p><strong>T<\/strong>:\u00a0\u00a0\u00a0 Creo que se nace con algo y, a partir de ah\u00ed, se educa a trav\u00e9s del aprendizaje y la pr\u00e1ctica. En mi caso, creo que he heredado a mi madre, porque ella ha pintado y cosido de maravilla desde que es ni\u00f1a.<\/p>\n<figure id=\"attachment_3231\" aria-describedby=\"caption-attachment-3231\" style=\"width: 1024px\" class=\"wp-caption alignleft\"><img loading=\"lazy\" decoding=\"async\" class=\"size-full wp-image-3231\" src=\"https:\/\/www.upo.es\/patio-colorado\/wp-content\/uploads\/2021\/06\/WhatsApp-Image-2021-06-16-at-19.44.29.jpeg\" alt=\"\" width=\"1024\" height=\"958\" srcset=\"https:\/\/www.upo.es\/patio-colorado\/wp-content\/uploads\/2021\/06\/WhatsApp-Image-2021-06-16-at-19.44.29.jpeg 1024w, https:\/\/www.upo.es\/patio-colorado\/wp-content\/uploads\/2021\/06\/WhatsApp-Image-2021-06-16-at-19.44.29-300x281.jpeg 300w, https:\/\/www.upo.es\/patio-colorado\/wp-content\/uploads\/2021\/06\/WhatsApp-Image-2021-06-16-at-19.44.29-768x719.jpeg 768w\" sizes=\"auto, (max-width: 1024px) 100vw, 1024px\" \/><figcaption id=\"caption-attachment-3231\" class=\"wp-caption-text\">Imagen cedida por la artista<\/figcaption><\/figure>\n<p>3. \u00a0P: \u00bfCu\u00e1ndo empezaste ha hacer tus primeros pinitos en algo relacionado con el mundo art\u00edstico?<\/p>\n<p><strong>T<\/strong>:\u00a0\u00a0\u00a0 Empec\u00e9 a pintar desde muy peque\u00f1a y, de forma m\u00e1s especializada, a partir de los 16 o 17 a\u00f1os, cuando entre en la escuela de artes aplicadas a la vez que recib\u00eda clases de diferentes pintores sevillanos.<\/p>\n<ol start=\"4\">\n<li>P: \u00bfEstudiaste alguna carrera de la rama del arte? \u00bfO en esto eres autodidacta?<\/li>\n<\/ol>\n<p><strong>T<\/strong>:\u00a0\u00a0\u00a0 Si, como he comentado antes, estudi\u00e9 en la escuela de Artes Aplicadas la especialidad de delineaci\u00f3n. Estuve haciendo pr\u00e1cticas con dos arquitectos, pero me di cuenta de que no era lo m\u00edo, entonces empec\u00e9 con la pintura y cer\u00e1mica, que me apasion\u00f3.<\/p>\n<ol start=\"5\">\n<li>P: \u00bfCrees que tu entorno o tu familia tuvo algo que ver en tu faceta art\u00edstica? \u00bfHay alg\u00fan otro artista en tu familia?<\/li>\n<\/ol>\n<p><strong>T<\/strong>: \u00a0 \u00a0Si, mi familia influy\u00f3 en mi faceta art\u00edstica. Adem\u00e1s de mi madre, tengo varios primos\/as que son verdaderos artistas.<\/p>\n<ol start=\"6\">\n<li>P: Bueno Teresa, quiz\u00e1s yo sepa algo de lo que has hecho hasta ahora como los cuadros y los papeles pintados, pero \u00bfSerias tan amble de contarle a nuestros lectores que tipo de cosas has hecho o haces en la actualidad como artista pl\u00e1stica?<\/li>\n<\/ol>\n<p><strong>T<\/strong>: \u00a0 \u00a0 Sigo haciendo las dos cosas, tanto papeles marmolados como cuadros al \u00f3leo, acuarela, acr\u00edlico&#8230; o la t\u00e9cnica que se me apetezca en el momento. Me gustan mucho los cuadros \u201ccollages\u201d, en los que mezclo diferentes materiales. Adem\u00e1s, el tema de la encuadernaci\u00f3n, nunca lo he dejado del todo.<\/p>\n<figure id=\"attachment_3232\" aria-describedby=\"caption-attachment-3232\" style=\"width: 1024px\" class=\"wp-caption alignleft\"><img loading=\"lazy\" decoding=\"async\" class=\"size-full wp-image-3232\" src=\"https:\/\/www.upo.es\/patio-colorado\/wp-content\/uploads\/2021\/06\/WhatsApp-Image-2021-06-16-at-19.46.41.jpeg\" alt=\"\" width=\"1024\" height=\"1016\" srcset=\"https:\/\/www.upo.es\/patio-colorado\/wp-content\/uploads\/2021\/06\/WhatsApp-Image-2021-06-16-at-19.46.41.jpeg 1024w, https:\/\/www.upo.es\/patio-colorado\/wp-content\/uploads\/2021\/06\/WhatsApp-Image-2021-06-16-at-19.46.41-300x298.jpeg 300w, https:\/\/www.upo.es\/patio-colorado\/wp-content\/uploads\/2021\/06\/WhatsApp-Image-2021-06-16-at-19.46.41-150x150.jpeg 150w, https:\/\/www.upo.es\/patio-colorado\/wp-content\/uploads\/2021\/06\/WhatsApp-Image-2021-06-16-at-19.46.41-768x762.jpeg 768w\" sizes=\"auto, (max-width: 1024px) 100vw, 1024px\" \/><figcaption id=\"caption-attachment-3232\" class=\"wp-caption-text\">Papel con t\u00e9cnica de marmoleado cedida por la artista<\/figcaption><\/figure>\n<p>7. \u00a0P: \u00bfQu\u00e9 t\u00e9cnica sueles seguir para tus cuadros? \u00bfCon que t\u00e9cnica te encuentras m\u00e1s c\u00f3moda?<\/p>\n<p><strong>T<\/strong>: Para los papeles marmoleados uso pigmentos. Es mucho m\u00e1s pesado y dif\u00edcil, porque a veces, despu\u00e9s de todo el proceso, resulta que no me sirve&#8230; Pero me entusiasma, disfruto much\u00edsimo. Para los cuadros uso varios materiales, acr\u00edlico, guoache), l\u00e1pices, tintas&#8230;<\/p>\n<ol start=\"8\">\n<li>P: \u00bfMir\u00e1ndolo desde el aspecto comercial \u00bfcrees que hay una t\u00e9cnica que se venda m\u00e1s que otras?\n<p><figure id=\"attachment_3235\" aria-describedby=\"caption-attachment-3235\" style=\"width: 242px\" class=\"wp-caption alignright\"><img loading=\"lazy\" decoding=\"async\" class=\"size-medium wp-image-3235\" src=\"https:\/\/www.upo.es\/patio-colorado\/wp-content\/uploads\/2021\/06\/WhatsApp-Image-2021-06-16-at-19.48.00-242x300.jpeg\" alt=\"\" width=\"242\" height=\"300\" srcset=\"https:\/\/www.upo.es\/patio-colorado\/wp-content\/uploads\/2021\/06\/WhatsApp-Image-2021-06-16-at-19.48.00-242x300.jpeg 242w, https:\/\/www.upo.es\/patio-colorado\/wp-content\/uploads\/2021\/06\/WhatsApp-Image-2021-06-16-at-19.48.00-768x951.jpeg 768w, https:\/\/www.upo.es\/patio-colorado\/wp-content\/uploads\/2021\/06\/WhatsApp-Image-2021-06-16-at-19.48.00.jpeg 827w\" sizes=\"auto, (max-width: 242px) 100vw, 242px\" \/><figcaption id=\"caption-attachment-3235\" class=\"wp-caption-text\">Ultima obra de la artista que est\u00e1 colgada en su Instagram\u00a0<strong>teresagoy<\/strong>\u00a0y me ha encantado. Imagen cedida por la artista.<\/figcaption><\/figure><\/li>\n<\/ol>\n<p><strong>T<\/strong>: Depende del momento. Antes vend\u00eda m\u00e1s \u00f3leos y ahora vendo m\u00e1s papeles pintados.<\/p>\n<ol start=\"9\">\n<li>P: \u00bfEn que tipo de RRSS sueles dejar constancia de tus trabajos?<\/li>\n<\/ol>\n<p><strong>T<\/strong>: Sobretodo uso Instagram, Facebook tambi\u00e9n, pero menos.<\/p>\n<ol start=\"10\">\n<li>P: \u00bfCrees que son necesarias las RRSS para tu tipo de trabajo?<\/li>\n<\/ol>\n<p><strong>T<\/strong>:\u00a0\u00a0\u00a0 Si, por supuesto que son necesarias porque son un canal maravilloso para darse a conocer.<\/p>\n<p>Adem\u00e1s, gracias a ellas, se si mis obras gustan o no.<\/p>\n<ol start=\"11\">\n<li>P: \u00bfQu\u00e9 tipo de perfil tienen tus clientes y c\u00f3mo suelen contactar contigo?<img loading=\"lazy\" decoding=\"async\" class=\"alignright  wp-image-3239\" src=\"https:\/\/www.upo.es\/patio-colorado\/wp-content\/uploads\/2021\/06\/Captura-de-pantalla-2021-06-16-a-las-21.43.40.png\" alt=\"\" width=\"20\" height=\"19\" \/><\/li>\n<\/ol>\n<p><strong>T<\/strong>: De todas clases y edades. Mis clientes me escriben por wasap, email, contactan conmigo a trav\u00e9s de<\/p>\n<p>Instagram, etc.<\/p>\n<ol start=\"12\">\n<li>P: \u00bfQu\u00e9 ha supuesto para ti esta pandemia del Covid en este \u00faltimo a\u00f1o?<\/li>\n<\/ol>\n<p><strong>T<\/strong>: Uff! \u00a1Horrible, igual que para todo el mundo! Yo estaba \u00f1 muy ilusionada porque iba a exponer en la Caja Rural y, por tres veces, me cancelaron la exposici\u00f3n&#8230; una pena. Bueno, hay q tener mucha\u00a0paciencia y seguro q pronto se terminar\u00e1 toda esta tragedia.<\/p>\n<ol start=\"13\">\n<li>P: Por \u00faltimo, Teresa \u00bfque le dir\u00edas a los j\u00f3venes de hoy que quieran dedicarse al mundo del arte desde el punto de vista del artista que realiza sus propias obras?<\/li>\n<\/ol>\n<p><strong>T<\/strong>: Les recomiendo que, si es lo que les gusta, \u00a1no dejen de ejercer esta profesi\u00f3n! En esta vida, lo m\u00e1s maravilloso que hay es dedicarse a lo que a uno le gusta.<br \/>\n<img loading=\"lazy\" decoding=\"async\" class=\"alignleft size-large wp-image-3233\" src=\"https:\/\/www.upo.es\/patio-colorado\/wp-content\/uploads\/2021\/06\/WhatsApp-Image-2021-06-16-at-19.45.44-576x1024.jpeg\" alt=\"\" width=\"576\" height=\"1024\" srcset=\"https:\/\/www.upo.es\/patio-colorado\/wp-content\/uploads\/2021\/06\/WhatsApp-Image-2021-06-16-at-19.45.44-576x1024.jpeg 576w, https:\/\/www.upo.es\/patio-colorado\/wp-content\/uploads\/2021\/06\/WhatsApp-Image-2021-06-16-at-19.45.44-169x300.jpeg 169w, https:\/\/www.upo.es\/patio-colorado\/wp-content\/uploads\/2021\/06\/WhatsApp-Image-2021-06-16-at-19.45.44-768x1365.jpeg 768w, https:\/\/www.upo.es\/patio-colorado\/wp-content\/uploads\/2021\/06\/WhatsApp-Image-2021-06-16-at-19.45.44-864x1536.jpeg 864w, https:\/\/www.upo.es\/patio-colorado\/wp-content\/uploads\/2021\/06\/WhatsApp-Image-2021-06-16-at-19.45.44.jpeg 1152w\" sizes=\"auto, (max-width: 576px) 100vw, 576px\" \/><\/p>\n<p>Teresa, mil gracias por querer participar en este proyecto de la revista digital El Patio Colorao.<\/p>\n","protected":false},"excerpt":{"rendered":"<p>Hoy os quiero dar a conocer a Teresa, una artista en todos los sentidos que despu\u00e9s de abordar muchas facetas del arte, yo al menos, siempre la relaciono con el papel. La conoc\u00ed \u2026no se ni cuando, pero coincidimos juntas en una de esas pasiones por el arte, en concreto en el de la encuadernaci\u00f3n [&hellip;]<\/p>\n","protected":false},"author":56,"featured_media":3234,"comment_status":"open","ping_status":"open","sticky":false,"template":"","format":"standard","meta":{"_acf_changed":false,"_monsterinsights_skip_tracking":false,"_monsterinsights_sitenote_active":false,"_monsterinsights_sitenote_note":"","_monsterinsights_sitenote_category":0,"footnotes":""},"categories":[24,137,44,167,301],"tags":[],"class_list":["post-3230","post","type-post","status-publish","format-standard","has-post-thumbnail","hentry","category-conservacion-y-restauracion","category-entrevistas","category-patrimonio","category-pintura-escultura","category-sevilla"],"blocksy_meta":[],"acf":[],"jetpack_featured_media_url":"https:\/\/www.upo.es\/patio-colorado\/wp-content\/uploads\/2021\/06\/WhatsApp-Image-2021-06-16-at-19.45.08.jpeg","_links":{"self":[{"href":"https:\/\/www.upo.es\/patio-colorado\/wp-json\/wp\/v2\/posts\/3230","targetHints":{"allow":["GET"]}}],"collection":[{"href":"https:\/\/www.upo.es\/patio-colorado\/wp-json\/wp\/v2\/posts"}],"about":[{"href":"https:\/\/www.upo.es\/patio-colorado\/wp-json\/wp\/v2\/types\/post"}],"author":[{"embeddable":true,"href":"https:\/\/www.upo.es\/patio-colorado\/wp-json\/wp\/v2\/users\/56"}],"replies":[{"embeddable":true,"href":"https:\/\/www.upo.es\/patio-colorado\/wp-json\/wp\/v2\/comments?post=3230"}],"version-history":[{"count":5,"href":"https:\/\/www.upo.es\/patio-colorado\/wp-json\/wp\/v2\/posts\/3230\/revisions"}],"predecessor-version":[{"id":3241,"href":"https:\/\/www.upo.es\/patio-colorado\/wp-json\/wp\/v2\/posts\/3230\/revisions\/3241"}],"wp:featuredmedia":[{"embeddable":true,"href":"https:\/\/www.upo.es\/patio-colorado\/wp-json\/wp\/v2\/media\/3234"}],"wp:attachment":[{"href":"https:\/\/www.upo.es\/patio-colorado\/wp-json\/wp\/v2\/media?parent=3230"}],"wp:term":[{"taxonomy":"category","embeddable":true,"href":"https:\/\/www.upo.es\/patio-colorado\/wp-json\/wp\/v2\/categories?post=3230"},{"taxonomy":"post_tag","embeddable":true,"href":"https:\/\/www.upo.es\/patio-colorado\/wp-json\/wp\/v2\/tags?post=3230"}],"curies":[{"name":"wp","href":"https:\/\/api.w.org\/{rel}","templated":true}]}}