{"id":3243,"date":"2021-06-17T15:45:00","date_gmt":"2021-06-17T15:45:00","guid":{"rendered":"https:\/\/www.upo.es\/patio-colorado\/?p=3243"},"modified":"2021-06-17T15:45:00","modified_gmt":"2021-06-17T15:45:00","slug":"las-exposiciones-actuales-del-caac-en-sevilla","status":"publish","type":"post","link":"https:\/\/www.upo.es\/patio-colorado\/2021\/06\/17\/las-exposiciones-actuales-del-caac-en-sevilla\/","title":{"rendered":"Las exposiciones actuales del CAAC en Sevilla"},"content":{"rendered":"<p>Ubicado desde 1997 en el Monasterio de la Cartuja, el Centro Andaluz de Arte Contempor\u00e1neo (C.A.A.C.) de Sevilla, representa la sede expositiva m\u00e1s importante de Andaluc\u00eda en cuanto el arte de este siglo. Uno de sus principales objetivos siempre ha sido tener una intenci\u00f3n educativa para favorecer el estudio y el impulso de la creaci\u00f3n art\u00edstica contempor\u00e1nea. No se trata solo de un museo, sino que en este sitio tienen lugar conciertos, talleres, conferencias, exposiciones temporales, seminarios y muchas otras cosas. Actualmente son 5 las exposiciones presentes; vamos a presentar cada una de estas.<\/p>\n<p><strong><em><u>ABRAHAM LACALLE<\/u><\/em><\/strong><\/p>\n<p>Artista espa\u00f1ol formado en Sevilla, Abraham Lacalle reproduce en sus obras lo que m\u00e1s lo caracteriza, o sea su proyecci\u00f3n internacional. En esta exposici\u00f3n se hace un recorrido por la obra del artista desde 2010 hasta nuestros d\u00edas. El paisaje es el elemento central de su trabajo y en esta presentaci\u00f3n se ve muy claramente como durante su actividad art\u00edstica ha sufridos cambios. Se trata de un proyecto que examina el paisaje en correspondencia y difusi\u00f3n con otros g\u00e9neros sobre cuya base encontramos la \u00e9tica medioambiental.<\/p>\n<p><img loading=\"lazy\" decoding=\"async\" class=\"size-medium wp-image-3245 aligncenter\" src=\"https:\/\/www.upo.es\/patio-colorado\/wp-content\/uploads\/2021\/06\/lacalle2-300x131.jpg\" alt=\"\" width=\"300\" height=\"131\" srcset=\"https:\/\/www.upo.es\/patio-colorado\/wp-content\/uploads\/2021\/06\/lacalle2-300x131.jpg 300w, https:\/\/www.upo.es\/patio-colorado\/wp-content\/uploads\/2021\/06\/lacalle2-1024x448.jpg 1024w, https:\/\/www.upo.es\/patio-colorado\/wp-content\/uploads\/2021\/06\/lacalle2-768x336.jpg 768w, https:\/\/www.upo.es\/patio-colorado\/wp-content\/uploads\/2021\/06\/lacalle2-1536x671.jpg 1536w, https:\/\/www.upo.es\/patio-colorado\/wp-content\/uploads\/2021\/06\/lacalle2-2048x895.jpg 2048w\" sizes=\"auto, (max-width: 300px) 100vw, 300px\" \/><\/p>\n<p><strong><em><u>AMAZON<\/u><\/em><\/strong><strong><em><u>\u00cd<\/u><\/em><\/strong><strong><em><u>A<\/u><\/em><\/strong><\/p>\n<p>Hasta el 31 de octubre se podr\u00e1 tambi\u00e9n visitar la exposici\u00f3n \u201cAmazon\u00eda\u201d, un conjunto de obras de 11 artista latinoamericanos y europeos que tratan algunos de los temas claves del siglo XXI. Los problemas ambientales son el n\u00facleo tem\u00e1tico de este trabajo, que tienen que ser analizados desde el punto de vista cultural y cient\u00edfico. El libro <em>Ecocriticism<\/em> de Greg Garrard, es el marco conceptual y te\u00f3rico de este proyecto, en el que se analizan las varias analog\u00edas entre la practica ecocr\u00edtica y el futuro.<\/p>\n<p><img loading=\"lazy\" decoding=\"async\" class=\"alignnone size-medium wp-image-3246 aligncenter\" src=\"https:\/\/www.upo.es\/patio-colorado\/wp-content\/uploads\/2021\/06\/amaz5-300x238.jpg\" alt=\"\" width=\"300\" height=\"238\" srcset=\"https:\/\/www.upo.es\/patio-colorado\/wp-content\/uploads\/2021\/06\/amaz5-300x238.jpg 300w, https:\/\/www.upo.es\/patio-colorado\/wp-content\/uploads\/2021\/06\/amaz5-1024x812.jpg 1024w, https:\/\/www.upo.es\/patio-colorado\/wp-content\/uploads\/2021\/06\/amaz5-768x609.jpg 768w, https:\/\/www.upo.es\/patio-colorado\/wp-content\/uploads\/2021\/06\/amaz5-1536x1217.jpg 1536w, https:\/\/www.upo.es\/patio-colorado\/wp-content\/uploads\/2021\/06\/amaz5-2048x1623.jpg 2048w\" sizes=\"auto, (max-width: 300px) 100vw, 300px\" \/><\/p>\n<p><strong><em><u>ESCULTURA EXPANDIDA <\/u><\/em><\/strong><\/p>\n<p>En esta exposici\u00f3n viene presentada la idea de escultura expandida que llega hasta la instalaci\u00f3n, a partir de las obras de la colecci\u00f3n del CAAC. De esta manera se ve como el concepto de escultura va ampliando su radio de acci\u00f3n y mostrando como viene utilizada en el mundo del arte contempor\u00e1neo. En concreto, el objetivo de este proyecto ha sido establecer un recorrido en el que el espectador puede pasar de la abstracci\u00f3n a la figuraci\u00f3n, de la geometr\u00eda al cuerpo, a trav\u00e9s de numerosas intersecciones.<\/p>\n<p><img loading=\"lazy\" decoding=\"async\" class=\"size-medium wp-image-3247 aligncenter\" src=\"https:\/\/www.upo.es\/patio-colorado\/wp-content\/uploads\/2021\/06\/expand1-300x199.jpg\" alt=\"\" width=\"300\" height=\"199\" srcset=\"https:\/\/www.upo.es\/patio-colorado\/wp-content\/uploads\/2021\/06\/expand1-300x199.jpg 300w, https:\/\/www.upo.es\/patio-colorado\/wp-content\/uploads\/2021\/06\/expand1-1024x680.jpg 1024w, https:\/\/www.upo.es\/patio-colorado\/wp-content\/uploads\/2021\/06\/expand1-768x510.jpg 768w, https:\/\/www.upo.es\/patio-colorado\/wp-content\/uploads\/2021\/06\/expand1-1536x1020.jpg 1536w, https:\/\/www.upo.es\/patio-colorado\/wp-content\/uploads\/2021\/06\/expand1-2048x1360.jpg 2048w\" sizes=\"auto, (max-width: 300px) 100vw, 300px\" \/><\/p>\n<p><strong><em><u>TERESA DUCL<\/u><\/em><\/strong><strong><em><u>\u00d3<\/u><\/em><\/strong><strong><em><u>S <\/u><\/em><\/strong><\/p>\n<p>Teresa Ducl\u00f3s es una pintora nacida en Sevilla en 1934 que pertenece al grupo de artistas que intentaron alejarse de las formas rutinarias impuestas durante la posguerra, buscando algo diferente. Las obras de esta artista se desarrollan a lo largo de ambientes cotidianos, objetos ordinarios y enclaves naturales. Es como si estas obras impulsaron la memoria del espectador a reconstruir rasgos familiares de su propria experiencia, pero que se hab\u00edan perdido.<\/p>\n<p><img loading=\"lazy\" decoding=\"async\" class=\"size-medium wp-image-3248 aligncenter\" src=\"https:\/\/www.upo.es\/patio-colorado\/wp-content\/uploads\/2021\/06\/duclos5-300x238.jpg\" alt=\"\" width=\"300\" height=\"238\" srcset=\"https:\/\/www.upo.es\/patio-colorado\/wp-content\/uploads\/2021\/06\/duclos5-300x238.jpg 300w, https:\/\/www.upo.es\/patio-colorado\/wp-content\/uploads\/2021\/06\/duclos5-1024x814.jpg 1024w, https:\/\/www.upo.es\/patio-colorado\/wp-content\/uploads\/2021\/06\/duclos5-768x610.jpg 768w, https:\/\/www.upo.es\/patio-colorado\/wp-content\/uploads\/2021\/06\/duclos5.jpg 1350w\" sizes=\"auto, (max-width: 300px) 100vw, 300px\" \/><\/p>\n<p><strong><em><u>SALOM<\/u><\/em><\/strong><strong><em><u>\u00c9<\/u><\/em><\/strong><strong><em><u> DEL CAMPO <\/u><\/em><\/strong><\/p>\n<p>La producci\u00f3n pict\u00f3rica de esta artista, Salom\u00e9 del Campo, puede definirse \u201cun an\u00e1lisis de determinadas im\u00e1genes que proceden de distintos canales de distribuci\u00f3n de la visualidad actual\u201d. En esta exposici\u00f3n ella quiere hacer una reflexi\u00f3n a trav\u00e9s de tres monocromos: gris, rojo y azul. El nexo de uni\u00f3n entre todas las obras que est\u00e1n en las diferentes salas son las obras que encontramos en torno al mural La nave, un proyecto que puede definirse como una representaci\u00f3n dentro de la representaci\u00f3n, puesto que analiza muchos detalles.<\/p>\n<p><img loading=\"lazy\" decoding=\"async\" class=\"size-medium wp-image-3249 aligncenter\" src=\"https:\/\/www.upo.es\/patio-colorado\/wp-content\/uploads\/2021\/06\/salome3-300x246.jpg\" alt=\"\" width=\"300\" height=\"246\" srcset=\"https:\/\/www.upo.es\/patio-colorado\/wp-content\/uploads\/2021\/06\/salome3-300x246.jpg 300w, https:\/\/www.upo.es\/patio-colorado\/wp-content\/uploads\/2021\/06\/salome3-1024x839.jpg 1024w, https:\/\/www.upo.es\/patio-colorado\/wp-content\/uploads\/2021\/06\/salome3-768x629.jpg 768w, https:\/\/www.upo.es\/patio-colorado\/wp-content\/uploads\/2021\/06\/salome3-1536x1259.jpg 1536w, https:\/\/www.upo.es\/patio-colorado\/wp-content\/uploads\/2021\/06\/salome3.jpg 1600w\" sizes=\"auto, (max-width: 300px) 100vw, 300px\" \/><\/p>\n<hr \/>\n<p>FUENTE:<\/p>\n<p>www.caac.es<\/p>\n","protected":false},"excerpt":{"rendered":"<p>Ubicado desde 1997 en el Monasterio de la Cartuja, el Centro Andaluz de Arte Contempor\u00e1neo (C.A.A.C.) de Sevilla, representa la sede expositiva m\u00e1s importante de Andaluc\u00eda en cuanto el arte de este siglo. Uno de sus principales objetivos siempre ha sido tener una intenci\u00f3n educativa para favorecer el estudio y el impulso de la creaci\u00f3n [&hellip;]<\/p>\n","protected":false},"author":55,"featured_media":3244,"comment_status":"open","ping_status":"open","sticky":false,"template":"","format":"standard","meta":{"_acf_changed":false,"_monsterinsights_skip_tracking":false,"_monsterinsights_sitenote_active":false,"_monsterinsights_sitenote_note":"","_monsterinsights_sitenote_category":0,"footnotes":""},"categories":[167,301],"tags":[381,382,178,160,245],"class_list":["post-3243","post","type-post","status-publish","format-standard","has-post-thumbnail","hentry","category-pintura-escultura","category-sevilla","tag-artecontemporaneo","tag-escultura","tag-museo","tag-pintura","tag-exposiciones"],"blocksy_meta":[],"acf":[],"jetpack_featured_media_url":"https:\/\/www.upo.es\/patio-colorado\/wp-content\/uploads\/2021\/06\/WhatsApp-Image-2021-06-17-at-17.29.32.jpeg","_links":{"self":[{"href":"https:\/\/www.upo.es\/patio-colorado\/wp-json\/wp\/v2\/posts\/3243","targetHints":{"allow":["GET"]}}],"collection":[{"href":"https:\/\/www.upo.es\/patio-colorado\/wp-json\/wp\/v2\/posts"}],"about":[{"href":"https:\/\/www.upo.es\/patio-colorado\/wp-json\/wp\/v2\/types\/post"}],"author":[{"embeddable":true,"href":"https:\/\/www.upo.es\/patio-colorado\/wp-json\/wp\/v2\/users\/55"}],"replies":[{"embeddable":true,"href":"https:\/\/www.upo.es\/patio-colorado\/wp-json\/wp\/v2\/comments?post=3243"}],"version-history":[{"count":1,"href":"https:\/\/www.upo.es\/patio-colorado\/wp-json\/wp\/v2\/posts\/3243\/revisions"}],"predecessor-version":[{"id":3250,"href":"https:\/\/www.upo.es\/patio-colorado\/wp-json\/wp\/v2\/posts\/3243\/revisions\/3250"}],"wp:featuredmedia":[{"embeddable":true,"href":"https:\/\/www.upo.es\/patio-colorado\/wp-json\/wp\/v2\/media\/3244"}],"wp:attachment":[{"href":"https:\/\/www.upo.es\/patio-colorado\/wp-json\/wp\/v2\/media?parent=3243"}],"wp:term":[{"taxonomy":"category","embeddable":true,"href":"https:\/\/www.upo.es\/patio-colorado\/wp-json\/wp\/v2\/categories?post=3243"},{"taxonomy":"post_tag","embeddable":true,"href":"https:\/\/www.upo.es\/patio-colorado\/wp-json\/wp\/v2\/tags?post=3243"}],"curies":[{"name":"wp","href":"https:\/\/api.w.org\/{rel}","templated":true}]}}