{"id":357,"date":"2020-02-24T15:29:44","date_gmt":"2020-02-24T15:29:44","guid":{"rendered":"https:\/\/www.upo.es\/patio-colorado\/?p=357"},"modified":"2020-02-26T15:47:04","modified_gmt":"2020-02-26T15:47:04","slug":"exigen-la-recuperacion-de-los-hornos-arabes-de-albaida-del-aljarafe-2","status":"publish","type":"post","link":"https:\/\/www.upo.es\/patio-colorado\/2020\/02\/24\/exigen-la-recuperacion-de-los-hornos-arabes-de-albaida-del-aljarafe-2\/","title":{"rendered":"Exigen la recuperaci\u00f3n de los hornos \u00e1rabes de Albaida del Aljarafe"},"content":{"rendered":"<p>Fuente ABC de Sevilla<\/p>\n<p>El diputado auton\u00f3mico Ismael S\u00e1nchez ha criticado el mal estado de conservaci\u00f3n del Ladrillar de Albaida del Aljarafe, pese a la subvenci\u00f3n que recibi\u00f3 en 2008 con el objetivo de rehabilitar los hornos y la zona de alrededor.<\/p>\n<p>S\u00e1nchez ha cargado duramente contra la Junta de Andaluc\u00eda recordando que su obligaci\u00f3n es mantener el patrimonio, poni\u00e9ndolo como un ejemplo de la mala gesti\u00f3n del ejecutivo andaluz, un mal que viene heredado del anterior gobierno de la Junta seg\u00fan el diputado.<\/p>\n<p>El parlamentario ha acabado pidiendo un compromiso pol\u00edtico y econ\u00f3mico, exigiendo al mismo tiempo ponerse a trabajar cuanto antes para la recuperaci\u00f3n de los hornos, criticando una vez la dejadez del Ejecutivo Andaluz.<\/p>\n","protected":false},"excerpt":{"rendered":"<p>Fuente ABC de Sevilla El diputado auton\u00f3mico Ismael S\u00e1nchez ha criticado el mal estado de conservaci\u00f3n del Ladrillar de Albaida del Aljarafe, pese a la subvenci\u00f3n que recibi\u00f3 en 2008 con el objetivo de rehabilitar los hornos y la zona de alrededor. S\u00e1nchez ha cargado duramente contra la Junta de Andaluc\u00eda recordando que su obligaci\u00f3n [&hellip;]<\/p>\n","protected":false},"author":7,"featured_media":354,"comment_status":"open","ping_status":"open","sticky":false,"template":"","format":"standard","meta":{"_acf_changed":false,"_monsterinsights_skip_tracking":false,"_monsterinsights_sitenote_active":false,"_monsterinsights_sitenote_note":"","_monsterinsights_sitenote_category":0,"footnotes":""},"categories":[45,46],"tags":[],"class_list":["post-357","post","type-post","status-publish","format-standard","has-post-thumbnail","hentry","category-boletin-colorao","category-en-la-prensa"],"blocksy_meta":[],"acf":[],"jetpack_featured_media_url":"https:\/\/www.upo.es\/patio-colorado\/wp-content\/uploads\/2020\/02\/IMAGEN-HORNOS-ALBAIDA-DEL-ALJARAFE.jpg","_links":{"self":[{"href":"https:\/\/www.upo.es\/patio-colorado\/wp-json\/wp\/v2\/posts\/357","targetHints":{"allow":["GET"]}}],"collection":[{"href":"https:\/\/www.upo.es\/patio-colorado\/wp-json\/wp\/v2\/posts"}],"about":[{"href":"https:\/\/www.upo.es\/patio-colorado\/wp-json\/wp\/v2\/types\/post"}],"author":[{"embeddable":true,"href":"https:\/\/www.upo.es\/patio-colorado\/wp-json\/wp\/v2\/users\/7"}],"replies":[{"embeddable":true,"href":"https:\/\/www.upo.es\/patio-colorado\/wp-json\/wp\/v2\/comments?post=357"}],"version-history":[{"count":1,"href":"https:\/\/www.upo.es\/patio-colorado\/wp-json\/wp\/v2\/posts\/357\/revisions"}],"predecessor-version":[{"id":358,"href":"https:\/\/www.upo.es\/patio-colorado\/wp-json\/wp\/v2\/posts\/357\/revisions\/358"}],"wp:featuredmedia":[{"embeddable":true,"href":"https:\/\/www.upo.es\/patio-colorado\/wp-json\/wp\/v2\/media\/354"}],"wp:attachment":[{"href":"https:\/\/www.upo.es\/patio-colorado\/wp-json\/wp\/v2\/media?parent=357"}],"wp:term":[{"taxonomy":"category","embeddable":true,"href":"https:\/\/www.upo.es\/patio-colorado\/wp-json\/wp\/v2\/categories?post=357"},{"taxonomy":"post_tag","embeddable":true,"href":"https:\/\/www.upo.es\/patio-colorado\/wp-json\/wp\/v2\/tags?post=357"}],"curies":[{"name":"wp","href":"https:\/\/api.w.org\/{rel}","templated":true}]}}