{"id":3637,"date":"2022-04-17T22:00:14","date_gmt":"2022-04-17T22:00:14","guid":{"rendered":"https:\/\/www.upo.es\/patio-colorado\/?p=3637"},"modified":"2022-04-17T22:00:14","modified_gmt":"2022-04-17T22:00:14","slug":"osuna-el-coto-de-las-canteras","status":"publish","type":"post","link":"https:\/\/www.upo.es\/patio-colorado\/2022\/04\/17\/osuna-el-coto-de-las-canteras\/","title":{"rendered":"Osuna: El Coto de las Canteras"},"content":{"rendered":"<p>Aquel que se anime a conocer la campi\u00f1a sevillana encontrar\u00e1, a unos 90 km de Sevilla capital oteando el horizonte desde la ladera de una colina, la localidad de Osuna (la antigua <em>Urso<\/em>). Un enclave lleno de historia que hunde sus ra\u00edces entre los turdetanos, pero que comenzar\u00e1 su apogeo en \u00e9poca romana. No debemos olvidar que <em>Urso<\/em> fue un importante enclave durante la Guerra Civil entre Pompeyo y C\u00e9sar, llegando a tener su propia moneda: el <em>Urs\u00f3n<\/em>.<\/p>\n<figure id=\"attachment_3657\" aria-describedby=\"caption-attachment-3657\" style=\"width: 666px\" class=\"wp-caption aligncenter\"><img loading=\"lazy\" decoding=\"async\" class=\"wp-image-3657 size-full\" src=\"https:\/\/www.upo.es\/patio-colorado\/wp-content\/uploads\/2022\/04\/4-El-Coto-de-las-Canteras7.jpg\" alt=\"\" width=\"666\" height=\"360\" srcset=\"https:\/\/www.upo.es\/patio-colorado\/wp-content\/uploads\/2022\/04\/4-El-Coto-de-las-Canteras7.jpg 666w, https:\/\/www.upo.es\/patio-colorado\/wp-content\/uploads\/2022\/04\/4-El-Coto-de-las-Canteras7-300x162.jpg 300w\" sizes=\"auto, (max-width: 666px) 100vw, 666px\" \/><figcaption id=\"caption-attachment-3657\" class=\"wp-caption-text\">Fuente: https:\/\/sevillasecreta.co\/osuna\/<\/figcaption><\/figure>\n<p>M\u00e1s all\u00e1 de todos los lugares de inter\u00e9s que podemos encontrar en Osuna relacionados con su pasado \u00edbero y romano, podremos visitar su centro urbano declarado conjunto hist\u00f3rico art\u00edstico en el que podremos transportarnos a un mundo lleno de palacios que nos hablar\u00e1n de su pasado glorioso.<\/p>\n<p>Sin embargo, en nuestro art\u00edculo de hoy no fijaremos la atenci\u00f3n en su abundante patrimonio hist\u00f3rico, sino en su patrimonio etnogr\u00e1fico y c\u00f3mo este ha sido puesto en valor y convertido en un reclamo tur\u00edstico m\u00e1s dentro de una ciudad que, ya de por s\u00ed, se encuentra llena de atractivos para el visitante.<\/p>\n<p>Desde tiempo inmemorial en el cerro de San Crist\u00f3bal se ha llevado a cabo una actividad que ha dejado una huella imborrable e inconfundible en el paisaje, nos referimos a la explotaci\u00f3n del terreno como cantera para la extracci\u00f3n artesanal de la piedra. Son los sillares all\u00ed extra\u00eddos los que han contribuido a configurar la arquitectura ursaonense, tanto en las construcciones monumentales como en las m\u00e1s populares. Por tanto, es imposible desligar esta actividad extractiva, y el paisaje que ha generado, de la propia identidad de la ciudad de Osuna, que a\u00fan guarda en el recuerdo oficios como el de cantero o el de sillarero, trabajos artesanales y especializados que se han ido perdiendo orillados por los nuevos materiales y las m\u00e1s novedosas t\u00e9cnicas constructivas.<\/p>\n<p>&nbsp;<\/p>\n<figure id=\"attachment_3647\" aria-describedby=\"caption-attachment-3647\" style=\"width: 500px\" class=\"wp-caption aligncenter\"><img loading=\"lazy\" decoding=\"async\" class=\"wp-image-3647\" src=\"https:\/\/www.upo.es\/patio-colorado\/wp-content\/uploads\/2022\/04\/4-El-Coto-de-las-Canteras1.jpg\" alt=\"\" width=\"500\" height=\"325\" srcset=\"https:\/\/www.upo.es\/patio-colorado\/wp-content\/uploads\/2022\/04\/4-El-Coto-de-las-Canteras1.jpg 354w, https:\/\/www.upo.es\/patio-colorado\/wp-content\/uploads\/2022\/04\/4-El-Coto-de-las-Canteras1-300x195.jpg 300w\" sizes=\"auto, (max-width: 500px) 100vw, 500px\" \/><figcaption id=\"caption-attachment-3647\" class=\"wp-caption-text\">Fuente: http:\/\/www.elcotolascanteras.com\/<\/figcaption><\/figure>\n<p>No obstante, Osuna ha conseguido revertir una situaci\u00f3n de abandono promoviendo que este paisaje cultural, fruto de una clara intervenci\u00f3n humana, pase del olvido a un resurgir tur\u00edstico, convirtiendo sus antiguas canteras en un punto incluido dentro las rutas ofrecidas al visitante que puede conocer un poco m\u00e1s sobre lo que antiguos oficios como el de cantero supusieron un d\u00eda para los pobladores de Osuna.<\/p>\n<p>Estos terrenos, explotados desde hace milenios, son conocidos como la \u00abPetra de Andaluc\u00eda\u00bb por sus espectaculares relieves en piedra que no dejan indiferente quien los contempla. En la actualidad, El Coto de las Canteras se ha conformado como un lugar singular, resultado de una historia y una actividad humana que ha condicionado claramente su fisonom\u00eda, quedando para siempre fijados en la memoria unos oficios ya perdidos, pero que no deben ser olvidados pues conforman el patrimonio cultural de todos los ursaonenses.<\/p>\n<figure id=\"attachment_3649\" aria-describedby=\"caption-attachment-3649\" style=\"width: 500px\" class=\"wp-caption aligncenter\"><img loading=\"lazy\" decoding=\"async\" class=\"wp-image-3649\" src=\"https:\/\/www.upo.es\/patio-colorado\/wp-content\/uploads\/2022\/04\/4-El-Coto-de-las-Canteras5.jpg\" alt=\"\" width=\"500\" height=\"325\" srcset=\"https:\/\/www.upo.es\/patio-colorado\/wp-content\/uploads\/2022\/04\/4-El-Coto-de-las-Canteras5.jpg 354w, https:\/\/www.upo.es\/patio-colorado\/wp-content\/uploads\/2022\/04\/4-El-Coto-de-las-Canteras5-300x195.jpg 300w\" sizes=\"auto, (max-width: 500px) 100vw, 500px\" \/><figcaption id=\"caption-attachment-3649\" class=\"wp-caption-text\">Fuente: http:\/\/www.elcotolascanteras.com\/<\/figcaption><\/figure>\n<p>Si nos aventuramos en su interior, podemos encontrar una gran galer\u00eda. Una gran cueva fruto de la extracci\u00f3n de la piedra que, actualmente, es utilizada como auditorio natural, lo que la convierte en un marco incomparable para la celebraci\u00f3n de actividades culturales.<\/p>\n<figure id=\"attachment_3651\" aria-describedby=\"caption-attachment-3651\" style=\"width: 300px\" class=\"wp-caption aligncenter\"><img loading=\"lazy\" decoding=\"async\" class=\"wp-image-3651\" src=\"https:\/\/www.upo.es\/patio-colorado\/wp-content\/uploads\/2022\/04\/4-El-Coto-de-las-Canteras4.jpg\" alt=\"\" width=\"300\" height=\"253\" \/><figcaption id=\"caption-attachment-3651\" class=\"wp-caption-text\">Fuente: http:\/\/www.elcotolascanteras.com\/<\/figcaption><\/figure>\n<p>Asimismo, el complejo cuenta con m\u00e1s de 4.000 m\u00b2 de jardines en los que podemos encontrar diversas especies aut\u00f3ctonas que dotan al recinto de una belleza particular, contrastando el verdor de sus plantas con el ocre de la piedra arenisca.<\/p>\n<figure id=\"attachment_3653\" aria-describedby=\"caption-attachment-3653\" style=\"width: 298px\" class=\"wp-caption aligncenter\"><img loading=\"lazy\" decoding=\"async\" class=\"wp-image-3653\" src=\"https:\/\/www.upo.es\/patio-colorado\/wp-content\/uploads\/2022\/04\/4-El-Coto-de-las-Canteras6.jpg\" alt=\"\" width=\"298\" height=\"298\" srcset=\"https:\/\/www.upo.es\/patio-colorado\/wp-content\/uploads\/2022\/04\/4-El-Coto-de-las-Canteras6.jpg 250w, https:\/\/www.upo.es\/patio-colorado\/wp-content\/uploads\/2022\/04\/4-El-Coto-de-las-Canteras6-150x150.jpg 150w\" sizes=\"auto, (max-width: 298px) 100vw, 298px\" \/><figcaption id=\"caption-attachment-3653\" class=\"wp-caption-text\">Fuente: http:\/\/www.elcotolascanteras.com\/<\/figcaption><\/figure>\n<p>Por otro lado, a las maravillosas formas que ha generado la actividad propia de la cantera debemos a\u00f1adir la majestuosidad de la fachada, as\u00ed como las estatuas y figuras esculpidas por Francisco Valdivia que convierten este lugar en un enclave m\u00e1gico que transporta al turista hasta lejanas tierras, sin salir de la campi\u00f1a sevillana.<\/p>\n<p>&nbsp;<\/p>\n<p>&nbsp;<\/p>\n<p>&nbsp;<\/p>\n<p>Fuentes:<\/p>\n<p><a href=\"http:\/\/www.tarraconensis.com\/osuna\/urso.html\">http:\/\/www.tarraconensis.com\/osuna\/urso.html<\/a><\/p>\n<p><a href=\"http:\/\/www.osuna.es\/es\/turismo\/\">http:\/\/www.osuna.es\/es\/turismo\/<\/a><\/p>\n<p><a href=\"https:\/\/elcorreoweb.es\/extra\/el-coto-de-las-canteras-la-tierra-que-nunca-fue-IN2078695\">https:\/\/elcorreoweb.es\/extra\/el-coto-de-las-canteras-la-tierra-que-nunca-fue-IN2078695<\/a><\/p>\n<p><a href=\"http:\/\/www.elcotolascanteras.com\/historia\/\">http:\/\/www.elcotolascanteras.com\/historia\/<\/a><\/p>\n<p><a href=\"https:\/\/dialnet.unirioja.es\/servlet\/articulo?codigo=6270197\">https:\/\/dialnet.unirioja.es\/servlet\/articulo?codigo=6270197\u00a0<\/a><\/p>\n<p>&nbsp;<\/p>\n","protected":false},"excerpt":{"rendered":"<p>Aquel que se anime a conocer la campi\u00f1a sevillana encontrar\u00e1, a unos 90 km de Sevilla capital oteando el horizonte desde la ladera de una colina, la localidad de Osuna (la antigua Urso). Un enclave lleno de historia que hunde sus ra\u00edces entre los turdetanos, pero que comenzar\u00e1 su apogeo en \u00e9poca romana. No debemos [&hellip;]<\/p>\n","protected":false},"author":74,"featured_media":3642,"comment_status":"open","ping_status":"open","sticky":false,"template":"","format":"standard","meta":{"_acf_changed":false,"_monsterinsights_skip_tracking":false,"_monsterinsights_sitenote_active":false,"_monsterinsights_sitenote_note":"","_monsterinsights_sitenote_category":0,"footnotes":""},"categories":[170,23,301],"tags":[421,419,420],"class_list":["post-3637","post","type-post","status-publish","format-standard","has-post-thumbnail","hentry","category-monumentos-y-turismo","category-patrimonio-vivo","category-sevilla","tag-osunaturismo","tag-patrimonioetnografico","tag-patrimonioinmaterial"],"blocksy_meta":[],"acf":[],"jetpack_featured_media_url":"https:\/\/www.upo.es\/patio-colorado\/wp-content\/uploads\/2022\/04\/4-El-Coto-de-las-Canteras2-scaled.jpg","_links":{"self":[{"href":"https:\/\/www.upo.es\/patio-colorado\/wp-json\/wp\/v2\/posts\/3637","targetHints":{"allow":["GET"]}}],"collection":[{"href":"https:\/\/www.upo.es\/patio-colorado\/wp-json\/wp\/v2\/posts"}],"about":[{"href":"https:\/\/www.upo.es\/patio-colorado\/wp-json\/wp\/v2\/types\/post"}],"author":[{"embeddable":true,"href":"https:\/\/www.upo.es\/patio-colorado\/wp-json\/wp\/v2\/users\/74"}],"replies":[{"embeddable":true,"href":"https:\/\/www.upo.es\/patio-colorado\/wp-json\/wp\/v2\/comments?post=3637"}],"version-history":[{"count":20,"href":"https:\/\/www.upo.es\/patio-colorado\/wp-json\/wp\/v2\/posts\/3637\/revisions"}],"predecessor-version":[{"id":3666,"href":"https:\/\/www.upo.es\/patio-colorado\/wp-json\/wp\/v2\/posts\/3637\/revisions\/3666"}],"wp:featuredmedia":[{"embeddable":true,"href":"https:\/\/www.upo.es\/patio-colorado\/wp-json\/wp\/v2\/media\/3642"}],"wp:attachment":[{"href":"https:\/\/www.upo.es\/patio-colorado\/wp-json\/wp\/v2\/media?parent=3637"}],"wp:term":[{"taxonomy":"category","embeddable":true,"href":"https:\/\/www.upo.es\/patio-colorado\/wp-json\/wp\/v2\/categories?post=3637"},{"taxonomy":"post_tag","embeddable":true,"href":"https:\/\/www.upo.es\/patio-colorado\/wp-json\/wp\/v2\/tags?post=3637"}],"curies":[{"name":"wp","href":"https:\/\/api.w.org\/{rel}","templated":true}]}}