{"id":3717,"date":"2022-04-24T09:38:05","date_gmt":"2022-04-24T09:38:05","guid":{"rendered":"https:\/\/www.upo.es\/patio-colorado\/?p=3717"},"modified":"2022-04-24T12:27:33","modified_gmt":"2022-04-24T12:27:33","slug":"pila-vera-medalla-de-andalucia-conmemorando-sus-40-anos-como-emprendedora-de-moda-flamenca","status":"publish","type":"post","link":"https:\/\/www.upo.es\/patio-colorado\/2022\/04\/24\/pila-vera-medalla-de-andalucia-conmemorando-sus-40-anos-como-emprendedora-de-moda-flamenca\/","title":{"rendered":"Pila Vera: Medalla de Andaluc\u00eda conmemorando sus 40 a\u00f1os como emprendedora de moda flamenca"},"content":{"rendered":"<blockquote>\n<p style=\"text-align: center\"><strong><span style=\"color: #ff0000\"><em>No creemos en la dictadura de las tallas peque\u00f1as. Altas, bajitas, delgadas, rellenas\u2026 Todas podemos vernos guapas con un traje de flamenca, sin renunciar a la moda, al estilo o a la comodidad.\u00a0<\/em><\/span><\/strong><\/p>\n<\/blockquote>\n<p><span style=\"color: #000000\">El pasado 28 de febrero, la ciudad de Sevilla otorg\u00f3 las <strong>Medallas de Andaluc\u00eda<\/strong> a una veintena de ciudadanos ilustres, entre los que estaban Bel\u00e9n Cuesta o Alejandro Sanz.<\/span><\/p>\n<p><span style=\"color: #000000\">Asimismo, en la categor\u00eda a \u00ab<strong>Proyecci\u00f3n de Andaluc\u00eda\u00bb,<\/strong>le fue entregado el reconocimiento a la innovaci\u00f3n de <strong>Pilar Vera<\/strong>, dise\u00f1adora de moda flamenca. Nacida en la ciudad de Sevilla, heredar\u00e1 su pasi\u00f3n por la costura de su madre Milagros, que tambi\u00e9n fue costurera. El primer traje de flamenca que dise\u00f1\u00f3 fue para ella misma; fue tal la creatividad que caus\u00f3, que su entorno social y familiar la anim\u00f3 a montar un peque\u00f1o negocio que con el tiempo empez\u00f3 a dar sus frutos.<\/span><\/p>\n<p><span style=\"color: #000000\">Vera, adem\u00e1s de confeccionar vestidos, tambi\u00e9n crea accesorios como peinetas, flores, mantones o pendientes, zapatos o camisas. Su estilo, por lo general, es de corte aflamencado, aunque no deja de experimentar y mezclar modas, como la caribe\u00f1a o la india.<\/span><\/p>\n<p style=\"text-align: center\"><img loading=\"lazy\" decoding=\"async\" class=\"aligncenter wp-image-3719\" src=\"https:\/\/www.upo.es\/patio-colorado\/wp-content\/uploads\/2022\/04\/desfile-Pilar-Vera-SIMOF-todas_1653445186_151376161_1011x1415-732x1024.jpeg\" alt=\"\" width=\"350\" height=\"490\" srcset=\"https:\/\/www.upo.es\/patio-colorado\/wp-content\/uploads\/2022\/04\/desfile-Pilar-Vera-SIMOF-todas_1653445186_151376161_1011x1415-732x1024.jpeg 732w, https:\/\/www.upo.es\/patio-colorado\/wp-content\/uploads\/2022\/04\/desfile-Pilar-Vera-SIMOF-todas_1653445186_151376161_1011x1415-214x300.jpeg 214w, https:\/\/www.upo.es\/patio-colorado\/wp-content\/uploads\/2022\/04\/desfile-Pilar-Vera-SIMOF-todas_1653445186_151376161_1011x1415-768x1075.jpeg 768w, https:\/\/www.upo.es\/patio-colorado\/wp-content\/uploads\/2022\/04\/desfile-Pilar-Vera-SIMOF-todas_1653445186_151376161_1011x1415.jpeg 1011w\" sizes=\"auto, (max-width: 350px) 100vw, 350px\" \/><span style=\"color: #000000\">Vestido de Pilar Vera. Recuperada de: <a href=\"https:\/\/www.diariodesevilla.es\/wappissima\/moda-flamenca\/Pilar-Vera-SIMOF-fotos-desfile-2022_3_1653464644.html\">https:\/\/www.diariodesevilla.es\/wappissima\/moda-flamenca\/Pilar-Vera-SIMOF-fotos-desfile-2022_3_1653464644.html<\/a>.<\/span><\/p>\n<p><span style=\"color: #000000\">Actualmente, su taller se encuentra en Umbrete (Sevilla); sin embargo, sus telas han viajado por todo el mundo, desde el <strong>Reino Unido<\/strong> hasta <strong>Jap\u00f3n<\/strong>. El empresario ingl\u00e9s, Philip Green, due\u00f1o de la marca<\/span> <strong><a href=\"https:\/\/www.asos.com\/es\/mujer\/a-to-z-of-brands\/topshop\/cat\/?cid=29299\">Topshop<\/a><\/strong><span style=\"color: #000000\">, le encarg\u00f3 200 vestidos de flamenca para una fiesta tem\u00e1tica que se celebrar\u00eda en Canc\u00fan, M\u00e9xico. Adem\u00e1s, ha vestido a <strong><span style=\"color: #000000\">Paz Vega, las modelos Nati Abascal, Kate Moss, Naomi Campbell, Raquel Revuelta, Mar\u00eda Jos\u00e9 Su\u00e1rez, Eva Gon<\/span>z\u00e1lez, Juncal Rivero y Roc\u00edo Mart\u00edn; a la periodistas Mar\u00eda Teresa Campos y Ana Rosa Quintana; a la directora de Vogue USA, y un gran etc\u00e9tera.<\/strong><\/span><\/p>\n<p><span style=\"color: #000000\">Pilar Vera es una habitual del <\/span><strong><span style=\"color: #000000\">Sal\u00f3n Internacional de la Moda Flamenca,<\/span> <a href=\"https:\/\/www.revistalaflamenca.com\/simof-2022-salon-internacional-de-la-moda-flamenca\/\">Simof<\/a><span style=\"color: #000000\">, <\/span><\/strong><span style=\"color: #000000\">de hecho, en este 2022 fue la encargada de abrir la pasarela con su nueva colecci\u00f3n, \u00abAqu\u00ed y ahora\u00bb con la que nos invitaba a so\u00f1ar con una realidad inminente, nuestra feria. Adem\u00e1s, preside la<\/span> <a href=\"https:\/\/flamenco.moda\/mof-art-asociacion-el-traje-de-flamenca-simof-2020\/\">Asociaci\u00f3n Mof&amp;Art<\/a><span style=\"color: #000000\">, <strong>asociaci\u00f3n de dise\u00f1adores de moda y artesan\u00eda flamenca de Andaluc\u00eda,<\/strong> que tiene como finalidad salvaguardar los oficios tradicionales ligados a la moda y artesan\u00eda flamenca, promocionar el traje de flamenca y sus complementos como bien cultural y defender los derechos del empresariado y creador de moda y artesan\u00eda flamenca forman parte de sus objetivos. De ah\u00ed que, tanto la Asociaci\u00f3n como la gran mayor\u00eda de sus asociadas\/os, ostenten la denominada Carta de Artesano: una distinci\u00f3n que concede la Junta de Andaluc\u00eda como reconocimiento al m\u00e9rito, experiencia profesional y dedicaci\u00f3n a la promoci\u00f3n de las actividades artesanas y que viene a reconocer su \u00absaber hacer\u00bb, abordando el futuro con la calidad, innovaci\u00f3n y el dise\u00f1o como principales elementos de nuestros trajes de flamenca y complementos.<\/span><\/p>\n<p style=\"text-align: center\"><img loading=\"lazy\" decoding=\"async\" class=\"aligncenter wp-image-3720 size-full\" src=\"https:\/\/www.upo.es\/patio-colorado\/wp-content\/uploads\/2022\/04\/2PV.jpeg\" alt=\"\" width=\"737\" height=\"490\" srcset=\"https:\/\/www.upo.es\/patio-colorado\/wp-content\/uploads\/2022\/04\/2PV.jpeg 737w, https:\/\/www.upo.es\/patio-colorado\/wp-content\/uploads\/2022\/04\/2PV-300x199.jpeg 300w\" sizes=\"auto, (max-width: 737px) 100vw, 737px\" \/><span style=\"color: #000000\">Pilar Vera recibiendo la Medalla de Andaluc\u00eda. Recuperada de:<\/span><a href=\"https:\/\/www.revistalaflamenca.com\/pilar-vera-la-moda-flamenca-medalla-andalucia-2022\/\"> https:\/\/www.revistalaflamenca.com\/pilar-vera-la-moda-flamenca-medalla-andalucia-2022\/<\/a>.<\/p>\n<hr \/>\n<p style=\"text-align: center\"><span style=\"color: #000000\">Para m\u00e1s inter\u00e9s, dejamos un enlace que env\u00eda directamente a su p\u00e1gina web:<\/span> <a href=\"https:\/\/www.pilarveratienda.com\/moda\">https:\/\/www.pilarveratienda.com\/moda<\/a>.<\/p>\n","protected":false},"excerpt":{"rendered":"<p>No creemos en la dictadura de las tallas peque\u00f1as. Altas, bajitas, delgadas, rellenas\u2026 Todas podemos vernos guapas con un traje de flamenca, sin renunciar a la moda, al estilo o a la comodidad.\u00a0 El pasado 28 de febrero, la ciudad de Sevilla otorg\u00f3 las Medallas de Andaluc\u00eda a una veintena de ciudadanos ilustres, entre los [&hellip;]<\/p>\n","protected":false},"author":65,"featured_media":3721,"comment_status":"open","ping_status":"open","sticky":false,"template":"","format":"standard","meta":{"_acf_changed":false,"_monsterinsights_skip_tracking":false,"_monsterinsights_sitenote_active":false,"_monsterinsights_sitenote_note":"","_monsterinsights_sitenote_category":0,"footnotes":""},"categories":[45,46,298,23,301],"tags":[425,426,424,420,423,6],"class_list":["post-3717","post","type-post","status-publish","format-standard","has-post-thumbnail","hentry","category-boletin-colorao","category-en-la-prensa","category-feminismo","category-patrimonio-vivo","category-sevilla","tag-emprendedora","tag-medalladeandalucia","tag-modaflamenca","tag-patrimonioinmaterial","tag-pilarvera","tag-sevilla"],"blocksy_meta":[],"acf":[],"jetpack_featured_media_url":"https:\/\/www.upo.es\/patio-colorado\/wp-content\/uploads\/2022\/04\/fotonoticia_20220222153557_1200.jpeg","_links":{"self":[{"href":"https:\/\/www.upo.es\/patio-colorado\/wp-json\/wp\/v2\/posts\/3717","targetHints":{"allow":["GET"]}}],"collection":[{"href":"https:\/\/www.upo.es\/patio-colorado\/wp-json\/wp\/v2\/posts"}],"about":[{"href":"https:\/\/www.upo.es\/patio-colorado\/wp-json\/wp\/v2\/types\/post"}],"author":[{"embeddable":true,"href":"https:\/\/www.upo.es\/patio-colorado\/wp-json\/wp\/v2\/users\/65"}],"replies":[{"embeddable":true,"href":"https:\/\/www.upo.es\/patio-colorado\/wp-json\/wp\/v2\/comments?post=3717"}],"version-history":[{"count":6,"href":"https:\/\/www.upo.es\/patio-colorado\/wp-json\/wp\/v2\/posts\/3717\/revisions"}],"predecessor-version":[{"id":3729,"href":"https:\/\/www.upo.es\/patio-colorado\/wp-json\/wp\/v2\/posts\/3717\/revisions\/3729"}],"wp:featuredmedia":[{"embeddable":true,"href":"https:\/\/www.upo.es\/patio-colorado\/wp-json\/wp\/v2\/media\/3721"}],"wp:attachment":[{"href":"https:\/\/www.upo.es\/patio-colorado\/wp-json\/wp\/v2\/media?parent=3717"}],"wp:term":[{"taxonomy":"category","embeddable":true,"href":"https:\/\/www.upo.es\/patio-colorado\/wp-json\/wp\/v2\/categories?post=3717"},{"taxonomy":"post_tag","embeddable":true,"href":"https:\/\/www.upo.es\/patio-colorado\/wp-json\/wp\/v2\/tags?post=3717"}],"curies":[{"name":"wp","href":"https:\/\/api.w.org\/{rel}","templated":true}]}}