{"id":3743,"date":"2022-04-25T16:43:33","date_gmt":"2022-04-25T16:43:33","guid":{"rendered":"https:\/\/www.upo.es\/patio-colorado\/?p=3743"},"modified":"2022-04-27T11:22:02","modified_gmt":"2022-04-27T11:22:02","slug":"viacrucis-en-italica","status":"publish","type":"post","link":"https:\/\/www.upo.es\/patio-colorado\/2022\/04\/25\/viacrucis-en-italica\/","title":{"rendered":"Viacrucis en It\u00e1lica"},"content":{"rendered":"<p>Cada a\u00f1o, al comenzar la cuaresma, la Hermandad del Stmo. Sacramento y Cofrad\u00eda de Ntro. Padre Jes\u00fas Nazareno, Ntra. Sra. del Rosario Coronada y Divina Pastora de las Almas de Santiponce, organiza un particular viacrucis por el sevillano yacimiento arqueol\u00f3gico de It\u00e1lica.<\/p>\n<p>Esta tradici\u00f3n, que cuenta ya con m\u00e1s de 30 a\u00f1os de historia, tiene su origen en la d\u00e9cada de los 90 gracias a la Hermandad del Rosario de Santiponce, nombrada anteriormente. Este recorrido es presidido por Ntro. Padre Jes\u00fas Nazareno, titular de la Hermandad del Rosario de Santiponce, una imagen realizada en madera tallada y policromada que data de la segunda mitad del siglo XVII, atribuida al c\u00e9lebre escultor flamenco, Jos\u00e9 de Arce. La imagen es llevada en andas y se ilumina con cuatro faroles para llevar a cabo el recorrido. Va acompa\u00f1ada de la Capilla Musical de Ntra. Sra. del Rosario, aunque tambi\u00e9n ha participado la Coral Polif\u00f3nica de la Hdad. Sacramental y de la Vera Cruz de Valencina de la Concepci\u00f3n y se han reproducido cantos gregorianos de los monjes del Monasterio de Silos.<\/p>\n<p>Este a\u00f1o, el acto ha tenido lugar el s\u00e1bado 5 de marzo, en un recorrido con una duraci\u00f3n aproximada de cuatro horas, el cual consta de una visita al Cementerio Municipal, la llegada al yacimiento y bajada por el Cardo M\u00e1ximo, procesi\u00f3n por las calles de It\u00e1lica y la llegada al Anfiteatro donde, finalmente, se realizan las oraciones propias del viacrucis para, posteriormente, volver al templo de la Hermandad.<\/p>\n<p>En \u00e9l participan no solo la fundadora de este, sino que tambi\u00e9n se han unido otras Hermandades de distintas partes de Sevilla y Andaluc\u00eda, por ejemplo, la Hermandad de Ntro. Padre Jes\u00fas de los Afligidos y Nuestra de los Dolores en su Soledad, de Albaida del Aljarafe o la Hermandad del Stmo. Cristo de la Vera-Cruz y Mar\u00eda Sant\u00edsima de los Dolores de Benacaz\u00f3n.<\/p>\n<p>La idea de trasladar el viacrucis a las ruinas de It\u00e1lica, seg\u00fan la Hermandad, surgi\u00f3 para recordar los numerosos martirologios cristianos de la \u00e9poca romana a trav\u00e9s del impresionante enclave arqueol\u00f3gico, a pesar de que no se han conocido evidencias de estas pr\u00e1cticas en It\u00e1lica. Adem\u00e1s, el yacimiento se trata de un s\u00edmbolo de la ciudad y aporta a este acto una gran monumentalidad y un valor cultural a\u00fan mayor si cabe.<\/p>\n<p>En 2001, fue declarado \u00abActo de Inter\u00e9s Tur\u00edstico Nacional de Andaluc\u00eda\u00bb por la Consejer\u00eda de Educaci\u00f3n, Cultura y Deporte de la Junta de Andaluc\u00eda, debido a su gran solemnidad y grata acogida por los vecinos y cofrades de distintos lugares.<\/p>\n<p><img loading=\"lazy\" decoding=\"async\" class=\"wp-image-3744 aligncenter\" src=\"https:\/\/www.upo.es\/patio-colorado\/wp-content\/uploads\/2022\/04\/Imagen1.png\" alt=\"\" width=\"324\" height=\"487\" \/><\/p>\n<p style=\"text-align: center\"><strong>Fuente:<\/strong> Hermandad del Rosario de Santiponce<\/p>\n<p>&nbsp;<\/p>\n<p><strong>Bibliograf\u00eda<\/strong><\/p>\n<p>Agenda Cultural de Andaluc\u00eda. <em>V\u00eda Crucis del Aljarafe. En la ciudad romana de It\u00e1lica<\/em>. <a href=\"https:\/\/www.juntadeandalucia.es\/cultura\/agendaculturaldeandalucia\/evento\/crucis-del-aljarafe-en-la-ciudad-romana-de-italica\">https:\/\/www.juntadeandalucia.es\/cultura\/agendaculturaldeandalucia\/evento\/crucis-del-aljarafe-en-la-ciudad-romana-de-italica<\/a><\/p>\n<p>Cofrad\u00edas TV (2022). <em>Todos los Datos del V\u00eda Crucis del Aljarafe en la Ciudad Romana de It\u00e1lica el 05 de marzo del 2022<\/em>. <a href=\"https:\/\/cofradiastv.com\/todos-los-datos-del-via-crucis-del-aljarafe-en-la-ciudad-romana-de-italica-el-05-de-marzo-del-2022\/\">https:\/\/cofradiastv.com\/todos-los-datos-del-via-crucis-del-aljarafe-en-la-ciudad-romana-de-italica-el-05-de-marzo-del-2022\/<\/a><\/p>\n<p>Diputaci\u00f3n de Sevilla. Turismo de la Provincia. <em>V\u00eda Crucis de It\u00e1lica<\/em>. <a href=\"https:\/\/www.turismosevilla.org\/es\/que-ver-y-hacer\/cultura\/fiestas-de-interes-turistico\/crucis-de-italica\">https:\/\/www.turismosevilla.org\/es\/que-ver-y-hacer\/cultura\/fiestas-de-interes-turistico\/crucis-de-italica<\/a><\/p>\n<p>Hermandad del Rosario de Santiponce. <a href=\"https:\/\/hermandaddelrosario.org\/todo-sobre-el-via-crucis-del-aljarafe-en-la-ciudad-romana-de-italica\">https:\/\/hermandaddelrosario.org\/todo-sobre-el-via-crucis-del-aljarafe-en-la-ciudad-romana-de-italica<\/a><\/p>\n<p>R. P. (2022). Diario de Sevilla. <em>Patrimonio avala la celebraci\u00f3n del V\u00eda Crucis del Aljarafe en It\u00e1lica<\/em>. <a href=\"https:\/\/www.diariodesevilla.es\/provincia\/Patrimonio-avala-Via-Crucis-Aljarafe-Italica_0_1660634991.html\">https:\/\/www.diariodesevilla.es\/provincia\/Patrimonio-avala-Via-Crucis-Aljarafe-Italica_0_1660634991.html<\/a><\/p>\n","protected":false},"excerpt":{"rendered":"<p>Cada a\u00f1o, al comenzar la cuaresma, la Hermandad del Stmo. Sacramento y Cofrad\u00eda de Ntro. Padre Jes\u00fas Nazareno, Ntra. Sra. del Rosario Coronada y Divina Pastora de las Almas de Santiponce, organiza un particular viacrucis por el sevillano yacimiento arqueol\u00f3gico de It\u00e1lica. Esta tradici\u00f3n, que cuenta ya con m\u00e1s de 30 a\u00f1os de historia, tiene [&hellip;]<\/p>\n","protected":false},"author":85,"featured_media":3753,"comment_status":"open","ping_status":"open","sticky":false,"template":"","format":"standard","meta":{"_acf_changed":false,"_monsterinsights_skip_tracking":false,"_monsterinsights_sitenote_active":false,"_monsterinsights_sitenote_note":"","_monsterinsights_sitenote_category":0,"footnotes":""},"categories":[12,35,170,301],"tags":[99,64,216,8,6,427],"class_list":["post-3743","post","type-post","status-publish","format-standard","has-post-thumbnail","hentry","category-eventos","category-fiestas-tradiciones","category-monumentos-y-turismo","category-sevilla","tag-cultura","tag-patrimonio","tag-italica","tag-santiponce","tag-sevilla","tag-viacrucis"],"blocksy_meta":[],"acf":[],"jetpack_featured_media_url":"https:\/\/www.upo.es\/patio-colorado\/wp-content\/uploads\/2022\/04\/NAZARENO_Reducida.jpg","_links":{"self":[{"href":"https:\/\/www.upo.es\/patio-colorado\/wp-json\/wp\/v2\/posts\/3743","targetHints":{"allow":["GET"]}}],"collection":[{"href":"https:\/\/www.upo.es\/patio-colorado\/wp-json\/wp\/v2\/posts"}],"about":[{"href":"https:\/\/www.upo.es\/patio-colorado\/wp-json\/wp\/v2\/types\/post"}],"author":[{"embeddable":true,"href":"https:\/\/www.upo.es\/patio-colorado\/wp-json\/wp\/v2\/users\/85"}],"replies":[{"embeddable":true,"href":"https:\/\/www.upo.es\/patio-colorado\/wp-json\/wp\/v2\/comments?post=3743"}],"version-history":[{"count":2,"href":"https:\/\/www.upo.es\/patio-colorado\/wp-json\/wp\/v2\/posts\/3743\/revisions"}],"predecessor-version":[{"id":3781,"href":"https:\/\/www.upo.es\/patio-colorado\/wp-json\/wp\/v2\/posts\/3743\/revisions\/3781"}],"wp:featuredmedia":[{"embeddable":true,"href":"https:\/\/www.upo.es\/patio-colorado\/wp-json\/wp\/v2\/media\/3753"}],"wp:attachment":[{"href":"https:\/\/www.upo.es\/patio-colorado\/wp-json\/wp\/v2\/media?parent=3743"}],"wp:term":[{"taxonomy":"category","embeddable":true,"href":"https:\/\/www.upo.es\/patio-colorado\/wp-json\/wp\/v2\/categories?post=3743"},{"taxonomy":"post_tag","embeddable":true,"href":"https:\/\/www.upo.es\/patio-colorado\/wp-json\/wp\/v2\/tags?post=3743"}],"curies":[{"name":"wp","href":"https:\/\/api.w.org\/{rel}","templated":true}]}}