{"id":3836,"date":"2022-05-02T13:37:59","date_gmt":"2022-05-02T13:37:59","guid":{"rendered":"https:\/\/www.upo.es\/patio-colorado\/?p=3836"},"modified":"2022-05-27T13:20:53","modified_gmt":"2022-05-27T13:20:53","slug":"comienza-la-temporada-de-los-patios-cordobeses","status":"publish","type":"post","link":"https:\/\/www.upo.es\/patio-colorado\/2022\/05\/02\/comienza-la-temporada-de-los-patios-cordobeses\/","title":{"rendered":"\u00a1Comienza la temporada de los patios cordobeses!"},"content":{"rendered":"<p>C\u00f3rdoba est\u00e1 preparada para comenzar la primavera con su festival de patios cordobeses. Este acontecimiento comenz\u00f3 en el a\u00f1o 1921 y fue declarado Patrimonio Cultural Inmaterial de la Humanidad en 2012. Es un momento para apreciar la importancia del patio como n\u00facleo de la vida familiar dentro de la arquitectura dom\u00e9stica tradicional de C\u00f3rdoba. Los patios se decoran gracias a numerosos arreglos florales que dotan a cada espacio de una personalidad \u00fanica.<\/p>\n<p><img loading=\"lazy\" decoding=\"async\" class=\"aligncenter\" src=\"https:\/\/upload.wikimedia.org\/wikipedia\/commons\/0\/08\/Patio_cordob%C3%A9s_%287155649863%29.jpg\" alt=\"File:Patio cordob\u00e9s (7155649863).jpg - Wikimedia Commons\" width=\"390\" height=\"219\" \/><\/p>\n<p style=\"text-align: center\">Fuente: Wikimedia Commons.org<\/p>\n<p>Para disfrutar de los patios \u00fanicamente es necesario pasear por la ciudad, ya que no se necesita cita previa y la entrada es gratuita y libre. Se pueden visitar del 3 de mayo al 15 de mayo (ambos inclusive) en un horario de 11:00 a.m. a 14 p.m. y de 18:00 p.m. a 22:00 p.m., excepto el \u00faltimo d\u00eda, el domingo 15 de mayo, en el que se cerrar\u00e1n los patios a las 20:30 p.m.<\/p>\n<p><img loading=\"lazy\" decoding=\"async\" class=\"aligncenter\" src=\"https:\/\/upload.wikimedia.org\/wikipedia\/commons\/thumb\/3\/32\/Colorful_Courtyards_in_Cordoba_Spain_-_Fiesta_De_Los_Patios_De_Cordoba_%2818280267805%29.jpg\/399px-Colorful_Courtyards_in_Cordoba_Spain_-_Fiesta_De_Los_Patios_De_Cordoba_%2818280267805%29.jpg?20150615211733\" alt=\"File:Colorful Courtyards in Cordoba Spain - Fiesta De Los Patios De Cordoba (18280267805).jpg\" width=\"175\" height=\"262\" \/><\/p>\n<p style=\"text-align: center\">Fuente: Wikimedia Commons.org<\/p>\n<p>La importancia de los patios cordobeses se remonta a la estructura de la vivienda isl\u00e1mica donde el patio era el lugar de convivencia. El muro exterior era ciego y no ten\u00eda relevancia. Los cristianos adoptaron esta estructura para construir sus hogares en la ciudad. Establecer una tipolog\u00eda es complicado, ya que cada patio tiene elementos diferentes que atestiguan su evoluci\u00f3n a lo largo del tiempo. Por un lado, est\u00e1n los patios monumentales o se\u00f1oriales y, por otro lado, los patios de concurso. De los primeros, destaca el Palacio de Viana que cuenta con 12 patios de distintos estilos arquitect\u00f3nicos.<\/p>\n<p><img loading=\"lazy\" decoding=\"async\" class=\"aligncenter\" src=\"http:\/\/azahar-sevilla.com\/wp-content\/uploads\/2013\/08\/viana-collage.jpg\" alt=\"C\u00f3rdoba | Palacio de Viana | Azahar Sevilla\" width=\"506\" height=\"285\" \/><\/p>\n<p style=\"text-align: center\">Fuente: Azahar-Sevilla.com<\/p>\n<p>Los patios cuentan con macetas de flores que se cuelgan en la pared o que se colocan en el pavimento. Adem\u00e1s, cada propietario es libre de elegir los elementos que van a decorar su patio. Se pueden usar muebles antiguos o incluso elementos arqueol\u00f3gicos. Adem\u00e1s, los patios tienen elementos propios como pozos o fuentes que sirven para embellecerlos todav\u00eda m\u00e1s.<\/p>\n<p><img loading=\"lazy\" decoding=\"async\" class=\"aligncenter\" src=\"https:\/\/p2.piqsels.com\/preview\/355\/600\/23\/pots-patio-andalusian-patio-potted-plant-thumbnail.jpg\" alt=\"libre de regal\u00edas C\u00f3rdoba fotos descarga gratuita | Piqsels\" width=\"371\" height=\"247\" \/><\/p>\n<p style=\"text-align: center\">Fuente: Piqsels.com<\/p>\n<p>El sitio web oficial del Ayuntamiento de C\u00f3rdoba ofrece informaci\u00f3n sobre el concurso de este a\u00f1o adem\u00e1s de ofrecer una <a href=\"https:\/\/patios.cordoba.es\/mapa\/concurso\">visita virtual<\/a> por todos los patios que se han presentado en 2022.<\/p>\n<p>La fiesta de los patios de C\u00f3rdoba. (s.f.). La fiesta de los patios de C\u00f3rdoba. https:\/\/patios.cordoba.es\/<\/p>\n<p>La fiesta de los patios de C\u00f3rdoba. (s.f.). Qu\u00e9 son los patios.\u00a0https:\/\/patios.cordoba.es\/historia-que-son-los-patios\/<\/p>\n<p>La fiesta de los patios de C\u00f3rdoba. (s.f.). C\u00f3mo visitar los patios. https:\/\/patios.cordoba.es\/como-visitar-informacion\/<\/p>\n<p>&nbsp;<\/p>\n","protected":false},"excerpt":{"rendered":"<p>C\u00f3rdoba est\u00e1 preparada para comenzar la primavera con su festival de patios cordobeses. Este acontecimiento comenz\u00f3 en el a\u00f1o 1921 y fue declarado Patrimonio Cultural Inmaterial de la Humanidad en 2012. Es un momento para apreciar la importancia del patio como n\u00facleo de la vida familiar dentro de la arquitectura dom\u00e9stica tradicional de C\u00f3rdoba. Los [&hellip;]<\/p>\n","protected":false},"author":67,"featured_media":3838,"comment_status":"open","ping_status":"open","sticky":false,"template":"","format":"standard","meta":{"_acf_changed":false,"_monsterinsights_skip_tracking":false,"_monsterinsights_sitenote_active":false,"_monsterinsights_sitenote_note":"","_monsterinsights_sitenote_category":0,"footnotes":""},"categories":[35,23],"tags":[345,99,316,28,147,436,435,437,434,440,438,439],"class_list":["post-3836","post","type-post","status-publish","format-standard","has-post-thumbnail","hentry","category-fiestas-tradiciones","category-patrimonio-vivo","tag-cordoba","tag-cultura","tag-tradicion","tag-arte","tag-concurso","tag-festival","tag-flores","tag-mayo","tag-patios","tag-patrimonio-inmaterial","tag-primavera","tag-visita-virtual"],"blocksy_meta":[],"acf":[],"jetpack_featured_media_url":"https:\/\/www.upo.es\/patio-colorado\/wp-content\/uploads\/2022\/05\/Patio_cordobes_2.jpg","_links":{"self":[{"href":"https:\/\/www.upo.es\/patio-colorado\/wp-json\/wp\/v2\/posts\/3836","targetHints":{"allow":["GET"]}}],"collection":[{"href":"https:\/\/www.upo.es\/patio-colorado\/wp-json\/wp\/v2\/posts"}],"about":[{"href":"https:\/\/www.upo.es\/patio-colorado\/wp-json\/wp\/v2\/types\/post"}],"author":[{"embeddable":true,"href":"https:\/\/www.upo.es\/patio-colorado\/wp-json\/wp\/v2\/users\/67"}],"replies":[{"embeddable":true,"href":"https:\/\/www.upo.es\/patio-colorado\/wp-json\/wp\/v2\/comments?post=3836"}],"version-history":[{"count":6,"href":"https:\/\/www.upo.es\/patio-colorado\/wp-json\/wp\/v2\/posts\/3836\/revisions"}],"predecessor-version":[{"id":5347,"href":"https:\/\/www.upo.es\/patio-colorado\/wp-json\/wp\/v2\/posts\/3836\/revisions\/5347"}],"wp:featuredmedia":[{"embeddable":true,"href":"https:\/\/www.upo.es\/patio-colorado\/wp-json\/wp\/v2\/media\/3838"}],"wp:attachment":[{"href":"https:\/\/www.upo.es\/patio-colorado\/wp-json\/wp\/v2\/media?parent=3836"}],"wp:term":[{"taxonomy":"category","embeddable":true,"href":"https:\/\/www.upo.es\/patio-colorado\/wp-json\/wp\/v2\/categories?post=3836"},{"taxonomy":"post_tag","embeddable":true,"href":"https:\/\/www.upo.es\/patio-colorado\/wp-json\/wp\/v2\/tags?post=3836"}],"curies":[{"name":"wp","href":"https:\/\/api.w.org\/{rel}","templated":true}]}}