{"id":3853,"date":"2022-05-02T13:16:39","date_gmt":"2022-05-02T13:16:39","guid":{"rendered":"https:\/\/www.upo.es\/patio-colorado\/?p=3853"},"modified":"2022-05-02T13:16:39","modified_gmt":"2022-05-02T13:16:39","slug":"andalucia-se-vuelve-a-vestir-de-lunares","status":"publish","type":"post","link":"https:\/\/www.upo.es\/patio-colorado\/2022\/05\/02\/andalucia-se-vuelve-a-vestir-de-lunares\/","title":{"rendered":"Andaluc\u00eda se vuelve a vestir de lunares"},"content":{"rendered":"<p><span style=\"font-weight: 400\">Entre el 19 y el 24 de abril tuvo lugar la primera feria de Andaluc\u00eda tras la pandemia, la 581 edici\u00f3n de la Feria de Mairena del Alcor. Esta feria se considera la m\u00e1s antigua de todas y da el pistoletazo de salida al resto de ferias de nuestra comunidad.\u00a0<\/span><\/p>\n<p><span style=\"font-weight: 400\">La Feria de Mairena del Alcor viene con novedad en 2022, puesto que se le ha a\u00f1adido un d\u00eda m\u00e1s y la tradicional noche del Pesca\u00edto se celebr\u00f3 el martes, en vez del mi\u00e9rcoles como mandaba la tradici\u00f3n hasta la fecha. La ampliaci\u00f3n tuvo apoyo total en el pleno municipal, ya que la ocasi\u00f3n lo me<\/span><span style=\"font-weight: 400\">rec\u00eda y es algo excepcional tras la cancelaci\u00f3n de las\u00a0<\/span><span style=\"font-weight: 400\">dos ediciones anteriores. Este tipo de ampliaci\u00f3n no se daba desde 1922 (La\u00ednez, 2022).<\/span><\/p>\n<p>&nbsp;<\/p>\n<figure id=\"attachment_3856\" aria-describedby=\"caption-attachment-3856\" style=\"width: 370px\" class=\"wp-caption alignnone\"><img loading=\"lazy\" decoding=\"async\" class=\"wp-image-3856\" src=\"https:\/\/www.upo.es\/patio-colorado\/wp-content\/uploads\/2022\/05\/Cartel-Feria2022.png_1190692536-205x300.png\" alt=\"\" width=\"370\" height=\"541\" srcset=\"https:\/\/www.upo.es\/patio-colorado\/wp-content\/uploads\/2022\/05\/Cartel-Feria2022.png_1190692536-205x300.png 205w, https:\/\/www.upo.es\/patio-colorado\/wp-content\/uploads\/2022\/05\/Cartel-Feria2022.png_1190692536-701x1024.png 701w, https:\/\/www.upo.es\/patio-colorado\/wp-content\/uploads\/2022\/05\/Cartel-Feria2022.png_1190692536-768x1122.png 768w, https:\/\/www.upo.es\/patio-colorado\/wp-content\/uploads\/2022\/05\/Cartel-Feria2022.png_1190692536.png 1027w\" sizes=\"auto, (max-width: 370px) 100vw, 370px\" \/><figcaption id=\"caption-attachment-3856\" class=\"wp-caption-text\"><strong>Fuente:<\/strong> Ayuntamiento de Mairena del Alcor<\/figcaption><\/figure>\n<p>&nbsp;<\/p>\n<h4><\/h4>\n<h4><strong>Un poco de historia<\/strong><\/h4>\n<p><span style=\"font-weight: 400\">Seg\u00fan Navarro (2018), la Feria de Mairena del Alcor tiene su origen en 1441, cuando el rey Juan II de Castilla concede a Pedro Ponce de Le\u00f3n, se\u00f1or de Mairena, el permiso para establecer un mercado, con la intenci\u00f3n de facilitar el abastecimiento de productos y la movilidad de ganados de la zona, y as\u00ed favorecer la repoblaci\u00f3n de la comarca. No ser\u00e1 hasta 1757 cuando por Real Provisi\u00f3n se cambie su estructura y se establezca en una fecha concreta. En el diccionario de Pascual Madoz (s. XIX), en el apartado dedicado a este municipio dice lo siguiente:<\/span><\/p>\n<p><span style=\"font-weight: 400\">\u00abEn los d\u00edas 25, 26 y 27 de Abril se celebra la famosa feria que lleva el nombre de la villa a la que concurren en dichos d\u00edas los traficantes de todas las provincias de Espa\u00f1a, a proveerse especialmente de ganado de cerda caballar y lanar y utensilios de labor\u00bb.<\/span><\/p>\n<p><span style=\"font-weight: 400\">Esta se encargaba de inaugurar el ciclo de ferias de la Baja Andaluc\u00eda y, a la vez, supon\u00eda el punto de encuentro del ganado de todo nuestro pa\u00eds, que posteriormente serv\u00eda para abastecer el resto de mercados. Este se establec\u00eda entre la C\/Mesones y la explanada de<\/span>l Mercado que se encontraba delante de la ermita de San Sebasti\u00e1n, ocupando lo que es actualmente el Paseo y la Barriada.<\/p>\n<p><span style=\"font-weight: 400\">All\u00ed se reun\u00edan ganaderos y comerciantes de toda Espa\u00f1a y montaban unos 250 puestos donde vend\u00edan diversos productos. La organizaci\u00f3n de los puestos era la siguiente: 7 fondas y establecimientos de bebidas y comidas, 86 puestos que sirven alimentos, 46 que venden ropa, 42 puestos de arreos y objetos de madera y 38 puestos de quincaller\u00eda y mercer\u00eda.<\/span><\/p>\n<p><span style=\"font-weight: 400\">Al ser un mercado organizado, el Ayuntamiento estableci\u00f3 una estructura administrativa concreta y tambi\u00e9n estaba supervisada por Hacienda. El cobro de las tasas y el registro del ganado y de los puestos se realizaba en la oficina municipal, la cual se encontraba en una casa situada en el real, propiedad del duque de Arcos. Las autoridades locales se encargaban de mantener a raya a los ladrones, jugadores y prostitutas que atra\u00eda este mercado. Sin embargo, recib\u00edan ayuda de las fuerzas del ej\u00e9rcito, quienes enviaban de 20 a 30 hombres como refuerzo.\u00a0<\/span><\/p>\n<p><span style=\"font-weight: 400\">En la segunda mitad del s. XVIII, el encargado de la administraci\u00f3n era el mismo duque de Arcos. Mientras que en el s. XIX, pasa a encargarse el Ayuntamiento. Con el paso de los a\u00f1os, se cre\u00f3 un modelo legislativo preciso en el que se recogen numerosas reales disposiciones, bandos y autos. Por tanto, a partir de la segunda mitad del s. XVIII, toda esta reglamentaci\u00f3n alcanza una gran eficacia y permite as\u00ed dirigir el entramado tanto comercial como festivo, velando por los intereses de los vendedores, ganaderos, Real Hacienda y Cabildo Municipal. Tal fue el \u00e9xito adquirido que sus normas, reglamentos y funcionamiento se usaron como referencia para otras muchas ferias de la comarca, como puede ser la de \u00c9cija, Villamart\u00edn, Osuna o la Feria de Abril de Sevilla.<\/span><\/p>\n<p><span style=\"font-weight: 400\">Todos los artistas y escritores que acudieron a este mercado, entre los que podemos encontrar a Seraf\u00edn Est\u00e9banez Calder\u00f3n, Tom\u00e1s Rub\u00ed, Manuel M. de Santa Ana, Gustavo Adolfo B\u00e9cquer, Richard Ford, Standisch y Washington Irving, coincidieron en que exist\u00eda un ambiente muy alegre y festivo. Su esencia estaba en la consumici\u00f3n de una gran cantidad de vino y licores, el baile y los trajes andaluces. Algunos pintores de la escuela costumbrista sevillana, tales como Valeriano B\u00e9cquer, Cabral Bejarano, Villaamil, Lameyer y Andr\u00e9s Cort\u00e9s, realizaron grandes obras inspiradas en este mercado.<\/span><\/p>\n<figure id=\"attachment_3858\" aria-describedby=\"caption-attachment-3858\" style=\"width: 451px\" class=\"wp-caption alignnone\"><img loading=\"lazy\" decoding=\"async\" class=\" wp-image-3858\" src=\"https:\/\/www.upo.es\/patio-colorado\/wp-content\/uploads\/2022\/05\/93998406_1527821920739228_712109005060702208_n-300x199.jpg\" alt=\"\" width=\"451\" height=\"300\" srcset=\"https:\/\/www.upo.es\/patio-colorado\/wp-content\/uploads\/2022\/05\/93998406_1527821920739228_712109005060702208_n-300x199.jpg 300w, https:\/\/www.upo.es\/patio-colorado\/wp-content\/uploads\/2022\/05\/93998406_1527821920739228_712109005060702208_n-768x510.jpg 768w, https:\/\/www.upo.es\/patio-colorado\/wp-content\/uploads\/2022\/05\/93998406_1527821920739228_712109005060702208_n.jpg 960w\" sizes=\"auto, (max-width: 451px) 100vw, 451px\" \/><figcaption id=\"caption-attachment-3858\" class=\"wp-caption-text\">Monumento a la antigua feria.<br \/><strong>Fuente:<\/strong> Mairena huele a feria<\/figcaption><\/figure>\n<p>&nbsp;<\/p>\n<h4><strong>La nueva feria<\/strong><\/h4>\n<p><span style=\"font-weight: 400\">El Recinto Ferial actual, llamado Recinto Ferial D. Antonio Delgado, se inaugur\u00f3 en el a\u00f1o 1982. Este acto estuvo respaldado por los concejales municipales, una gran cantidad de vecinos y por la Ministra de Cultura, Soledad Becerril, y el Alcalde, Isidoro N\u00fa\u00f1ez. En dicho recinto, tambi\u00e9n se encuentra el emblem\u00e1tico monumento al caballo, realizado por dos vecinos del municipio Jes\u00fas y Antonio Gavira Alba.<\/span><\/p>\n<p><span style=\"font-weight: 400\">Este tiene 11.000 m2 , que se dividen en tres calles: Adriano del Valle, Washington Irving y Est\u00e9banez Calder\u00f3n. En las dos primeras se reparten un total de 47 casetas, entre las que hay 16 de acceso libre. Mientras que la \u00faltima, est\u00e1 dedicada a los \u00abcacharritos\u00bb y t\u00f3mbolas.<\/span><\/p>\n<p><span style=\"font-weight: 400\">La portada se construye en 1988, realizada por Mar\u00eda Moreno y Pepe Vigueras, ambos vecinos de Mairena del Alcor. Ellos se encargaron de remodelarla en el a\u00f1o 2001, y en el 2002 se le a\u00f1adi\u00f3 m\u00e1s iluminaci\u00f3n por los los laterales. La \u00faltima modificaci\u00f3n hasta el momento fue en el a\u00f1o 2007 (R.N.G., 2020).<\/span><\/p>\n<p><span style=\"font-weight: 400\">En noviembre del 2000, la Consejer\u00eda de Turismo y Deportes de la Junta de Andaluc\u00eda la declar\u00f3 Fiesta de Inter\u00e9s Tur\u00edstico Nacional de Andaluc\u00eda. Esto es un reconocimiento a su antig\u00fcedad, a su autenticidad, a su forma de aunar el bagaje y las costumbres de nuestra tierra, ayudando as\u00ed a fortalecer la cultura andaluza (Navarro, s.f.).<\/span><\/p>\n<figure id=\"attachment_3859\" aria-describedby=\"caption-attachment-3859\" style=\"width: 416px\" class=\"wp-caption alignnone\"><img loading=\"lazy\" decoding=\"async\" class=\" wp-image-3859\" src=\"https:\/\/www.upo.es\/patio-colorado\/wp-content\/uploads\/2022\/05\/94030332_1527821604072593_6149880056719081472_n-300x220.jpg\" alt=\"\" width=\"416\" height=\"305\" srcset=\"https:\/\/www.upo.es\/patio-colorado\/wp-content\/uploads\/2022\/05\/94030332_1527821604072593_6149880056719081472_n-300x220.jpg 300w, https:\/\/www.upo.es\/patio-colorado\/wp-content\/uploads\/2022\/05\/94030332_1527821604072593_6149880056719081472_n.jpg 700w\" sizes=\"auto, (max-width: 416px) 100vw, 416px\" \/><figcaption id=\"caption-attachment-3859\" class=\"wp-caption-text\"><strong>Fuente:<\/strong> El Peri\u00f3dico de Mairena<\/figcaption><\/figure>\n<h4><\/h4>\n<h4><strong>Otros datos de inter\u00e9s<\/strong><\/h4>\n<p><span style=\"font-weight: 400\">Navarro (s.f.) afirma que la decoraci\u00f3n del recinto se compone de 45.000 bombillas de colores, m\u00e1s de 32.000 flores de papel y 14.000 farolillos. Este a\u00f1o en los farolillos hab\u00eda un peque\u00f1o homenaje a las v\u00edctimas de Ucrania (La\u00ednez, 2022).<\/span><\/p>\n<p><span style=\"font-weight: 400\">En la feria se realiza el tradicional paseo de caballos, que adquiere cada a\u00f1o una mayor popularidad. Los jinetes, locales y for\u00e1neos,\u00a0 y los carruajes de Jer\u00e9z y Sevilla lo usan como preparaci\u00f3n para la Feria de Abril de Sevilla (Navarro, s.f.).<\/span><\/p>\n<p><span style=\"font-weight: 400\">Otra novedad que ha presentado es que martes y mi\u00e9rcoles, 19 y 20 de abril, desde las 14h hasta las 18h, la calle de los cacharritos funcion\u00f3 sin ruido con la idea de hacer la feria m\u00e1s accesible para las personas que padecen TEA. Adem\u00e1s, el mismo 19 de abril se estableci\u00f3 el d\u00eda el D\u00eda del Ni\u00f1o y los \u00abcacharritos\u00bb ten\u00edan un precio m\u00e1s bajo (Fern\u00e1ndez, 2022).<\/span><\/p>\n<figure id=\"attachment_3861\" aria-describedby=\"caption-attachment-3861\" style=\"width: 368px\" class=\"wp-caption alignnone\"><img loading=\"lazy\" decoding=\"async\" class=\" wp-image-3861\" src=\"https:\/\/www.upo.es\/patio-colorado\/wp-content\/uploads\/2022\/05\/94258920_1527822310739189_1712573021929078784_n-300x225.jpg\" alt=\"\" width=\"368\" height=\"276\" srcset=\"https:\/\/www.upo.es\/patio-colorado\/wp-content\/uploads\/2022\/05\/94258920_1527822310739189_1712573021929078784_n-300x225.jpg 300w, https:\/\/www.upo.es\/patio-colorado\/wp-content\/uploads\/2022\/05\/94258920_1527822310739189_1712573021929078784_n-768x576.jpg 768w, https:\/\/www.upo.es\/patio-colorado\/wp-content\/uploads\/2022\/05\/94258920_1527822310739189_1712573021929078784_n.jpg 960w\" sizes=\"auto, (max-width: 368px) 100vw, 368px\" \/><figcaption id=\"caption-attachment-3861\" class=\"wp-caption-text\"><strong>Fuente:<\/strong> Mairena huele a feria<\/figcaption><\/figure>\n<p>&nbsp;<\/p>\n<figure id=\"attachment_3864\" aria-describedby=\"caption-attachment-3864\" style=\"width: 366px\" class=\"wp-caption alignnone\"><img loading=\"lazy\" decoding=\"async\" class=\" wp-image-3864\" src=\"https:\/\/www.upo.es\/patio-colorado\/wp-content\/uploads\/2022\/05\/94287283_1527822137405873_3585197424617979904_n-300x225.jpg\" alt=\"\" width=\"366\" height=\"275\" srcset=\"https:\/\/www.upo.es\/patio-colorado\/wp-content\/uploads\/2022\/05\/94287283_1527822137405873_3585197424617979904_n-300x225.jpg 300w, https:\/\/www.upo.es\/patio-colorado\/wp-content\/uploads\/2022\/05\/94287283_1527822137405873_3585197424617979904_n-768x576.jpg 768w, https:\/\/www.upo.es\/patio-colorado\/wp-content\/uploads\/2022\/05\/94287283_1527822137405873_3585197424617979904_n.jpg 960w\" sizes=\"auto, (max-width: 366px) 100vw, 366px\" \/><figcaption id=\"caption-attachment-3864\" class=\"wp-caption-text\"><strong>Fuente:<\/strong> Mairena huele a feria<\/figcaption><\/figure>\n<p>&nbsp;<\/p>\n<figure id=\"attachment_3862\" aria-describedby=\"caption-attachment-3862\" style=\"width: 363px\" class=\"wp-caption alignnone\"><img loading=\"lazy\" decoding=\"async\" class=\" wp-image-3862\" src=\"https:\/\/www.upo.es\/patio-colorado\/wp-content\/uploads\/2022\/05\/94017395_1527822084072545_6194186930754682880_n-286x300.jpg\" alt=\"\" width=\"363\" height=\"381\" srcset=\"https:\/\/www.upo.es\/patio-colorado\/wp-content\/uploads\/2022\/05\/94017395_1527822084072545_6194186930754682880_n-286x300.jpg 286w, https:\/\/www.upo.es\/patio-colorado\/wp-content\/uploads\/2022\/05\/94017395_1527822084072545_6194186930754682880_n-768x807.jpg 768w, https:\/\/www.upo.es\/patio-colorado\/wp-content\/uploads\/2022\/05\/94017395_1527822084072545_6194186930754682880_n.jpg 914w\" sizes=\"auto, (max-width: 363px) 100vw, 363px\" \/><figcaption id=\"caption-attachment-3862\" class=\"wp-caption-text\"><strong>Fuente:<\/strong> Mairena huele a feria<\/figcaption><\/figure>\n<figure id=\"attachment_3863\" aria-describedby=\"caption-attachment-3863\" style=\"width: 362px\" class=\"wp-caption alignnone\"><img loading=\"lazy\" decoding=\"async\" class=\" wp-image-3863\" src=\"https:\/\/www.upo.es\/patio-colorado\/wp-content\/uploads\/2022\/05\/93939745_1527822207405866_5165433385941729280_n-300x225.jpg\" alt=\"\" width=\"362\" height=\"272\" srcset=\"https:\/\/www.upo.es\/patio-colorado\/wp-content\/uploads\/2022\/05\/93939745_1527822207405866_5165433385941729280_n-300x225.jpg 300w, https:\/\/www.upo.es\/patio-colorado\/wp-content\/uploads\/2022\/05\/93939745_1527822207405866_5165433385941729280_n-768x576.jpg 768w, https:\/\/www.upo.es\/patio-colorado\/wp-content\/uploads\/2022\/05\/93939745_1527822207405866_5165433385941729280_n.jpg 960w\" sizes=\"auto, (max-width: 362px) 100vw, 362px\" \/><figcaption id=\"caption-attachment-3863\" class=\"wp-caption-text\"><strong>Fuente:<\/strong> Mairena huele a feria<\/figcaption><\/figure>\n<div class=\"mceTemp\"><\/div>\n<h5><strong>Fuentes:<\/strong><\/h5>\n<p>Ayuntamiento de Mairena del Alcor (s.f.).\u00a0<em>Feria de Abril de Mairena del Alcor 2022. <\/em>https:\/\/www.mairenadelalcor.org\/es\/educacion\/feria-de-abril-2019\/<\/p>\n<p>Fern\u00e1ndez, A. (2022). Arranca la Feria de Mairena del Alcor, la m\u00e1s antigua y la primera tras la pandemia. <em>Diario de Sevilla.\u00a0<\/em>https:\/\/www.diariodesevilla.es\/vivirensevilla\/Feria-Mairena-Alcor-mas-antigua-primera-tras-pandemia-2022_0_1675932713.html<\/p>\n<p>Guill\u00e9n, A. (2016). Mairena del Alcor, la m\u00e1s antigua y madre de todas las ferias andaluzas.\u00a0<em>ABC. <\/em>https:\/\/sevilla.abc.es\/provincia\/sevi-mairena-alcor-mas-antigua-y-madre-todas-ferias-andaluzas-201604080658_noticia.html<\/p>\n<p>La\u00ednez, M. (2022). Mairena del Alcor vive ya su feria, la primera que se celebra en Andaluc\u00eda tras el Covid.\u00a0<em>ABC. <\/em>https:\/\/sevilla.abc.es\/provincia\/sevi-mairena-alcor-vive-feria-primera-celebra-andalucia-tras-covid-202204201632_noticia.html<\/p>\n<p>Navarro, J. (s.f.).\u00a0<em>Breve Historia de la Feria de Mairena del Alcor.\u00a0\u00a0<\/em>Mayrena. http:\/\/www.mayrena.com\/Historia\/LaFeria.htm<\/p>\n<p>Navarro, J. (2018). <em>Historia de la Feria de Mairena del Alcor.<\/em>\u00a0 Caseta De Rebote. https:\/\/casetaderebote.es\/historia-feria\/#:~:text=La%20Feria%20de%20Mairena%20del%20Alcor%20fue%20fundada%20en%201441,los%20ganados%20en%20la%20comarca<\/p>\n<p>R.N.G. [Mairena huele a feria]. (21 de abril de 2020). Historia de la Feria de Mairena del Alcor. La nueva feria. [Publicaci\u00f3n de estado]. Facebook. https:\/\/www.facebook.com\/465543113633786\/posts\/historia-de-la-feria-de-mairena-del-alcorla-nueva-feriaen-1982-se-produce-tan-an\/1527822387405848\/<\/p>\n","protected":false},"excerpt":{"rendered":"<p>Entre el 19 y el 24 de abril tuvo lugar la primera feria de Andaluc\u00eda tras la pandemia, la 581 edici\u00f3n de la Feria de Mairena del Alcor. Esta feria se considera la m\u00e1s antigua de todas y da el pistoletazo de salida al resto de ferias de nuestra comunidad.\u00a0 La Feria de Mairena del [&hellip;]<\/p>\n","protected":false},"author":68,"featured_media":3855,"comment_status":"open","ping_status":"open","sticky":false,"template":"","format":"standard","meta":{"_acf_changed":false,"_monsterinsights_skip_tracking":false,"_monsterinsights_sitenote_active":false,"_monsterinsights_sitenote_note":"","_monsterinsights_sitenote_category":0,"footnotes":""},"categories":[35,23],"tags":[55,99,114,336,64,346],"class_list":["post-3853","post","type-post","status-publish","format-standard","has-post-thumbnail","hentry","category-fiestas-tradiciones","category-patrimonio-vivo","tag-andalucia","tag-cultura","tag-feria","tag-mairena-del-alcor","tag-patrimonio","tag-patrimoniocultural"],"blocksy_meta":[],"acf":[],"jetpack_featured_media_url":"https:\/\/www.upo.es\/patio-colorado\/wp-content\/uploads\/2022\/05\/93828487_1527821867405900_6552158723865837568_n.jpg","_links":{"self":[{"href":"https:\/\/www.upo.es\/patio-colorado\/wp-json\/wp\/v2\/posts\/3853","targetHints":{"allow":["GET"]}}],"collection":[{"href":"https:\/\/www.upo.es\/patio-colorado\/wp-json\/wp\/v2\/posts"}],"about":[{"href":"https:\/\/www.upo.es\/patio-colorado\/wp-json\/wp\/v2\/types\/post"}],"author":[{"embeddable":true,"href":"https:\/\/www.upo.es\/patio-colorado\/wp-json\/wp\/v2\/users\/68"}],"replies":[{"embeddable":true,"href":"https:\/\/www.upo.es\/patio-colorado\/wp-json\/wp\/v2\/comments?post=3853"}],"version-history":[{"count":4,"href":"https:\/\/www.upo.es\/patio-colorado\/wp-json\/wp\/v2\/posts\/3853\/revisions"}],"predecessor-version":[{"id":3866,"href":"https:\/\/www.upo.es\/patio-colorado\/wp-json\/wp\/v2\/posts\/3853\/revisions\/3866"}],"wp:featuredmedia":[{"embeddable":true,"href":"https:\/\/www.upo.es\/patio-colorado\/wp-json\/wp\/v2\/media\/3855"}],"wp:attachment":[{"href":"https:\/\/www.upo.es\/patio-colorado\/wp-json\/wp\/v2\/media?parent=3853"}],"wp:term":[{"taxonomy":"category","embeddable":true,"href":"https:\/\/www.upo.es\/patio-colorado\/wp-json\/wp\/v2\/categories?post=3853"},{"taxonomy":"post_tag","embeddable":true,"href":"https:\/\/www.upo.es\/patio-colorado\/wp-json\/wp\/v2\/tags?post=3853"}],"curies":[{"name":"wp","href":"https:\/\/api.w.org\/{rel}","templated":true}]}}