{"id":3876,"date":"2022-05-03T20:05:14","date_gmt":"2022-05-03T20:05:14","guid":{"rendered":"https:\/\/www.upo.es\/patio-colorado\/?p=3876"},"modified":"2022-06-18T17:10:43","modified_gmt":"2022-06-18T17:10:43","slug":"la-sinagoga-la-cruz-y-el-nino-perdido","status":"publish","type":"post","link":"https:\/\/www.upo.es\/patio-colorado\/2022\/05\/03\/la-sinagoga-la-cruz-y-el-nino-perdido\/","title":{"rendered":"El descubrimiento de la sinagoga y la cruz en Utrera"},"content":{"rendered":"<p>En un rinc\u00f3n de Utrera, en la emblem\u00e1tica callejuela conocida como el Ni\u00f1o Perdido se encontr\u00f3 la que se piensa que puede ser la segunda sinagoga m\u00e1s grande de Espa\u00f1a. Este hallazgo recientemente ha vuelto a salir a la palestra del inter\u00e9s del patrimonio hist\u00f3rico. El trabajo arqueol\u00f3gico ha sacado a la luz la existencia en el edificio de columnas de tipolog\u00eda jud\u00eda propia del siglo XV, as\u00ed como habitaciones completas, incluyendo la soler\u00eda de la \u00e9poca (Utrera Web, 2022). Esto podr\u00eda corroborar la hip\u00f3tesis por la que el antiguo edificio realmente ser\u00eda una de las ahora seis \u00fanicas sinagogas en Espa\u00f1a de origen medieval, junto a las de El Tr\u00e1nsito y Santa Mar\u00eda la Blanca en Toledo, la de C\u00f3rdoba, el Corpus Christi en Segovia y la del Agua en \u00dabeda. El calado de este descubrimiento hist\u00f3rico es tal que no solo\u00a0\u00a0se hicieron eco del hallazgo publicaciones locales como UTRERAWeb, UtreraDigital o Utrera al D\u00eda, o publicaciones nacionales como El Correo o ABC en sus secciones provinciales; tambi\u00e9n lleg\u00f3 a suscitar el inter\u00e9s internacional como puede verse en el art\u00edculo del reputado peri\u00f3dico brit\u00e1nico The Guardian (tienen a su disposici\u00f3n los art\u00edculos referenciados al final de este mismo).<\/p>\n<p>&nbsp;<\/p>\n<figure id=\"attachment_3878\" aria-describedby=\"caption-attachment-3878\" style=\"width: 600px\" class=\"wp-caption alignleft\"><img loading=\"lazy\" decoding=\"async\" class=\"wp-image-3878\" src=\"https:\/\/www.upo.es\/patio-colorado\/wp-content\/uploads\/2022\/05\/Entrada-a-la-sinagoga-scaled.jpg\" alt=\"\" width=\"600\" height=\"600\" srcset=\"https:\/\/www.upo.es\/patio-colorado\/wp-content\/uploads\/2022\/05\/Entrada-a-la-sinagoga-scaled.jpg 2560w, https:\/\/www.upo.es\/patio-colorado\/wp-content\/uploads\/2022\/05\/Entrada-a-la-sinagoga-300x300.jpg 300w, https:\/\/www.upo.es\/patio-colorado\/wp-content\/uploads\/2022\/05\/Entrada-a-la-sinagoga-1024x1024.jpg 1024w, https:\/\/www.upo.es\/patio-colorado\/wp-content\/uploads\/2022\/05\/Entrada-a-la-sinagoga-150x150.jpg 150w, https:\/\/www.upo.es\/patio-colorado\/wp-content\/uploads\/2022\/05\/Entrada-a-la-sinagoga-768x768.jpg 768w, https:\/\/www.upo.es\/patio-colorado\/wp-content\/uploads\/2022\/05\/Entrada-a-la-sinagoga-1536x1536.jpg 1536w, https:\/\/www.upo.es\/patio-colorado\/wp-content\/uploads\/2022\/05\/Entrada-a-la-sinagoga-2048x2048.jpg 2048w\" sizes=\"auto, (max-width: 600px) 100vw, 600px\" \/><figcaption id=\"caption-attachment-3878\" class=\"wp-caption-text\">Entrada a la sinagoga. Fuente: elaboraci\u00f3n propia<\/figcaption><\/figure>\n<figure id=\"attachment_3879\" aria-describedby=\"caption-attachment-3879\" style=\"width: 600px\" class=\"wp-caption alignnone\"><img loading=\"lazy\" decoding=\"async\" class=\"wp-image-3879\" src=\"https:\/\/www.upo.es\/patio-colorado\/wp-content\/uploads\/2022\/05\/Salida-del-Nino-Perdido-scaled.jpg\" alt=\"\" width=\"600\" height=\"600\" srcset=\"https:\/\/www.upo.es\/patio-colorado\/wp-content\/uploads\/2022\/05\/Salida-del-Nino-Perdido-scaled.jpg 2560w, https:\/\/www.upo.es\/patio-colorado\/wp-content\/uploads\/2022\/05\/Salida-del-Nino-Perdido-300x300.jpg 300w, https:\/\/www.upo.es\/patio-colorado\/wp-content\/uploads\/2022\/05\/Salida-del-Nino-Perdido-1024x1024.jpg 1024w, https:\/\/www.upo.es\/patio-colorado\/wp-content\/uploads\/2022\/05\/Salida-del-Nino-Perdido-150x150.jpg 150w, https:\/\/www.upo.es\/patio-colorado\/wp-content\/uploads\/2022\/05\/Salida-del-Nino-Perdido-768x768.jpg 768w, https:\/\/www.upo.es\/patio-colorado\/wp-content\/uploads\/2022\/05\/Salida-del-Nino-Perdido-1536x1536.jpg 1536w, https:\/\/www.upo.es\/patio-colorado\/wp-content\/uploads\/2022\/05\/Salida-del-Nino-Perdido-2048x2048.jpg 2048w\" sizes=\"auto, (max-width: 600px) 100vw, 600px\" \/><figcaption id=\"caption-attachment-3879\" class=\"wp-caption-text\">Salida del Ni\u00f1o Perdido y entrada a la sinagoga. Fuente: elaboraci\u00f3n propia<\/figcaption><\/figure>\n<p>&nbsp;<\/p>\n<p>La historiograf\u00eda no era totalmente desconocedora de la existencia de este templo hebreo. Ya en el siglo XVII el insigne historiador y poeta Rodrigo Caro hizo referencia al mismo explicando que \u201clos jud\u00edos que viv\u00edan en esta Villa ten\u00edan se\u00f1alado barrio que era la Plaza del Altozano, junto al Hospital de la Misericordia, que en lo antiguo se llamaba Valdejud\u00edos; y dicho hospital era la sinagoga\u201d (Utrera Web, 2018). Efectivamente la sinagoga pas\u00f3 a ser el hospital para ni\u00f1os exp\u00f3sitos y con el tiempo volvi\u00f3 a tener una funci\u00f3n religiosa pero cat\u00f3lica, y ya en el anterior siglo sirvi\u00f3 de colegio, restaurante y tambi\u00e9n de discoteca hasta que cay\u00f3 en desuso. Esto cambi\u00f3 en 2018 cuando el consistorio local se hizo con la propiedad. Sin embargo, fue el pasado 2021 cuando \u00a0se inici\u00f3 la primera fase de la investigaci\u00f3n arqueol\u00f3gica encargada a Miguel \u00c1ngel de Dios junto al arquitecto Antonio Jaramillo para acreditar la tipolog\u00eda edilicia y su dataci\u00f3n. De los elementos arquitect\u00f3nicos que el historiador local destaca \u00abd<em>e toda la edificaci\u00f3n, sin duda, es la capilla lo m\u00e1s interesante, pues conserva la estructura de una cuidada sala divida en tres naves con arcadas sobre columnas bajomedievales que se cubren con una bella armadura mud\u00e9jar. La cual es el mayor indicio que justifica que anteriormente fuera la sinagoga de la juder\u00eda utrerana\u201d <\/em>(Utrera al D\u00eda, 2018).<\/p>\n<p>&nbsp;<\/p>\n<figure id=\"attachment_3880\" aria-describedby=\"caption-attachment-3880\" style=\"width: 1024px\" class=\"wp-caption alignnone\"><img loading=\"lazy\" decoding=\"async\" class=\"size-large wp-image-3880\" src=\"https:\/\/www.upo.es\/patio-colorado\/wp-content\/uploads\/2022\/05\/Interior-de-la-sinagoga-III-1024x577.png\" alt=\"\" width=\"1024\" height=\"577\" srcset=\"https:\/\/www.upo.es\/patio-colorado\/wp-content\/uploads\/2022\/05\/Interior-de-la-sinagoga-III-1024x577.png 1024w, https:\/\/www.upo.es\/patio-colorado\/wp-content\/uploads\/2022\/05\/Interior-de-la-sinagoga-III-300x169.png 300w, https:\/\/www.upo.es\/patio-colorado\/wp-content\/uploads\/2022\/05\/Interior-de-la-sinagoga-III-768x433.png 768w, https:\/\/www.upo.es\/patio-colorado\/wp-content\/uploads\/2022\/05\/Interior-de-la-sinagoga-III.png 1433w\" sizes=\"auto, (max-width: 1024px) 100vw, 1024px\" \/><figcaption id=\"caption-attachment-3880\" class=\"wp-caption-text\">Sala interior de la sinagoga. Fuente: Univisi\u00f3n<\/figcaption><\/figure>\n<p>&nbsp;<\/p>\n<p>Como explica el alcalde Jos\u00e9 Mar\u00eda Villalobos de constatarse cient\u00edficamente que estamos ante una aut\u00e9ntica sinagoga situar\u00eda a la localidad utrerana \u201cde lleno entre las rutas sefard\u00edes, uno de los segmentos tur\u00edsticos que m\u00e1s est\u00e1 creciendo en los \u00faltimos a\u00f1os y en el que podremos jugar un papel muy importante ya que ser\u00eda casi la sinagoga medieval m\u00e1s grande de Espa\u00f1a\u201d (UTRERAWeb, 2018). Este redescubrimiento, que ya se\u00f1al\u00f3 Rodrigo Caro, pone en valor la callejuela del Ni\u00f1o Perdido como parte de la antigua juder\u00eda utrerana. Con el decreto de 1492 por el que los Reyes Cat\u00f3licos expulsaron a los jud\u00edos quedaron sus barrios vac\u00edos y fueron repoblados por los cristianos. Otro hallazgo a finales de 2021 en la misma callejuela es testigo mudo del repoblamiento cristiano de estos barrios. El enclave hist\u00f3rico estaba siendo objeto de un proceso de restauraci\u00f3n, en consonancia con el que experimentaba la sinagoga all\u00ed. En el proceso sali\u00f3 a relucir tras el enfoscado de uno de los muros un crucifijo formado por antiguos azulejos. Se piensa que probablemente tendr\u00eda una antig\u00fcedad algo posterior a la sinagoga ya que dentro del enfoscado y con los azulejos se encontraba una moneda de la \u00e9poca de Felipe IV, lo que datar\u00eda la cruz en el siglo XVI. Adem\u00e1s la primera fase de la investigaci\u00f3n en torno a este otro hallazgo ha determinado que es soler\u00eda de techo y que los motivos son vegetales, con flor de lis y otras especies en el brazo largo, y animales en el corto, m\u00e1s concretamente grullas. Junto a las grullas se encuentra un ep\u00edgrafe donde puede leerse <em>vigilantius<\/em>. El t\u00e9rmino latino alude a una alegor\u00eda. Seg\u00fan ella las bandas de grullas duermen juntas mientras una vigila sosteniendo una piedra con la pata; as\u00ed al dormirse se caer\u00eda la piedra y se despertar\u00edan.<\/p>\n<p>&nbsp;<\/p>\n<figure id=\"attachment_3881\" aria-describedby=\"caption-attachment-3881\" style=\"width: 600px\" class=\"wp-caption alignnone\"><img loading=\"lazy\" decoding=\"async\" class=\"wp-image-3881\" src=\"https:\/\/www.upo.es\/patio-colorado\/wp-content\/uploads\/2022\/05\/Cruz-descubierta-1024x1024.jpg\" alt=\"\" width=\"600\" height=\"600\" srcset=\"https:\/\/www.upo.es\/patio-colorado\/wp-content\/uploads\/2022\/05\/Cruz-descubierta-1024x1024.jpg 1024w, https:\/\/www.upo.es\/patio-colorado\/wp-content\/uploads\/2022\/05\/Cruz-descubierta-300x300.jpg 300w, https:\/\/www.upo.es\/patio-colorado\/wp-content\/uploads\/2022\/05\/Cruz-descubierta-150x150.jpg 150w, https:\/\/www.upo.es\/patio-colorado\/wp-content\/uploads\/2022\/05\/Cruz-descubierta-768x768.jpg 768w, https:\/\/www.upo.es\/patio-colorado\/wp-content\/uploads\/2022\/05\/Cruz-descubierta-1536x1536.jpg 1536w, https:\/\/www.upo.es\/patio-colorado\/wp-content\/uploads\/2022\/05\/Cruz-descubierta-2048x2048.jpg 2048w\" sizes=\"auto, (max-width: 600px) 100vw, 600px\" \/><figcaption id=\"caption-attachment-3881\" class=\"wp-caption-text\">Cruz descubierta y expuesta. Fuente: elaboraci\u00f3n propia<\/figcaption><\/figure>\n<p>&nbsp;<\/p>\n<p>La cruz hallada no es la \u00fanica obra de arte de soler\u00eda en la callejuela. Cruzando el p\u00f3rtico de siller\u00eda medieval de la entrada, y antes de pasar el artesonado del techo bajo el puente, se encuentra un retablo cer\u00e1mico colocado en la d\u00e9cada de los 50 del anterior siglo y que sustituy\u00f3 la existente hasta 1931. El motivo del retablo es el pasaje b\u00edblico en el que Jes\u00fas se pierde y es encontrado por sus padres en el Templo. La elecci\u00f3n del pasaje se debe al Hospital de la Misericordia comentado, donde se recog\u00edan a los ni\u00f1os exp\u00f3sitos, y que con el tiempo dio nombre a la callejuela. Adem\u00e1s hay otro azulejo m\u00e1s en el que se hace referencia a la gran inundaci\u00f3n que asol\u00f3 el casco hist\u00f3rico de Utrera en 1895.<\/p>\n<p>&nbsp;<\/p>\n<figure id=\"attachment_3882\" aria-describedby=\"caption-attachment-3882\" style=\"width: 600px\" class=\"wp-caption alignleft\"><img loading=\"lazy\" decoding=\"async\" class=\"wp-image-3882\" src=\"https:\/\/www.upo.es\/patio-colorado\/wp-content\/uploads\/2022\/05\/Retablo-del-Nino-Perdido-scaled.jpg\" alt=\"\" width=\"600\" height=\"600\" srcset=\"https:\/\/www.upo.es\/patio-colorado\/wp-content\/uploads\/2022\/05\/Retablo-del-Nino-Perdido-scaled.jpg 2560w, https:\/\/www.upo.es\/patio-colorado\/wp-content\/uploads\/2022\/05\/Retablo-del-Nino-Perdido-300x300.jpg 300w, https:\/\/www.upo.es\/patio-colorado\/wp-content\/uploads\/2022\/05\/Retablo-del-Nino-Perdido-1024x1024.jpg 1024w, https:\/\/www.upo.es\/patio-colorado\/wp-content\/uploads\/2022\/05\/Retablo-del-Nino-Perdido-150x150.jpg 150w, https:\/\/www.upo.es\/patio-colorado\/wp-content\/uploads\/2022\/05\/Retablo-del-Nino-Perdido-768x768.jpg 768w, https:\/\/www.upo.es\/patio-colorado\/wp-content\/uploads\/2022\/05\/Retablo-del-Nino-Perdido-1536x1536.jpg 1536w, https:\/\/www.upo.es\/patio-colorado\/wp-content\/uploads\/2022\/05\/Retablo-del-Nino-Perdido-2048x2048.jpg 2048w\" sizes=\"auto, (max-width: 600px) 100vw, 600px\" \/><figcaption id=\"caption-attachment-3882\" class=\"wp-caption-text\">Retablo cer\u00e1mico del Ni\u00f1o Perdido. Fuente: elaboraci\u00f3n propia<\/figcaption><\/figure>\n<p>&nbsp;<\/p>\n<p>&nbsp;<\/p>\n<p>&nbsp;<\/p>\n<p>&nbsp;<\/p>\n<p>&nbsp;<\/p>\n<p>&nbsp;<\/p>\n<p>&nbsp;<\/p>\n<p>&nbsp;<\/p>\n<p>&nbsp;<\/p>\n<p>&nbsp;<\/p>\n<p>&nbsp;<\/p>\n<p>&nbsp;<\/p>\n<p>&nbsp;<\/p>\n<p>&nbsp;<\/p>\n<p>&nbsp;<\/p>\n<p>&nbsp;<\/p>\n<figure id=\"attachment_3883\" aria-describedby=\"caption-attachment-3883\" style=\"width: 500px\" class=\"wp-caption alignnone\"><img loading=\"lazy\" decoding=\"async\" class=\"size-full wp-image-3883\" src=\"https:\/\/www.upo.es\/patio-colorado\/wp-content\/uploads\/2022\/05\/Retablo-recien-terminado.jpg\" alt=\"\" width=\"500\" height=\"730\" srcset=\"https:\/\/www.upo.es\/patio-colorado\/wp-content\/uploads\/2022\/05\/Retablo-recien-terminado.jpg 500w, https:\/\/www.upo.es\/patio-colorado\/wp-content\/uploads\/2022\/05\/Retablo-recien-terminado-205x300.jpg 205w\" sizes=\"auto, (max-width: 500px) 100vw, 500px\" \/><figcaption id=\"caption-attachment-3883\" class=\"wp-caption-text\">Retablo reci\u00e9n terminado. Fuente: D. Jos\u00e9 Chaves Romero de la Osa<\/figcaption><\/figure>\n<figure id=\"attachment_3884\" aria-describedby=\"caption-attachment-3884\" style=\"width: 600px\" class=\"wp-caption alignleft\"><img loading=\"lazy\" decoding=\"async\" class=\"wp-image-3884\" src=\"https:\/\/www.upo.es\/patio-colorado\/wp-content\/uploads\/2022\/05\/Artesonado-del-Nino-Perdido-scaled.jpg\" alt=\"\" width=\"600\" height=\"600\" srcset=\"https:\/\/www.upo.es\/patio-colorado\/wp-content\/uploads\/2022\/05\/Artesonado-del-Nino-Perdido-scaled.jpg 2560w, https:\/\/www.upo.es\/patio-colorado\/wp-content\/uploads\/2022\/05\/Artesonado-del-Nino-Perdido-300x300.jpg 300w, https:\/\/www.upo.es\/patio-colorado\/wp-content\/uploads\/2022\/05\/Artesonado-del-Nino-Perdido-1024x1024.jpg 1024w, https:\/\/www.upo.es\/patio-colorado\/wp-content\/uploads\/2022\/05\/Artesonado-del-Nino-Perdido-150x150.jpg 150w, https:\/\/www.upo.es\/patio-colorado\/wp-content\/uploads\/2022\/05\/Artesonado-del-Nino-Perdido-768x768.jpg 768w, https:\/\/www.upo.es\/patio-colorado\/wp-content\/uploads\/2022\/05\/Artesonado-del-Nino-Perdido-1536x1536.jpg 1536w, https:\/\/www.upo.es\/patio-colorado\/wp-content\/uploads\/2022\/05\/Artesonado-del-Nino-Perdido-2048x2048.jpg 2048w\" sizes=\"auto, (max-width: 600px) 100vw, 600px\" \/><figcaption id=\"caption-attachment-3884\" class=\"wp-caption-text\">Retablo, artesonado y nombre de la callejuela. Fuente: elaboraci\u00f3n propia<\/figcaption><\/figure>\n<p>&nbsp;<\/p>\n<p>&nbsp;<\/p>\n<p>&nbsp;<\/p>\n<p>&nbsp;<\/p>\n<p>&nbsp;<\/p>\n<p>&nbsp;<\/p>\n<p>&nbsp;<\/p>\n<p>&nbsp;<\/p>\n<p>&nbsp;<\/p>\n<p>&nbsp;<\/p>\n<p>&nbsp;<\/p>\n<p>&nbsp;<\/p>\n<p>&nbsp;<\/p>\n<p>&nbsp;<\/p>\n<p>&nbsp;<\/p>\n<p>&nbsp;<\/p>\n<figure id=\"attachment_3885\" aria-describedby=\"caption-attachment-3885\" style=\"width: 600px\" class=\"wp-caption alignnone\"><img loading=\"lazy\" decoding=\"async\" class=\"wp-image-3885\" src=\"https:\/\/www.upo.es\/patio-colorado\/wp-content\/uploads\/2022\/05\/Azulejo-de-la-inundacion-scaled.jpg\" alt=\"\" width=\"600\" height=\"600\" srcset=\"https:\/\/www.upo.es\/patio-colorado\/wp-content\/uploads\/2022\/05\/Azulejo-de-la-inundacion-scaled.jpg 2560w, https:\/\/www.upo.es\/patio-colorado\/wp-content\/uploads\/2022\/05\/Azulejo-de-la-inundacion-300x300.jpg 300w, https:\/\/www.upo.es\/patio-colorado\/wp-content\/uploads\/2022\/05\/Azulejo-de-la-inundacion-1024x1024.jpg 1024w, https:\/\/www.upo.es\/patio-colorado\/wp-content\/uploads\/2022\/05\/Azulejo-de-la-inundacion-150x150.jpg 150w, https:\/\/www.upo.es\/patio-colorado\/wp-content\/uploads\/2022\/05\/Azulejo-de-la-inundacion-768x768.jpg 768w, https:\/\/www.upo.es\/patio-colorado\/wp-content\/uploads\/2022\/05\/Azulejo-de-la-inundacion-1536x1536.jpg 1536w, https:\/\/www.upo.es\/patio-colorado\/wp-content\/uploads\/2022\/05\/Azulejo-de-la-inundacion-2048x2048.jpg 2048w\" sizes=\"auto, (max-width: 600px) 100vw, 600px\" \/><figcaption id=\"caption-attachment-3885\" class=\"wp-caption-text\">Azulejo conmemorativo de la inundaci\u00f3n. Fuente: elaboraci\u00f3n propia<\/figcaption><\/figure>\n<p>&nbsp;<\/p>\n<p>Por si fuera poco, despu\u00e9s de este corto pero intenso viaje por la callejuela que se remonta al medievo con la sinagoga, cruza la modernidad con la cruz y llega a la contemporaneidad con el retablo se puede aterrizar en la misma actualidad visitando all\u00ed el galardonado centro de restauraci\u00f3n culinaria Besana Tapas. Pocos viajes dejar\u00e1n mejor sabor de boca que este restaurante galardonado en 2018 en los Premios GURM\u00c9, que organiza ABC, y en 2016 en los premios El Caminante, organizados por El Mundo y su suplemento tur\u00edstico, el m\u00e1s antiguo y prestigioso del periodismo andaluz.<\/p>\n<p>&nbsp;<\/p>\n<p>Referencias digitales<\/p>\n<ul>\n<li>C\u00f3rdoba, V. (2016). <em>La antigua sinagoga de Utrera ser\u00e1 rescatada para e turismo<\/em>. Recuperado de:\u00a0<a href=\"https:\/\/elcorreoweb.es\/provincia\/la-antigua-sinagoga-de-utrera-sera-rescatada-para-el-turismo-IC1488921\">https:\/\/elcorreoweb.es\/provincia\/la-antigua-sinagoga-de-utrera-sera-rescatada-para-el-turismo-IC1488921<\/a><\/li>\n<li>C\u00f3rdoba, V. (2021). <em>Utrera da un paso m\u00e1s en la recuperaci\u00f3n de su gran sinagoga jud\u00eda medieval. <\/em>Recuperado de:\u00a0<a href=\"https:\/\/elcorreoweb.es\/provincia\/utrera-da-un-paso-mas-en-la-recuperacion-de-su-gran-sinagoga-judia-medieval-YD7115032\">https:\/\/elcorreoweb.es\/provincia\/utrera-da-un-paso-mas-en-la-recuperacion-de-su-gran-sinagoga-judia-medieval-YD7115032<\/a><\/li>\n<li>Equipo de redacci\u00f3n de Utrera Digital (2021).\u00a0<em>El arreglo del Ni\u00f1o Perdido deja al descubierto una cruz de azulejos del siglo XVI<\/em>. Recuperado de:\u00a0<a href=\"https:\/\/www.utreradigital.com\/web\/2021\/11\/10\/el-arreglo-del-nino-perdido-deja-al-descubierto-una-cruz-de-azulejos-del-siglo-xvi\/\">https:\/\/www.utreradigital.com\/web\/2021\/11\/10\/el-arreglo-del-nino-perdido-deja-al-descubierto-una-cruz-de-azulejos-del-siglo-xvi\/<\/a><\/li>\n<li>Equipo de redacci\u00f3n de Utrera Digital (2021).<em>Utrera, tras las huellas de \u00abuna de las sinagogas m\u00e1s importantes de Espa\u00f1a\u00bb.<\/em>\u00a0Recuperado de: https:\/\/www.utreradigital.com\/web\/2021\/02\/10\/utrera-tras-las-huellas-de-una-de-las-sinagogas-mas-importantes-de-espana\/<\/li>\n<li>Fern\u00e1ndez Nays. A. (2021).\u00a0<em>Un cambio de reglas (y gobierno) frustra una reparaci\u00f3n hist\u00f3rica para descendientes de jud\u00edos expulsados de Espa\u00f1a.<\/em>\u00a0Recuperado de: https:\/\/www.univision.com\/noticias\/mundo\/problemas-nacionalidad-espanola-judion-sefardi-latinos<\/li>\n<li>Flores, A. (2014).<em>El \u00abNi\u00f1o Perdido\u00bb, la peque\u00f1a juder\u00eda de Utrera<\/em> . Recuperado de: https:\/\/sevilla.abc.es\/provincia-utrera\/20140505\/sevi-nino-perdido-pequena-juderia-201405051013.html<\/li>\n<li>Flores, A. (2021). <em>Aparece en una fachada de Utrera una bella cruz del siglo XVI<\/em> . Recuperado de: https:\/\/sevilla.abc.es\/provincia\/utrera\/sevi-aparece-fachada-utrera-bella-cruz-siglo-202111111801_noticia.html<\/li>\n<li>Flores, A. (2021). <em>Hallan en Utrera la segunda sinagoga medieval m\u00e1s grande de toda Espa\u00f1a<\/em>. Recuperado de: https:\/\/sevilla.abc.es\/provincia\/utrera\/sevi-buscan-utrera-segunda-sinagoga-medieval-mas-grande-toda-espana-202102092008_noticia.html<\/li>\n<li>Oficina T\u00e9cnica Caminos de Pasi\u00f3n. <em>Pasaje del Ni\u00f1o Perdido<\/em>. Recuperado de: https:\/\/www.caminosdepasion.com\/item\/utrera-pasaje-del-nino-perdido\/<\/li>\n<li>Prodetur. <em>Callej\u00f3n del Ni\u00f1o Perdido<\/em>. Recuperado de: <a href=\"https:\/\/www.turismosevilla.org\/es\/que-ver-y-hacer\/patrimonio\/monumentos\/callejon-del-nino-perdido\">https:\/\/www.turismosevilla.org\/es\/que-ver-y-hacer\/patrimonio\/monumentos\/callejon-del-nino-perdido<\/a><\/li>\n<li>Retablo Cer\u00e1mico (2009). <em>Ni\u00f1o Perdido<\/em>. Recuperado de: http:\/\/www.retabloceramico.net\/1823.htm<\/li>\n<li>Sim\u00f3n, E. (2019).\u00a0<em>Pasaje del Ni\u00f1o Perdido<\/em>. Recuperado de:\u00a0https:\/\/andalfarad.com\/pasaje-del-nino-perdido-utrera\/<\/li>\n<li>The Guardian (2021). <em>Could a former bar be one of Spain\u00b4s lost medieval synagogues?<\/em>. Recuperado de: <a href=\"https:\/\/www.theguardian.com\/world\/2021\/feb\/25\/could-a-former-bar-be-one-of-spains-lost-medieval-synagogues\">https:\/\/www.theguardian.com\/world\/2021\/feb\/25\/could-a-former-bar-be-one-of-spains-lost-medieval-synagogues<\/a><\/li>\n<li>Utrera al d\u00eda (2018).\u00a0<em>El Ayuntamiento se hace con la propiedad de la sinagoga del Ni\u00f1o Perdido con el objetivo de hacerse con el patrimonio hist\u00f3rico art\u00edstico de Utrera<\/em>. Recuperado de:\u00a0<a href=\"https:\/\/utreraaldia.com\/el-ayuntamiento-se-hace-con-la-propiedad-de-la-sinagoga-del-nino-perdido-con-el-objetivo-de-hacerse-con-el-patrimonio-historico-artistico-de-utrera\/\">https:\/\/utreraaldia.com\/el-ayuntamiento-se-hace-con-la-propiedad-de-la-sinagoga-del-nino-perdido-con-el-objetivo-de-hacerse-con-el-patrimonio-historico-artistico-de-utrera\/<\/a><\/li>\n<li>Utrera al d\u00eda (2021).\u00a0<em>La restauraci\u00f3n de la cruz de azulejos de El Ni\u00f1o Perdido explica m\u00e1s de su origen<\/em>. Recuperado de:\u00a0https:\/\/utreraaldia.com\/la-restauracion-de-la-cruz-de-azulejos-de-el-nino-perdido-explica-mas-de-su-origen\/<\/li>\n<li>Utrera al d\u00eda (2021).\u00a0<em>La sinagoga de Utrera a punto de ser un referente en el turismo cultural sevillano<\/em>. Recuperado de:\u00a0<a href=\"https:\/\/utreraaldia.com\/la-sinagoga-de-utrera-a-punto-de-ser-un-referente-en-el-turismo-cultural-sevillano\/\">https:\/\/utreraaldia.com\/la-sinagoga-de-utrera-a-punto-de-ser-un-referente-en-el-turismo-cultural-sevillano\/<\/a><\/li>\n<li>UTRERAWeb (2018).<em> El Ayuntamiento formaliza la adquisici\u00f3n de la antigua sinagoga jud\u00eda de Utrera en la zona del Ni\u00f1o Perdido<\/em>. Recuperado de: <a href=\"https:\/\/www.utreraweb.com\/noticias-de-utrera\/local\/2018\/9965\/El-Ayuntamiento-formaliza-la-adquisicion-de-la-antigua-sinagoga-judia-del-Utrera-en-la-zona-del-Nino-Perdido\/\">https:\/\/www.utreraweb.com\/noticias-de-utrera\/local\/2018\/9965\/El-Ayuntamiento-formaliza-la-adquisicion-de-la-antigua-sinagoga-judia-del-Utrera-en-la-zona-del-Nino-Perdido\/<\/a><\/li>\n<li>UTRERAWeb (2019).<em>\u00a0El Restaurante Besana Tapas de Utrera recibe el galard\u00f3n de Mejor establecimiento de la provincia de Sevilla<\/em>. Recuperado de:\u00a0https:\/\/www.utreraweb.com\/noticias-de-utrera\/economia\/2019\/10187\/El-Restaurante-Besana-Tapas-de-Utrera-recibe-el-galardon-de-Mejor-establecimiento-de-la-provincia-de-Sevilla\/<\/li>\n<li>UTRERAWeb (2021).\u00a0<em>El peri\u00f3dico ingl\u00e9s The Guardian destaca la relevancia internacional para Utrera del posible hallazgo de su sinagoga jud\u00eda.<\/em>\u00a0Recuperado de:\u00a0<a href=\"https:\/\/www.utreraweb.com\/noticias-de-utrera\/local\/2021\/13125\/El-periodico-ingles-The-Guardian-destaca-la-relevancia-internacional-para-Utrera-del-posible-hallazgo-de-su-sinagoga-judia\/\">https:\/\/www.utreraweb.com\/noticias-de-utrera\/local\/2021\/13125\/El-periodico-ingles-The-Guardian-destaca-la-relevancia-internacional-para-Utrera-del-posible-hallazgo-de-su-sinagoga-judia\/<\/a><\/li>\n<li>UTRERAWeb (2021).\u00a0<em>El primer estudio realizado confirma que la cruz de azulejos hallada en \u00abEl Ni\u00f1o Perdido\u00bb es del siglo XVI<\/em>. Recuperado de:\u00a0<a href=\"https:\/\/www.utreraweb.com\/noticias-de-utrera\/cultura\/2021\/14355\/El-primer-estudio-realizado-confirma-que-la-cruz-de-azulejos-hallada-en-%E2%80%98El-Nino-Perdido%E2%80%99-es-del-siglo-XVI\/\">https:\/\/www.utreraweb.com\/noticias-de-utrera\/cultura\/2021\/14355\/El-primer-estudio-realizado-confirma-que-la-cruz-de-azulejos-hallada-en-%E2%80%98El-Nino-Perdido%E2%80%99-es-del-siglo-XVI\/<\/a><\/li>\n<li>UTRERAWeb (2021).\u00a0<em>Hallan una cruz de azulejos del XVI que form\u00f3 parte de la decoraci\u00f3n original del Ni\u00f1o Perdido.<\/em>\u00a0Recuperado de:\u00a0<a href=\"https:\/\/www.utreraweb.com\/noticias-de-utrera\/cultura\/2021\/14315\/Hallan-una-cruz-de-azulejos-del-siglo-XVI-que-formo-parte-de-la-decoracion-original-del-Nino-perdido\/\">https:\/\/www.utreraweb.com\/noticias-de-utrera\/cultura\/2021\/14315\/Hallan-una-cruz-de-azulejos-del-siglo-XVI-que-formo-parte-de-la-decoracion-original-del-Nino-perdido\/<\/a><\/li>\n<li>UTRERAWeb (2022).\u00a0<em>Los arque\u00f3logos descubren evidencias que podr\u00edan confirmar la existencia de la sinagoga jud\u00eda del Ni\u00f1o Perdido.\u00a0<\/em>Recuperado de:\u00a0<a href=\"https:\/\/www.utreraweb.com\/noticias-de-utrera\/local\/2022\/14779\/Los-arqueologos-descubren-evidencias-que-podrian-confimar-la-existencia-de-la-sinagoga-judia-del-Nino-Perdido\/\">https:\/\/www.utreraweb.com\/noticias-de-utrera\/local\/2022\/14779\/Los-arqueologos-descubren-evidencias-que-podrian-confimar-la-existencia-de-la-sinagoga-judia-del-Nino-Perdido\/<\/a><\/li>\n<li>UTRERAWeb (2021).<em>\u00a0Utrera da un paso m\u00e1s en la recuperaci\u00f3n de su gran sinagoga jud\u00eda medieval.\u00a0<\/em>Recuperado de:\u00a0<a href=\"https:\/\/www.utreraweb.com\/noticias-de-utrera\/cultura\/2021\/13050\/Utrera-da-un-paso-mas-en-la-recuperacion-de-su-gran-sinagoga-judia-medieval\/\">https:\/\/www.utreraweb.com\/noticias-de-utrera\/cultura\/2021\/13050\/Utrera-da-un-paso-mas-en-la-recuperacion-de-su-gran-sinagoga-judia-medieval\/<\/a><\/li>\n<\/ul>\n<p>&nbsp;<\/p>\n","protected":false},"excerpt":{"rendered":"<p>En un rinc\u00f3n de Utrera, en la emblem\u00e1tica callejuela conocida como el Ni\u00f1o Perdido se encontr\u00f3 la que se piensa que puede ser la segunda sinagoga m\u00e1s grande de Espa\u00f1a. Este hallazgo recientemente ha vuelto a salir a la palestra del inter\u00e9s del patrimonio hist\u00f3rico. El trabajo arqueol\u00f3gico ha sacado a la luz la existencia [&hellip;]<\/p>\n","protected":false},"author":79,"featured_media":3877,"comment_status":"open","ping_status":"open","sticky":false,"template":"","format":"standard","meta":{"_acf_changed":false,"_monsterinsights_skip_tracking":false,"_monsterinsights_sitenote_active":false,"_monsterinsights_sitenote_note":"","_monsterinsights_sitenote_category":0,"footnotes":""},"categories":[45,24,46,26,166,170,44,136,301],"tags":[80,39,14,64,346,332,28,19,259,17],"class_list":["post-3876","post","type-post","status-publish","format-standard","has-post-thumbnail","hentry","category-boletin-colorao","category-conservacion-y-restauracion","category-en-la-prensa","category-gastronomia-artesania","category-historia-arqueologia","category-monumentos-y-turismo","category-patrimonio","category-reportajes","category-sevilla","tag-actualidad","tag-arqueologia","tag-gastronomia","tag-patrimonio","tag-patrimoniocultural","tag-sevilla-cultura","tag-arte","tag-conservacion","tag-turismo","tag-utrera"],"blocksy_meta":[],"acf":[],"jetpack_featured_media_url":"https:\/\/www.upo.es\/patio-colorado\/wp-content\/uploads\/2022\/05\/Entrada-al-Nino-Perdido-scaled.jpg","_links":{"self":[{"href":"https:\/\/www.upo.es\/patio-colorado\/wp-json\/wp\/v2\/posts\/3876","targetHints":{"allow":["GET"]}}],"collection":[{"href":"https:\/\/www.upo.es\/patio-colorado\/wp-json\/wp\/v2\/posts"}],"about":[{"href":"https:\/\/www.upo.es\/patio-colorado\/wp-json\/wp\/v2\/types\/post"}],"author":[{"embeddable":true,"href":"https:\/\/www.upo.es\/patio-colorado\/wp-json\/wp\/v2\/users\/79"}],"replies":[{"embeddable":true,"href":"https:\/\/www.upo.es\/patio-colorado\/wp-json\/wp\/v2\/comments?post=3876"}],"version-history":[{"count":22,"href":"https:\/\/www.upo.es\/patio-colorado\/wp-json\/wp\/v2\/posts\/3876\/revisions"}],"predecessor-version":[{"id":3908,"href":"https:\/\/www.upo.es\/patio-colorado\/wp-json\/wp\/v2\/posts\/3876\/revisions\/3908"}],"wp:featuredmedia":[{"embeddable":true,"href":"https:\/\/www.upo.es\/patio-colorado\/wp-json\/wp\/v2\/media\/3877"}],"wp:attachment":[{"href":"https:\/\/www.upo.es\/patio-colorado\/wp-json\/wp\/v2\/media?parent=3876"}],"wp:term":[{"taxonomy":"category","embeddable":true,"href":"https:\/\/www.upo.es\/patio-colorado\/wp-json\/wp\/v2\/categories?post=3876"},{"taxonomy":"post_tag","embeddable":true,"href":"https:\/\/www.upo.es\/patio-colorado\/wp-json\/wp\/v2\/tags?post=3876"}],"curies":[{"name":"wp","href":"https:\/\/api.w.org\/{rel}","templated":true}]}}