{"id":395,"date":"2020-02-25T12:09:09","date_gmt":"2020-02-25T12:09:09","guid":{"rendered":"https:\/\/www.upo.es\/patio-colorado\/?p=395"},"modified":"2020-04-19T08:40:57","modified_gmt":"2020-04-19T08:40:57","slug":"la-triana-que-perdimos-los-corrales-de-vecinos","status":"publish","type":"post","link":"https:\/\/www.upo.es\/patio-colorado\/2020\/02\/25\/la-triana-que-perdimos-los-corrales-de-vecinos\/","title":{"rendered":"La Triana que perdimos: los corrales de vecinos"},"content":{"rendered":"<p>Los tiempos cambian, los a\u00f1os vuelan y mucho del patrimonio que conocemos propio de ciertas zonas se va abandonando, cambiando o destruyendo junto a la mirada, a veces impasible, de los vecinos testigos de ello.<\/p>\n<p>Este es el caso de los corrales de vecinos en Sevilla -com\u00fanmente llamados patios de vecinos tambi\u00e9n- y concretamente, de los de Triana. Triana era el barrio de Sevilla que albergaba el mayor n\u00famero de patios de vecinos de toda la ciudad, alcanzando la centena a finales del siglo XIX. En el censo del a\u00f1o 2000 a\u00fan quedaban 47, pero, hoy en d\u00eda, no son ni 15 los que se conservan.<\/p>\n<p>El mismo Luis Montoto, en el libro que dedic\u00f3 a los corrales de vecinos en el a\u00f1o 1884, defin\u00eda este especial lugar como \u201cun edificio de construcci\u00f3n antiqu\u00edsima, que revela a la legua el haber sido, all\u00e1 corriendo los siglos, casa solariega de un noble que vino a menos y por cuatro cuartos la malbarat\u00f3 para retocar los carteles de su enmohecido escudo\u201d.<\/p>\n<p>Aun as\u00ed, hay que tener en cuenta que los corrales de vecinos eran la viva imagen de la pobreza y de las condiciones extremas que se viv\u00edan en el pasado. Literalmente, era una forma de convivir compartiendo todo lo que se ten\u00eda. Hemos de saber que, tal y como nos comenta Nicol\u00e1s Salas, escritor y periodista, los patios de vecinos eran focos de miseria y enfermedades, ya que muchas veces las residencias no contaban con los elementos b\u00e1sicos para mantener una higiene y sanidad apropiadas. Aun as\u00ed, y manteniendo sus propias palabras, \u201cfueron escuelas de ciudadan\u00eda y ofrecieron testimonios con valores cristianos\u201d.<\/p>\n<p>Respecto a su morfolog\u00eda, podemos destacar que los corrales de vecinos apenas variaban en forma: contaban con un gran patio central rodeado de habitaciones, servicios b\u00e1sicos de lavander\u00eda, agua y retrete, y una cocina humilde situada fuera de la habitaci\u00f3n, de un solo fuego, sin luz el\u00e9ctrica. Aunque en algunos casos puede que hubiera viviendas de dos habitaciones, lo habitual es que solo fueran de una. Tras esta descripci\u00f3n, podemos entender perfectamente las condiciones de insalubridad que se han mencionado anteriormente.<\/p>\n<p>El fin de muchas de estas viviendas vinieron de la mano del abandono y de la especulaci\u00f3n, que hizo desalojar las casas y construir nuevos bloques de pisos, en los que la esencia del patio de vecinos quedaba sepultada para siempre. De manera obvia, no puede a\u00f1orarse en Triana esta forma tan precaria de vivir, pero quiz\u00e1s la soluci\u00f3n, m\u00e1s que el derrumbe y la construcci\u00f3n nueva, podr\u00eda haber sido la remodelaci\u00f3n de este tipo de corrales, para as\u00ed posibilitar la vida en ellos.<\/p>\n<p>Para terminar, mostramos a continuaci\u00f3n varias im\u00e1genes de los corrales de vecinos en Triana:<\/p>\n<p><img loading=\"lazy\" decoding=\"async\" class=\"wp-image-398 aligncenter\" style=\"border: 0px; height: 502px; text-align: left; color: #474e5c; text-transform: none; text-indent: 0px; letter-spacing: normal; font-size: 15px; font-style: normal; font-variant: normal; font-weight: 400; text-decoration: none; vertical-align: middle; max-width: 100%;\" src=\"https:\/\/www.upo.es\/patio-colorado\/wp-content\/uploads\/2020\/02\/Imagen1-192x300.png\" alt=\"\" width=\"321\" height=\"300\" \/><\/p>\n<p>&nbsp;<\/p>\n<p><img loading=\"lazy\" decoding=\"async\" class=\" wp-image-399 aligncenter\" style=\"border: 0px; height: 271px; text-align: left; color: #474e5c; text-transform: none; text-indent: 0px; letter-spacing: normal; font-size: 15px; font-style: normal; font-variant: normal; font-weight: 400; text-decoration: none; vertical-align: middle; max-width: 100%;\" src=\"https:\/\/www.upo.es\/patio-colorado\/wp-content\/uploads\/2020\/02\/Imagen3-300x168.png\" alt=\"\" width=\"483\" height=\"168\" \/><\/p>\n<p>&nbsp;<\/p>\n<p>Fuentes utilizadas para la elaboraci\u00f3n del art\u00edculo y la obtenci\u00f3n de las im\u00e1genes:<\/p>\n<ul>\n<li>Escalera, P. (2005, 23 julio). Entre la Triana de ayer y de hoy. Recuperado 18 febrero, 2020, de <a href=\"https:\/\/sevilla.abc.es\/sevilla\/sevi-entre-triana-ayer-y-200507230300-203982212246_noticia.html?ref=https%3A%2F%2Fwww.google.es%2F\">https:\/\/sevilla.abc.es\/sevilla\/sevi-entre-triana-ayer-y-200507230300-203982212246_noticia.html?ref=https%3A%2F%2Fwww.google.es%2F<\/a><\/li>\n<li>Rinc\u00f3n, R. (2002, 21 octubre). Triana se queda sin corrales. Recuperado 18 febrero, 2020, de <a href=\"https:\/\/elpais.com\/diario\/2002\/10\/21\/andalucia\/1035152540_850215.html\">https:\/\/elpais.com\/diario\/2002\/10\/21\/andalucia\/1035152540_850215.html<\/a><\/li>\n<li>Vela Nieto, A. (2018, 29 septiembre). Corrales de vecinos &#8211; El Diario de Triana [Publicaci\u00f3n en un blog]. Recuperado 18 febrero, 2020, de <a href=\"https:\/\/www.eldiariodetriana.es\/blog\/corrales-de-vecinos\">https:\/\/www.eldiariodetriana.es\/blog\/corrales-de-vecinos<\/a><\/li>\n<li>Vela Nieto, A. (2018, 17 agosto). Triana, cat\u00e1logo vivo de patios de vecinos [Publicaci\u00f3n en un blog]. Recuperado 18 febrero, 2020, de https:\/\/www.eldiariodetriana.es\/blog\/triana-catalogo-vivo-de-patios-de-vecinos\/<\/li>\n<\/ul>\n","protected":false},"excerpt":{"rendered":"<p>Los tiempos cambian, los a\u00f1os vuelan y mucho del patrimonio que conocemos propio de ciertas zonas se va abandonando, cambiando o destruyendo junto a la mirada, a veces impasible, de los vecinos testigos de ello. Este es el caso de los corrales de vecinos en Sevilla -com\u00fanmente llamados patios de vecinos tambi\u00e9n- y concretamente, de [&hellip;]<\/p>\n","protected":false},"author":18,"featured_media":398,"comment_status":"open","ping_status":"open","sticky":false,"template":"","format":"standard","meta":{"_acf_changed":false,"_monsterinsights_skip_tracking":false,"_monsterinsights_sitenote_active":false,"_monsterinsights_sitenote_note":"","_monsterinsights_sitenote_category":0,"footnotes":""},"categories":[24],"tags":[63,62,64,61,19],"class_list":["post-395","post","type-post","status-publish","format-standard","has-post-thumbnail","hentry","category-conservacion-y-restauracion","tag-corralesdevecinos","tag-patiodevecinos","tag-patrimonio","tag-triana","tag-conservacion"],"blocksy_meta":[],"acf":[],"jetpack_featured_media_url":"https:\/\/www.upo.es\/patio-colorado\/wp-content\/uploads\/2020\/02\/Imagen1.png","_links":{"self":[{"href":"https:\/\/www.upo.es\/patio-colorado\/wp-json\/wp\/v2\/posts\/395","targetHints":{"allow":["GET"]}}],"collection":[{"href":"https:\/\/www.upo.es\/patio-colorado\/wp-json\/wp\/v2\/posts"}],"about":[{"href":"https:\/\/www.upo.es\/patio-colorado\/wp-json\/wp\/v2\/types\/post"}],"author":[{"embeddable":true,"href":"https:\/\/www.upo.es\/patio-colorado\/wp-json\/wp\/v2\/users\/18"}],"replies":[{"embeddable":true,"href":"https:\/\/www.upo.es\/patio-colorado\/wp-json\/wp\/v2\/comments?post=395"}],"version-history":[{"count":4,"href":"https:\/\/www.upo.es\/patio-colorado\/wp-json\/wp\/v2\/posts\/395\/revisions"}],"predecessor-version":[{"id":944,"href":"https:\/\/www.upo.es\/patio-colorado\/wp-json\/wp\/v2\/posts\/395\/revisions\/944"}],"wp:featuredmedia":[{"embeddable":true,"href":"https:\/\/www.upo.es\/patio-colorado\/wp-json\/wp\/v2\/media\/398"}],"wp:attachment":[{"href":"https:\/\/www.upo.es\/patio-colorado\/wp-json\/wp\/v2\/media?parent=395"}],"wp:term":[{"taxonomy":"category","embeddable":true,"href":"https:\/\/www.upo.es\/patio-colorado\/wp-json\/wp\/v2\/categories?post=395"},{"taxonomy":"post_tag","embeddable":true,"href":"https:\/\/www.upo.es\/patio-colorado\/wp-json\/wp\/v2\/tags?post=395"}],"curies":[{"name":"wp","href":"https:\/\/api.w.org\/{rel}","templated":true}]}}