{"id":4003,"date":"2022-05-15T16:26:26","date_gmt":"2022-05-15T16:26:26","guid":{"rendered":"https:\/\/www.upo.es\/patio-colorado\/?p=4003"},"modified":"2022-05-15T16:26:26","modified_gmt":"2022-05-15T16:26:26","slug":"premios-andalucia-de-la-cultura","status":"publish","type":"post","link":"https:\/\/www.upo.es\/patio-colorado\/2022\/05\/15\/premios-andalucia-de-la-cultura\/","title":{"rendered":"Premios Andaluc\u00eda de la Cultura"},"content":{"rendered":"<p>Se han creado los Premios Andaluc\u00eda de la Cultura por el Consejo de Gobierno. Estos galardones valorar\u00e1n los logros destacados de las personas que concursen en el a\u00f1o anterior a la convocatoria. Se pueden presentar tanto personas f\u00edsicas como jur\u00eddicas o tanto nacionales como extranjeras. Este acontecimiento se celebrar\u00e1 anualmente y tendr\u00e1 lugar un evento institucional acorde a la importancia de los galardones. Habr\u00e1 14 modalidades premiadas con la excepci\u00f3n de poder premiar la trayectoria reconocida de un determinado individuo o instituci\u00f3n.<\/p>\n<p><img loading=\"lazy\" decoding=\"async\" class=\"aligncenter\" src=\"https:\/\/www.escenaensevilla.es\/doc\/l\/lf_museoflamenco.jpg\" alt=\"Espect\u00e1culos flamencos en Museo del Baile Flamenco de Sevilla - Espacios\" width=\"475\" height=\"375\" \/><\/p>\n<p style=\"text-align: center\">Fuente: escenaensevilla.com<\/p>\n<p>Entre la modalidades premiadas se encuentran el <strong>Premio Andaluc\u00eda de la Cultura al Arte Sacro<\/strong> o <strong>de Flamenco<\/strong>, entre otras. Las secretar\u00edas generales de la Consejer\u00eda ser\u00e1n la encargadas de determinar las candidaturas en funci\u00f3n de su propio criterio o de una solicitud de personas f\u00edsicas o jur\u00eddicas cuyo trabajo est\u00e9 especialmente vinculado al arte andaluz y que realicen su actividad en la regi\u00f3n.<\/p>\n<p>Un jurado, \u00fanico para todas las candidaturas y modalidades, compuesto de 5 a 14 personas ser\u00e1 el encargado de valorar a los candidatos. La Consejer\u00eda competente en materia de cultura elegir\u00e1 a los miembros del jurado. Estos ser\u00e1n personas con una trayectoria valorada en distintos \u00e1mbitos culturales, representantes de diversas instituciones tanto p\u00fablicas como privadas\u00a0 y miembros de universidades. En ning\u00fan caso, se premiar\u00e1 a las personas que integran el propio jurado o a aquellas que fueron galardonadas el a\u00f1o anterior. Asimismo, la labor del jurado tendr\u00e1 un car\u00e1cter honor\u00edfico y no ser\u00e1 remunerada.<\/p>\n<p><img loading=\"lazy\" decoding=\"async\" class=\"aligncenter\" src=\"https:\/\/static1-sevilla.abc.es\/media\/cultura\/2020\/12\/03\/s\/caac-exposicion-consejera-kanC--620x349@abc.jpeg\" width=\"375\" height=\"211\" \/><\/p>\n<p style=\"text-align: center\">Fuente: Sevilla.abc.es<\/p>\n<p>Esto se enmarca dentro del programa para promover la cultura andaluza que gestiona la Junta de Andaluc\u00eda que propone una extensa Agenda Cultural con actividades como cuentacuentos, visitas a fototecas municipales o teatros y recorridos por museos.<\/p>\n<p>Entre las innovaciones de la Consejer\u00eda de Cultura, se encuentra el aumento de su presupuesto en m\u00e1s de 40 millones de euros con el fin de consolidar el tercer pilar de riqueza de Andaluc\u00eda despu\u00e9s de la agroindustria y el turismo. Se busca apoyar la expansi\u00f3n de todos los sectores culturales andaluces, as\u00ed como modernizar y mejorar las instalaciones muse\u00edsticas con el fin de que las dependencias culturales andaluzas sean competitivas y est\u00e9n al nivel de los museos m\u00e1s reconocidos a nivel nacional.<\/p>\n<p><img loading=\"lazy\" decoding=\"async\" class=\"aligncenter\" src=\"https:\/\/upload.wikimedia.org\/wikipedia\/commons\/5\/51\/Fachada_Museo.jpg\" alt=\"File:Fachada Museo.jpg - Wikimedia Commons\" width=\"227\" height=\"202\" \/><\/p>\n<p style=\"text-align: center\">Fuente: WikimediaCommons.org<\/p>\n<p>Se realizar\u00e1n actividades como el\u00a0VIII Centenario del <strong>nacimiento de Alfonso X el S<\/strong><strong>abio<\/strong>,<strong> Centenario del Festival de Cante Jondo <\/strong>en Granada\u00a0o el V Centenario de <strong>Antonio de Nebrija.<\/strong> Adem\u00e1s, se aumentar\u00e1 el presupuesto del aclamado Teatro de la Maestranza con el fin de apoyar las obras teatrales y a las orquestas andaluzas. Entre otras aportaciones. se incrementar\u00e1 la financiaci\u00f3n de los festivales de cine y la del Museo Picasso.<\/p>\n<p><img loading=\"lazy\" decoding=\"async\" class=\"aligncenter\" src=\"https:\/\/upload.wikimedia.org\/wikipedia\/commons\/0\/0c\/Teatro_maestranza_2010_002.jpg\" alt=\"File:Teatro maestranza 2010 002.jpg - Wikimedia Commons\" width=\"372\" height=\"248\" \/><\/p>\n<p style=\"text-align: center\">Fuente: WikimediaCommons.org<\/p>\n<p><a href=\"https:\/\/www.diariodejerez.es\/rincon-flamenco\/actualidad\/Consejo-Gobierno-Premios-Andalucia-Cultura-Flamenco_0_1679832601.html\">Diario de Jerez<\/a><\/p>\n<p><a href=\"http:\/\/laadministracionaldia.inap.es\/noticia.asp?id=1222183\">La administraci\u00f3n al d\u00eda\u00a0<\/a><\/p>\n<p><a href=\"https:\/\/www.juntadeandalucia.es\/cultura\/agendaculturaldeandalucia\/SEVILLA\">Junta de Andaluc\u00eda<\/a><\/p>\n<p><a href=\"https:\/\/sevilla.abc.es\/cultura\/sevi-consejeria-cultura-junta-andalucia-aumenta-presupuesto-para-proximo-mas-40-millones-202111151257_noticia.html\">ABC de Sevilla<\/a><\/p>\n","protected":false},"excerpt":{"rendered":"<p>Se han creado los Premios Andaluc\u00eda de la Cultura por el Consejo de Gobierno. Estos galardones valorar\u00e1n los logros destacados de las personas que concursen en el a\u00f1o anterior a la convocatoria. Se pueden presentar tanto personas f\u00edsicas como jur\u00eddicas o tanto nacionales como extranjeras. Este acontecimiento se celebrar\u00e1 anualmente y tendr\u00e1 lugar un evento [&hellip;]<\/p>\n","protected":false},"author":67,"featured_media":4004,"comment_status":"open","ping_status":"open","sticky":false,"template":"","format":"standard","meta":{"_acf_changed":false,"_monsterinsights_skip_tracking":false,"_monsterinsights_sitenote_active":false,"_monsterinsights_sitenote_note":"","_monsterinsights_sitenote_category":0,"footnotes":""},"categories":[46],"tags":[80,55,128,89,64,346,332],"class_list":["post-4003","post","type-post","status-publish","format-standard","has-post-thumbnail","hentry","category-en-la-prensa","tag-actualidad","tag-andalucia","tag-artistas","tag-flamenco","tag-patrimonio","tag-patrimoniocultural","tag-sevilla-cultura"],"blocksy_meta":[],"acf":[],"jetpack_featured_media_url":"https:\/\/www.upo.es\/patio-colorado\/wp-content\/uploads\/2022\/05\/lf_museoflamenco.jpg","_links":{"self":[{"href":"https:\/\/www.upo.es\/patio-colorado\/wp-json\/wp\/v2\/posts\/4003","targetHints":{"allow":["GET"]}}],"collection":[{"href":"https:\/\/www.upo.es\/patio-colorado\/wp-json\/wp\/v2\/posts"}],"about":[{"href":"https:\/\/www.upo.es\/patio-colorado\/wp-json\/wp\/v2\/types\/post"}],"author":[{"embeddable":true,"href":"https:\/\/www.upo.es\/patio-colorado\/wp-json\/wp\/v2\/users\/67"}],"replies":[{"embeddable":true,"href":"https:\/\/www.upo.es\/patio-colorado\/wp-json\/wp\/v2\/comments?post=4003"}],"version-history":[{"count":2,"href":"https:\/\/www.upo.es\/patio-colorado\/wp-json\/wp\/v2\/posts\/4003\/revisions"}],"predecessor-version":[{"id":4277,"href":"https:\/\/www.upo.es\/patio-colorado\/wp-json\/wp\/v2\/posts\/4003\/revisions\/4277"}],"wp:featuredmedia":[{"embeddable":true,"href":"https:\/\/www.upo.es\/patio-colorado\/wp-json\/wp\/v2\/media\/4004"}],"wp:attachment":[{"href":"https:\/\/www.upo.es\/patio-colorado\/wp-json\/wp\/v2\/media?parent=4003"}],"wp:term":[{"taxonomy":"category","embeddable":true,"href":"https:\/\/www.upo.es\/patio-colorado\/wp-json\/wp\/v2\/categories?post=4003"},{"taxonomy":"post_tag","embeddable":true,"href":"https:\/\/www.upo.es\/patio-colorado\/wp-json\/wp\/v2\/tags?post=4003"}],"curies":[{"name":"wp","href":"https:\/\/api.w.org\/{rel}","templated":true}]}}