{"id":4014,"date":"2022-05-11T15:15:12","date_gmt":"2022-05-11T15:15:12","guid":{"rendered":"https:\/\/www.upo.es\/patio-colorado\/?p=4014"},"modified":"2022-05-11T15:20:34","modified_gmt":"2022-05-11T15:20:34","slug":"el-palacio-arzobispal-de-sevilla","status":"publish","type":"post","link":"https:\/\/www.upo.es\/patio-colorado\/2022\/05\/11\/el-palacio-arzobispal-de-sevilla\/","title":{"rendered":"El Palacio Arzobispal de Sevilla"},"content":{"rendered":"<p>El Palacio Arzobispal de Sevilla se declar\u00f3 Monumento Hist\u00f3rico Art\u00edstico en 1969 y alberga una de las pinacotecas m\u00e1s importantes del panorama art\u00edstico andaluz. Entre las obras de la colecci\u00f3n se encuentran dos murillos, cuadros de Herrera el Viejo, de Matia Pretti, escenas b\u00edblicas del Antiguo Testamento de la mano de Juan de Espinal y seis zurbaranes.<\/p>\n<p>Se ha definido esta pinacoteca como la segunda de Sevilla por detr\u00e1s de la del Museo de Bellas Artes. Tambi\u00e9n destacan las salas del Palacio como el Sal\u00f3n de los cuadros, el sal\u00f3n del trono, la galer\u00eda de los Obispos, el oratorio y el anteoratorio.<\/p>\n<p><img loading=\"lazy\" decoding=\"async\" class=\"aligncenter\" src=\"https:\/\/upload.wikimedia.org\/wikipedia\/commons\/0\/02\/Monumento_Sevilla.jpg\" alt=\"File:Monumento Sevilla.jpg - Wikimedia Commons\" width=\"313\" height=\"235\" \/><\/p>\n<p style=\"text-align: center\">Fuente: Wikimedia Commons.org<\/p>\n<p>El Palacio Arzobispal de Sevilla se puede visitar dos s\u00e1bados al mes con cuatro turnos al d\u00eda. Los grupos est\u00e1n formados por treinta personas que tendr\u00e1n la oportunidad de conocer las instalaciones de un edificio de mediados del siglo XVI. Dentro de los ochos turnos al mes, uno es gratuito y el resto tendr\u00e1 un precio de seis euros por turista.<\/p>\n<p style=\"text-align: center\">\u00a0<img loading=\"lazy\" decoding=\"async\" class=\"alignnone size-full wp-image-4016\" src=\"https:\/\/www.upo.es\/patio-colorado\/wp-content\/uploads\/2022\/05\/descarga-3-1.jpg\" alt=\"\" width=\"259\" height=\"194\" \/><\/p>\n<p style=\"text-align: center\">Fuente: Wikimedia Commons.org<\/p>\n<p>La portada principal del edificio es de Lorenzo Fern\u00e1ndez Iglesias y de Diego Antonio D\u00edaz. Se construy\u00f3 en el siglo XVIII y se reconoce como una de las mejores del barroco de la ciudad. La historia del edificio se remonta al a\u00f1o 1248 cuando se ceden una viviendas al obispo de Segovia. Unas casas establecidas\u00a0 sobre estructuras almohades construidas en unas termas romanas previas. Durante la ocupaci\u00f3n francesa, fue invadido por la Comandancia General del Ej\u00e9rcito y residi\u00f3 el mariscal Soult junto a sus oficiales. Posteriormente, los Duques de Montpensier lo ocuparon mientras se realizaron las obras del Palacio de San Telmo.<\/p>\n<p><img loading=\"lazy\" decoding=\"async\" class=\"aligncenter\" src=\"https:\/\/upload.wikimedia.org\/wikipedia\/commons\/b\/b7\/Palacio_arzobispal_de_Sevilla.jpg\" alt=\"File:Palacio arzobispal de Sevilla.jpg - Wikimedia Commons\" width=\"275\" height=\"411\" \/><\/p>\n<p style=\"text-align: center\">Fuente: Wikimedia Commons.org<\/p>\n<p>En el interior, es relevante la escalera central con m\u00e1rmoles de colores y sus tres tramos que desembocan en una magn\u00edfica tribuna. Adem\u00e1s, destacan dos patios manieristas de los siglos\u00a0 XVII y XVIII. El segundo tiene una fuente que data del siglo XVI. Detr\u00e1s est\u00e1n las dependencias del Archivo General del Arzobispado y Biblioteca con toda la documentaci\u00f3n relacionada con el arzobispado controlada por la Instituci\u00f3n Colombina.<\/p>\n<p style=\"text-align: center\"><img loading=\"lazy\" decoding=\"async\" class=\"aligncenter\" src=\"https:\/\/upload.wikimedia.org\/wikipedia\/commons\/9\/91\/Palacio_arzobispal_de_Sevilla._Fachada_principal.jpg\" alt=\"File:Palacio arzobispal de Sevilla. Fachada principal.jpg - Wikimedia Commons\" width=\"400\" height=\"225\" \/><\/p>\n<p style=\"text-align: center\">Fuente: Wikimedia Commons.org<\/p>\n<p><a href=\"https:\/\/sevilla.abc.es\/sevilla\/sevi-visitas-culturales-palacio-arzobispal-sevilla-precios-horarios-entradas-201909041432_noticia.html\">ABC de Sevilla<\/a><\/p>\n<p><a href=\"https:\/\/www.juntadeandalucia.es\/cultura\/agendaculturaldeandalucia\/evento\/palacio-arzobispal-archidiocesis-de-sevilla\">Junta de Andaluc\u00eda<\/a><\/p>\n<p><a href=\"https:\/\/www.patrimoniodesevilla.es\/el-palacio-arzobispal\">Patrimonio de Sevilla<\/a><\/p>\n","protected":false},"excerpt":{"rendered":"<p>El Palacio Arzobispal de Sevilla se declar\u00f3 Monumento Hist\u00f3rico Art\u00edstico en 1969 y alberga una de las pinacotecas m\u00e1s importantes del panorama art\u00edstico andaluz. Entre las obras de la colecci\u00f3n se encuentran dos murillos, cuadros de Herrera el Viejo, de Matia Pretti, escenas b\u00edblicas del Antiguo Testamento de la mano de Juan de Espinal y [&hellip;]<\/p>\n","protected":false},"author":67,"featured_media":4100,"comment_status":"open","ping_status":"open","sticky":false,"template":"","format":"standard","meta":{"_acf_changed":false,"_monsterinsights_skip_tracking":false,"_monsterinsights_sitenote_active":false,"_monsterinsights_sitenote_note":"","_monsterinsights_sitenote_category":0,"footnotes":""},"categories":[44],"tags":[55,346,28,85,210,285,6,259],"class_list":["post-4014","post","type-post","status-publish","format-standard","has-post-thumbnail","hentry","category-patrimonio","tag-andalucia","tag-patrimoniocultural","tag-arte","tag-exposicion","tag-historia","tag-monumento","tag-sevilla","tag-turismo"],"blocksy_meta":[],"acf":[],"jetpack_featured_media_url":"https:\/\/www.upo.es\/patio-colorado\/wp-content\/uploads\/2022\/05\/Palacio_arzobispal_de_Sevilla._Fachada_principal-scaled.jpg","_links":{"self":[{"href":"https:\/\/www.upo.es\/patio-colorado\/wp-json\/wp\/v2\/posts\/4014","targetHints":{"allow":["GET"]}}],"collection":[{"href":"https:\/\/www.upo.es\/patio-colorado\/wp-json\/wp\/v2\/posts"}],"about":[{"href":"https:\/\/www.upo.es\/patio-colorado\/wp-json\/wp\/v2\/types\/post"}],"author":[{"embeddable":true,"href":"https:\/\/www.upo.es\/patio-colorado\/wp-json\/wp\/v2\/users\/67"}],"replies":[{"embeddable":true,"href":"https:\/\/www.upo.es\/patio-colorado\/wp-json\/wp\/v2\/comments?post=4014"}],"version-history":[{"count":3,"href":"https:\/\/www.upo.es\/patio-colorado\/wp-json\/wp\/v2\/posts\/4014\/revisions"}],"predecessor-version":[{"id":4098,"href":"https:\/\/www.upo.es\/patio-colorado\/wp-json\/wp\/v2\/posts\/4014\/revisions\/4098"}],"wp:featuredmedia":[{"embeddable":true,"href":"https:\/\/www.upo.es\/patio-colorado\/wp-json\/wp\/v2\/media\/4100"}],"wp:attachment":[{"href":"https:\/\/www.upo.es\/patio-colorado\/wp-json\/wp\/v2\/media?parent=4014"}],"wp:term":[{"taxonomy":"category","embeddable":true,"href":"https:\/\/www.upo.es\/patio-colorado\/wp-json\/wp\/v2\/categories?post=4014"},{"taxonomy":"post_tag","embeddable":true,"href":"https:\/\/www.upo.es\/patio-colorado\/wp-json\/wp\/v2\/tags?post=4014"}],"curies":[{"name":"wp","href":"https:\/\/api.w.org\/{rel}","templated":true}]}}