{"id":4122,"date":"2022-05-11T17:12:50","date_gmt":"2022-05-11T17:12:50","guid":{"rendered":"https:\/\/www.upo.es\/patio-colorado\/?p=4122"},"modified":"2022-05-11T17:12:50","modified_gmt":"2022-05-11T17:12:50","slug":"museo-de-arte-contemporaneo-jose-maria-moreno-galvan-la-puebla-de-cazalla","status":"publish","type":"post","link":"https:\/\/www.upo.es\/patio-colorado\/2022\/05\/11\/museo-de-arte-contemporaneo-jose-maria-moreno-galvan-la-puebla-de-cazalla\/","title":{"rendered":"Museo de Arte Contempor\u00e1neo Jos\u00e9 Mar\u00eda Moreno Galv\u00e1n (La Puebla de Cazalla)"},"content":{"rendered":"<p>En la localidad sevillana de La Puebla de Cazalla se encuentra el Museo de Arte Contempor\u00e1neo Jos\u00e9 Mar\u00eda Moreno Galv\u00e1n, a unos 70 km de la capital andaluza. Este centro recibe su nombre por el c\u00e9lebre cr\u00edtico de arte, Jos\u00e9 Mar\u00eda Moreno Galv\u00e1n, natural de este municipio y fallecido en el a\u00f1o 1981.<\/p>\n<p>El museo se encuentra en la C\/ F\u00e1brica, 27 y se puede contactar con la organizaci\u00f3n con el n\u00famero de tel\u00e9fono 954 499 416 o con la direcci\u00f3n de correo electr\u00f3nico <a href=\"mailto:cultura@pueblacazalla.com\">cultura@pueblacazalla.com<\/a>. El horario es: en temporada de invierno: viernes de 17:30 a 20:30 y s\u00e1bados y domingos de 11:00 a 14:00 y de 17:30 a 20:30, en temporada de verano: viernes de 18:00 a 21:00 y s\u00e1bados y domingos de 11:00 a 14:00 y de 18:00 a 21:00. La entrada es gratuita.<\/p>\n<p>En 1995, se inaugur\u00f3 el museo como homenaje a Moreno Galv\u00e1n y a su carrera en el \u00e1mbito de la cr\u00edtica art\u00edstica espa\u00f1ola en los a\u00f1os 50, 60 y 70. Jos\u00e9 Mar\u00eda Moreno Galv\u00e1n tuvo un gran compromiso con la comprensi\u00f3n y la divulgaci\u00f3n del arte contempor\u00e1neo. Por ello, se pretende que este centro sea una continuaci\u00f3n en dicha labor, acerc\u00e1ndolo tanto al p\u00fablico lego como al especialista en el arte contempor\u00e1neo, asegurando su pervivencia, como el cr\u00edtico hubiera deseado.<\/p>\n<p><img loading=\"lazy\" decoding=\"async\" class=\"alignnone  wp-image-4133 aligncenter\" src=\"https:\/\/www.upo.es\/patio-colorado\/wp-content\/uploads\/2022\/05\/LA-PUEBLA-DE-CAZALLA-Museo-de-Arte-Contemporaneo-Jose-Ma-Moreno-Galvan-3-300x225.jpg\" alt=\"\" width=\"319\" height=\"239\" srcset=\"https:\/\/www.upo.es\/patio-colorado\/wp-content\/uploads\/2022\/05\/LA-PUEBLA-DE-CAZALLA-Museo-de-Arte-Contemporaneo-Jose-Ma-Moreno-Galvan-3-300x225.jpg 300w, https:\/\/www.upo.es\/patio-colorado\/wp-content\/uploads\/2022\/05\/LA-PUEBLA-DE-CAZALLA-Museo-de-Arte-Contemporaneo-Jose-Ma-Moreno-Galvan-3-768x576.jpg 768w, https:\/\/www.upo.es\/patio-colorado\/wp-content\/uploads\/2022\/05\/LA-PUEBLA-DE-CAZALLA-Museo-de-Arte-Contemporaneo-Jose-Ma-Moreno-Galvan-3.jpg 800w\" sizes=\"auto, (max-width: 319px) 100vw, 319px\" \/><\/p>\n<p style=\"text-align: center\"><strong>Fuente:\u00a0<\/strong>Diputaci\u00f3n de Sevilla<\/p>\n<p>Antes de ser convertido en el museo que es hoy en d\u00eda, en este mismo espacio se encontraba el Centro Cultural Jos\u00e9 Mar\u00eda Moreno Galv\u00e1n \u2013 Casa Panera, que abri\u00f3 sus puertas en 1987, consider\u00e1ndose el antecedente del proyecto de la apertura del museo.<\/p>\n<p>Este museo se ha establecido en un antiguo p\u00f3sito del S.XVI, el cual ha tenido diversas funciones a lo largo de su historia. En el S.XVIII fue reconvertido en un silo. Posteriormente, fue usado como prisi\u00f3n, almac\u00e9n y, en la d\u00e9cada de los 30, alberg\u00f3 a la Escuela Nacional, donde estudiaron los hermanos Moreno Galv\u00e1n, Jos\u00e9 Mar\u00eda y Francisco. Este \u00faltimo se encarg\u00f3 del dise\u00f1o del edificio, teniendo especial cuidado en la rehabilitaci\u00f3n de este, ya que, tanto \u00e9l como su hermano daban mucha importancia a la arquitectura tradicional andaluza, debido a la influencia de su padre, Jos\u00e9 Moreno, maestro alba\u00f1il. Finalmente, se consigui\u00f3 conservar una parte de los muros perimetrales, su arquer\u00eda central original y los contrafuertes de las esquinas y, adem\u00e1s, a estas reformas prosigui\u00f3 una ampliaci\u00f3n del edificio, en la que se siguieron igualmente las directrices de la arquitectura tradicional andaluza. Por ello, se levant\u00f3 un arco que rememora el aspecto que este espacio tuvo previamente.<\/p>\n<p><img loading=\"lazy\" decoding=\"async\" class=\"wp-image-4132 aligncenter\" src=\"https:\/\/www.upo.es\/patio-colorado\/wp-content\/uploads\/2022\/05\/primera_planta-298x300.jpg\" alt=\"\" width=\"334\" height=\"336\" srcset=\"https:\/\/www.upo.es\/patio-colorado\/wp-content\/uploads\/2022\/05\/primera_planta-298x300.jpg 298w, https:\/\/www.upo.es\/patio-colorado\/wp-content\/uploads\/2022\/05\/primera_planta-150x150.jpg 150w, https:\/\/www.upo.es\/patio-colorado\/wp-content\/uploads\/2022\/05\/primera_planta.jpg 465w\" sizes=\"auto, (max-width: 334px) 100vw, 334px\" \/><\/p>\n<p style=\"text-align: center\"><strong>Fuente:<\/strong> Museo de Arte Contempor\u00e1neo Jos\u00e9 Mar\u00eda Moreno Galv\u00e1n<\/p>\n<p>En cuanto a su dise\u00f1o expositivo, este se encuentra estructurado en tres plantas: la planta baja, dedicada a exposiciones temporales en diferentes formatos y soportes; la primera planta, en la que se expone el grueso de la colecci\u00f3n permanente, en la que se incluyen obras vanguardistas y postvanguardistas de autores espa\u00f1oles y de otras nacionalidades, aunque, sobre todo, de autores andaluces, junto con obras de otras corrientes como el cubismo, surrealismo, arte abstracto, informalismo, abstracci\u00f3n geom\u00e9trica, nueva figuraci\u00f3n, arte conceptual y piezas escult\u00f3ricas; finalmente, la segunda planta, est\u00e1 dedicada a Francisco Moreno Galv\u00e1n y a Diego Ruiz Cort\u00e9s. Tambi\u00e9n se proyectan de manera permanente los documentales: <em>Jos\u00e9 Mar\u00eda Moreno Galv\u00e1n. La autocr\u00edtica del arte<\/em> y <em>Francisco Moreno Galv\u00e1n. La fuente de lo jondo<\/em>, en referencia a los hermanos sevillanos.<\/p>\n<p><img loading=\"lazy\" decoding=\"async\" class=\"wp-image-4134 aligncenter\" src=\"https:\/\/www.upo.es\/patio-colorado\/wp-content\/uploads\/2022\/05\/cult_museos_10_lapuebla2-300x225.jpg\" alt=\"\" width=\"321\" height=\"241\" srcset=\"https:\/\/www.upo.es\/patio-colorado\/wp-content\/uploads\/2022\/05\/cult_museos_10_lapuebla2-300x225.jpg 300w, https:\/\/www.upo.es\/patio-colorado\/wp-content\/uploads\/2022\/05\/cult_museos_10_lapuebla2-768x576.jpg 768w, https:\/\/www.upo.es\/patio-colorado\/wp-content\/uploads\/2022\/05\/cult_museos_10_lapuebla2.jpg 800w\" sizes=\"auto, (max-width: 321px) 100vw, 321px\" \/><\/p>\n<p style=\"text-align: center\"><strong>Fuente:<\/strong> Diputaci\u00f3n de Sevilla<\/p>\n<p>Desde 1986, Francisco se encarg\u00f3 de pedir a diversos artistas, con quienes tanto \u00e9l como su hermano manten\u00edan amistad, algunas obras para exponer de forma permanente en lo que antes era el Centro Cultural. En menos de un a\u00f1o, se hicieron con obras de autores como Jos\u00e9 Guerrero, Cristino de Vera, Mercedes Ruibal, Ignacio Iraola o Carmen Laff\u00f3n. M\u00e1s tarde, se volvieron a solicitar m\u00e1s obras a trav\u00e9s de donaciones y cesiones. En 1991, se adquirieron otras a trav\u00e9s de compra de artistas como Juan Su\u00e1rez, Jos\u00e9 Ram\u00f3n Sierra, Jaime Burguillos, Dokoupil, Rogelio L\u00f3pez Cuenca, Antonio Sosa, Ignacio Tovar, Jos\u00e9 Mar\u00eda Bermejo o Curro Gonz\u00e1lez. Se llev\u00f3 a cabo una segunda fase de adquisici\u00f3n de obras en 1995 con motivo de la inauguraci\u00f3n del museo, consiguiendo obras de Roberto Matta, Josep Guinovart, Jos\u00e9 Vento, Valdivieso, Rolando Campos, Eduardo Carretero, Joaqu\u00edn S\u00e1enz, Ricardo C\u00e1rdenas, Evaristo Belloti o Carlos Alcolea. Finalmente, entre los a\u00f1os 2010 y 2011, se compr\u00f3 la colecci\u00f3n particular de Francisco Moreno Galv\u00e1n, dotando al museo de obras de Picasso, Mir\u00f3, Oteiza, Millares, T\u00e0pies, Pascual de Lara y del mismo Francisco. Adem\u00e1s, se incluy\u00f3 la Colecci\u00f3n Boj, que conten\u00eda litograf\u00edas y grabados de V\u00e1zquez D\u00edaz, Benjam\u00edn Palencia, Pancho Coss\u00edo, Maruja Mallo, Gregorio Prieto, Vela Zanetti, Antonio L\u00f3pez o Jos\u00e9 Caballero.<\/p>\n<p>El museo ofrece una gran variedad de actividades culturales entre las que se incluyen conciertos, jornadas culturales, etc. Por ejemplo, en el a\u00f1o 2014 se hizo un homenaje a Oca\u00f1a y se celebraron unas jornadas de <em>Jos\u00e9 Mar\u00eda Moreno Galv\u00e1n y el arte espa\u00f1ol del siglo XX<\/em>. En el museo tambi\u00e9n se pueden ver distintas exposiciones itinerantes como <em>Phllowers y Serinni<\/em> de F\u00e1tima Calder\u00f3n, que estuvo en el a\u00f1o 2020, <em>Reuni\u00f3n del Arte Jondo<\/em> de Francisco Moreno Galv\u00e1n, que estuvo en el a\u00f1o 2018 o <em>A Love Supreme\/Rorro Berjano<\/em> de Rorro Berjano, que se encontraba expuesta hasta hace poco.<\/p>\n<p>Adem\u00e1s, el museo presenta un programa, conocido como Art Brut, en el que los usuarios del Centro de D\u00eda Ocupacional de La Puebla, dirigido a personas con discapacidad intelectual, participan en actividades art\u00edsticas. Dicho programa se basa en tres \u00e1reas distintas: el taller, donde los usuarios, acompa\u00f1ados de profesionales, participan en distintas actividades; las Residencias Art\u00edsticas, que funcionan como lugar de encuentro entre los usuarios del centro y artistas seleccionados, que durante un mes llevan a cabo proyectos colaborativos o de coautor\u00eda, y las Jornadas de Art Brut, que son un espacio de reflexi\u00f3n en torno al programa.<\/p>\n<p>Se trata de un museo con un gran valor patrimonial que ofrece un acercamiento visceral con el arte contempor\u00e1neo que merece la pena visitar y analizar detenidamente.<\/p>\n<p>Algunas de las obras que alberga el museo:<\/p>\n<p><img loading=\"lazy\" decoding=\"async\" class=\"wp-image-4124 aligncenter\" src=\"https:\/\/www.upo.es\/patio-colorado\/wp-content\/uploads\/2022\/05\/joan_miro-300x219.jpg\" alt=\"\" width=\"342\" height=\"250\" srcset=\"https:\/\/www.upo.es\/patio-colorado\/wp-content\/uploads\/2022\/05\/joan_miro-300x219.jpg 300w, https:\/\/www.upo.es\/patio-colorado\/wp-content\/uploads\/2022\/05\/joan_miro.jpg 621w\" sizes=\"auto, (max-width: 342px) 100vw, 342px\" \/><\/p>\n<p style=\"text-align: center\"><strong>Joan Mir\u00f3. <em>Dedicatoria a Francisco Moreno Galv\u00e1n<\/em><\/strong><\/p>\n<p style=\"text-align: center\">T\u00e9cnica mixta sobre papel<\/p>\n<p style=\"text-align: center\">21 x 20 cm<\/p>\n<p style=\"text-align: center\">1973<\/p>\n<p style=\"text-align: center\"><strong>Fuente:<\/strong> Museo de Arte Contempor\u00e1neo Jos\u00e9 Mar\u00eda Moreno Galv\u00e1n<\/p>\n<p>&nbsp;<\/p>\n<p><img loading=\"lazy\" decoding=\"async\" class=\"wp-image-4126 aligncenter\" src=\"https:\/\/www.upo.es\/patio-colorado\/wp-content\/uploads\/2022\/05\/jose_perez-300x219.jpg\" alt=\"\" width=\"368\" height=\"269\" srcset=\"https:\/\/www.upo.es\/patio-colorado\/wp-content\/uploads\/2022\/05\/jose_perez-300x219.jpg 300w, https:\/\/www.upo.es\/patio-colorado\/wp-content\/uploads\/2022\/05\/jose_perez.jpg 621w\" sizes=\"auto, (max-width: 368px) 100vw, 368px\" \/><\/p>\n<p style=\"text-align: center\"><strong>Jos\u00e9 P\u00e9rez Oca\u00f1a. <em>Vieja sentada en la ventana<\/em><\/strong><\/p>\n<p style=\"text-align: center\">T\u00e9cnica mixta sobre papel<\/p>\n<p style=\"text-align: center\">36 x 45 cm<\/p>\n<p style=\"text-align: center\">1982<\/p>\n<p style=\"text-align: center\"><strong>Fuente:<\/strong> Museo de Arte Contempor\u00e1neo Jos\u00e9 Mar\u00eda Moreno Galv\u00e1n<\/p>\n<p>&nbsp;<\/p>\n<p><img loading=\"lazy\" decoding=\"async\" class=\"alignnone  wp-image-4127 aligncenter\" src=\"https:\/\/www.upo.es\/patio-colorado\/wp-content\/uploads\/2022\/05\/picasso-300x219.jpg\" alt=\"\" width=\"337\" height=\"246\" srcset=\"https:\/\/www.upo.es\/patio-colorado\/wp-content\/uploads\/2022\/05\/picasso-300x219.jpg 300w, https:\/\/www.upo.es\/patio-colorado\/wp-content\/uploads\/2022\/05\/picasso.jpg 621w\" sizes=\"auto, (max-width: 337px) 100vw, 337px\" \/><\/p>\n<p style=\"text-align: center\"><strong>Pablo Picasso. Sin t\u00edtulo<\/strong><\/p>\n<p style=\"text-align: center\">Serigraf\u00eda<\/p>\n<p style=\"text-align: center\">21 x 27 cm<\/p>\n<p style=\"text-align: center\">1956<\/p>\n<p>&nbsp;<\/p>\n<p><img loading=\"lazy\" decoding=\"async\" class=\"wp-image-4128 aligncenter\" src=\"https:\/\/www.upo.es\/patio-colorado\/wp-content\/uploads\/2022\/05\/aullido-300x219.jpg\" alt=\"\" width=\"370\" height=\"270\" srcset=\"https:\/\/www.upo.es\/patio-colorado\/wp-content\/uploads\/2022\/05\/aullido-300x219.jpg 300w, https:\/\/www.upo.es\/patio-colorado\/wp-content\/uploads\/2022\/05\/aullido.jpg 621w\" sizes=\"auto, (max-width: 370px) 100vw, 370px\" \/><\/p>\n<p style=\"text-align: center\"><strong>Gabriel Mariscal. <em>Aullido<\/em><\/strong><\/p>\n<p style=\"text-align: center\">Serigraf\u00eda<\/p>\n<p style=\"text-align: center\">50 x 70 cm<\/p>\n<p style=\"text-align: center\">2009<\/p>\n<p style=\"text-align: center\"><strong>Fuente:<\/strong> Museo de Arte Contempor\u00e1neo Jos\u00e9 Mar\u00eda Moreno Galv\u00e1n<\/p>\n<p>&nbsp;<\/p>\n<p><img loading=\"lazy\" decoding=\"async\" class=\"wp-image-4129 aligncenter\" src=\"https:\/\/www.upo.es\/patio-colorado\/wp-content\/uploads\/2022\/05\/gustavo_carbo-300x218.jpg\" alt=\"\" width=\"350\" height=\"254\" srcset=\"https:\/\/www.upo.es\/patio-colorado\/wp-content\/uploads\/2022\/05\/gustavo_carbo-300x218.jpg 300w, https:\/\/www.upo.es\/patio-colorado\/wp-content\/uploads\/2022\/05\/gustavo_carbo.jpg 624w\" sizes=\"auto, (max-width: 350px) 100vw, 350px\" \/><\/p>\n<p style=\"text-align: center\"><strong>Gustavo Carb\u00f3-Berthold. <em>Interior<\/em><\/strong><\/p>\n<p style=\"text-align: center\">Litograf\u00eda<\/p>\n<p style=\"text-align: center\">50 x 70 cm<\/p>\n<p style=\"text-align: center\">1980<\/p>\n<p style=\"text-align: center\"><strong>Fuente:<\/strong> Museo de Arte Contempor\u00e1neo Jos\u00e9 Mar\u00eda Moreno Galv\u00e1n<\/p>\n<p>&nbsp;<\/p>\n<p><img loading=\"lazy\" decoding=\"async\" class=\"wp-image-4130 aligncenter\" src=\"https:\/\/www.upo.es\/patio-colorado\/wp-content\/uploads\/2022\/05\/carmen_laffon-300x218.jpg\" alt=\"\" width=\"387\" height=\"281\" srcset=\"https:\/\/www.upo.es\/patio-colorado\/wp-content\/uploads\/2022\/05\/carmen_laffon-300x218.jpg 300w, https:\/\/www.upo.es\/patio-colorado\/wp-content\/uploads\/2022\/05\/carmen_laffon.jpg 624w\" sizes=\"auto, (max-width: 387px) 100vw, 387px\" \/><\/p>\n<p style=\"text-align: center\"><strong>Carmen Laff\u00f3n. <em>Paisaje<\/em><\/strong><\/p>\n<p style=\"text-align: center\">Litograf\u00eda<\/p>\n<p style=\"text-align: center\">50 x 35 cm<\/p>\n<p style=\"text-align: center\">Sin fecha<\/p>\n<p style=\"text-align: center\"><strong>Fuente:<\/strong> Museo de Arte Contempor\u00e1neo Jos\u00e9 Mar\u00eda Moreno Galv\u00e1n<\/p>\n<p>&nbsp;<\/p>\n<p style=\"text-align: center\"><img loading=\"lazy\" decoding=\"async\" class=\"alignnone  wp-image-4131\" src=\"https:\/\/www.upo.es\/patio-colorado\/wp-content\/uploads\/2022\/05\/marta_cardenas-300x219.jpg\" alt=\"\" width=\"338\" height=\"247\" srcset=\"https:\/\/www.upo.es\/patio-colorado\/wp-content\/uploads\/2022\/05\/marta_cardenas-300x219.jpg 300w, https:\/\/www.upo.es\/patio-colorado\/wp-content\/uploads\/2022\/05\/marta_cardenas.jpg 621w\" sizes=\"auto, (max-width: 338px) 100vw, 338px\" \/><\/p>\n<p style=\"text-align: center\"><strong>Marta C\u00e1rdenas. <em>Paisaje<\/em><\/strong><\/p>\n<p style=\"text-align: center\">\u00d3leo sobre lienzo<\/p>\n<p style=\"text-align: center\">117 x 89 cm<\/p>\n<p style=\"text-align: center\">1982<\/p>\n<p style=\"text-align: center\"><strong>Fuente:<\/strong> Museo de Arte Contempor\u00e1neo Jos\u00e9 Mar\u00eda Moreno Galv\u00e1n<\/p>\n<p>&nbsp;<\/p>\n<p><strong>Bibliograf\u00eda<\/strong><\/p>\n<p>Agenda Cultural de Andaluc\u00eda. <em>Museo de Arte Contempor\u00e1neo Jos\u00e9 Mar\u00eda Moreno Galv\u00e1n<\/em>. <a href=\"https:\/\/www.juntadeandalucia.es\/cultura\/agendaculturaldeandalucia\/evento\/museo-de-arte-contemporaneo-jose-maria-moreno-galvan\">https:\/\/www.juntadeandalucia.es\/cultura\/agendaculturaldeandalucia\/evento\/museo-de-arte-contemporaneo-jose-maria-moreno-galvan<\/a><\/p>\n<p>Concejal\u00eda de Cultural. <em>Historia M.A.C. Jos\u00e9 Mar\u00eda Moreno Galv\u00e1n<\/em>. <a href=\"https:\/\/www.pueblacazalla.org\/ayto\/index.php\/elayuntamiento\/area-de-cultura\/museos\/museo-de-arte-contemporaneo-jose-m-moreno-galvan\">https:\/\/www.pueblacazalla.org\/ayto\/index.php\/elayuntamiento\/area-de-cultura\/museos\/museo-de-arte-contemporaneo-jose-m-moreno-galvan<\/a><\/p>\n<p>Diputaci\u00f3n de Sevilla. <em>Museo de Arte Contempor\u00e1neo Jos\u00e9 M.\u00aa Moreno Galv\u00e1n<\/em>. <a href=\"https:\/\/www.turismosevilla.org\/es\/que-ver-y-hacer\/patrimonio\/museos-y-otros-espacios-expositivos\/museo-de-arte-contemporaneo-jose-ma\">https:\/\/www.turismosevilla.org\/es\/que-ver-y-hacer\/patrimonio\/museos-y-otros-espacios-expositivos\/museo-de-arte-contemporaneo-jose-ma<\/a><\/p>\n<p>Museo de Arte Contempor\u00e1neo. Jos\u00e9 Mar\u00eda Moreno Galv\u00e1n. <a href=\"http:\/\/macmorenogalvan.pueblacazalla.com\/\">http:\/\/macmorenogalvan.pueblacazalla.com\/<\/a><\/p>\n<p>Rivero G\u00f3mez, M.A. (2019). <em>El Museo de Arte Contempor\u00e1neo Jos\u00e9 Mar\u00eda Moreno Galv\u00e1n: la cr\u00edtica de arte como mediaci\u00f3n<\/em>. <a href=\"http:\/\/www.e-revistes.uji.es\/index.php\/diferents\/article\/view\/4096\/3358\">http:\/\/www.e-revistes.uji.es\/index.php\/diferents\/article\/view\/4096\/3358<\/a><\/p>\n","protected":false},"excerpt":{"rendered":"<p>En la localidad sevillana de La Puebla de Cazalla se encuentra el Museo de Arte Contempor\u00e1neo Jos\u00e9 Mar\u00eda Moreno Galv\u00e1n, a unos 70 km de la capital andaluza. Este centro recibe su nombre por el c\u00e9lebre cr\u00edtico de arte, Jos\u00e9 Mar\u00eda Moreno Galv\u00e1n, natural de este municipio y fallecido en el a\u00f1o 1981. El museo [&hellip;]<\/p>\n","protected":false},"author":85,"featured_media":4123,"comment_status":"open","ping_status":"open","sticky":false,"template":"","format":"standard","meta":{"_acf_changed":false,"_monsterinsights_skip_tracking":false,"_monsterinsights_sitenote_active":false,"_monsterinsights_sitenote_note":"","_monsterinsights_sitenote_category":0,"footnotes":""},"categories":[170,167,301],"tags":[381,178,28,466,464,465,6],"class_list":["post-4122","post","type-post","status-publish","format-standard","has-post-thumbnail","hentry","category-monumentos-y-turismo","category-pintura-escultura","category-sevilla","tag-artecontemporaneo","tag-museo","tag-arte","tag-josemariamorenogalvan","tag-lapuebladecazalla","tag-museodeartecontemporaneo","tag-sevilla"],"blocksy_meta":[],"acf":[],"jetpack_featured_media_url":"https:\/\/www.upo.es\/patio-colorado\/wp-content\/uploads\/2022\/05\/entrada_museo.jpg","_links":{"self":[{"href":"https:\/\/www.upo.es\/patio-colorado\/wp-json\/wp\/v2\/posts\/4122","targetHints":{"allow":["GET"]}}],"collection":[{"href":"https:\/\/www.upo.es\/patio-colorado\/wp-json\/wp\/v2\/posts"}],"about":[{"href":"https:\/\/www.upo.es\/patio-colorado\/wp-json\/wp\/v2\/types\/post"}],"author":[{"embeddable":true,"href":"https:\/\/www.upo.es\/patio-colorado\/wp-json\/wp\/v2\/users\/85"}],"replies":[{"embeddable":true,"href":"https:\/\/www.upo.es\/patio-colorado\/wp-json\/wp\/v2\/comments?post=4122"}],"version-history":[{"count":1,"href":"https:\/\/www.upo.es\/patio-colorado\/wp-json\/wp\/v2\/posts\/4122\/revisions"}],"predecessor-version":[{"id":4135,"href":"https:\/\/www.upo.es\/patio-colorado\/wp-json\/wp\/v2\/posts\/4122\/revisions\/4135"}],"wp:featuredmedia":[{"embeddable":true,"href":"https:\/\/www.upo.es\/patio-colorado\/wp-json\/wp\/v2\/media\/4123"}],"wp:attachment":[{"href":"https:\/\/www.upo.es\/patio-colorado\/wp-json\/wp\/v2\/media?parent=4122"}],"wp:term":[{"taxonomy":"category","embeddable":true,"href":"https:\/\/www.upo.es\/patio-colorado\/wp-json\/wp\/v2\/categories?post=4122"},{"taxonomy":"post_tag","embeddable":true,"href":"https:\/\/www.upo.es\/patio-colorado\/wp-json\/wp\/v2\/tags?post=4122"}],"curies":[{"name":"wp","href":"https:\/\/api.w.org\/{rel}","templated":true}]}}