{"id":4175,"date":"2022-05-12T16:16:43","date_gmt":"2022-05-12T16:16:43","guid":{"rendered":"https:\/\/www.upo.es\/patio-colorado\/?p=4175"},"modified":"2022-05-16T10:12:26","modified_gmt":"2022-05-16T10:12:26","slug":"olivares-y-su-impulso-turistico-a-traves-de-la-ruta-del-conde-duque-de-olivares","status":"publish","type":"post","link":"https:\/\/www.upo.es\/patio-colorado\/2022\/05\/12\/olivares-y-su-impulso-turistico-a-traves-de-la-ruta-del-conde-duque-de-olivares\/","title":{"rendered":"Olivares: n\u00facleo urbano o paisaje agrario"},"content":{"rendered":"<p><span style=\"font-weight: 400\">En esta entrada del Patio Colorao haremos un recorrido por el municipio sevillano de Olivares, situado geogr\u00e1ficamente en el Aljarafe, concretamente a orillas del r\u00edo Agrio, afluente del r\u00edo Guadiamar en direcci\u00f3n a las localidades de Gerena y Aznalc\u00f3llar. Esta localidad cuenta con un rico patrimonio hist\u00f3rico, art\u00edstico y cultural, en el que destaca la presencia y la labor de la familia de los Guzmanes.\u00a0<\/span><\/p>\n<p><img loading=\"lazy\" decoding=\"async\" class=\"size-full wp-image-4178 aligncenter\" src=\"https:\/\/www.upo.es\/patio-colorado\/wp-content\/uploads\/2022\/05\/mapa-olivares.jpg\" alt=\"\" width=\"232\" height=\"217\" \/><\/p>\n<p><span style=\"font-weight: 400\">Este municipio adquiere cierta relevancia a nivel nacional gracias a su vinculaci\u00f3n con la particular figura de <\/span><span style=\"font-weight: 400\">Gaspar de Guzm\u00e1n y Pimentel, Conde \u2013 Duque y valido del Rey Felipe IV. Este t\u00edtulo nobiliario del Condado de Olivares fue concedido en 1539 a Pedro P\u00e9rez de Guzm\u00e1n y Z\u00fa\u00f1iga, hijo del III Duque de Medina-Sidonia y Contador mayor del Rey. Su nombre hace referencia a la localidad andaluza de Olivares, en la provincia de Sevilla. Esta familia nobiliaria, originaria de la Corona de Castilla, eran propietarios de la Casa de Olivares, cuyos se\u00f1or\u00edos jurisdiccionales eran Olivares, Heliche, Albaida del Aljarafe, Camas, Castilleja de Guzm\u00e1n, Castilleja de la Cuesta, Salteras y Tomares.\u00a0<\/span><\/p>\n<p><span style=\"font-weight: 400\">En el siglo XVI la familia de los Guzmanes, bajo el mandato del primer Conde, Don Pedro de Guzm\u00e1n, empieza a enriquecer la villa con la construcci\u00f3n del Palacio Ducal y el Patio de Armas, actual Plaza de Espa\u00f1a, labor que contin\u00faa su hijo, Don Enrique de Guzm\u00e1n, Segundo Conde, con el levantamiento de una capilla en honor a la Virgen de las Nieves, enriquecida con las valiosas reliquias tra\u00eddas desde Roma bajo su mecenazgo y el de su esposa. Con la llegada del el tercer Conde, Don Gaspar de Guzm\u00e1n, la Villa comienza su m\u00e1ximo esplendor, convirtiendo la capilla existente en una colegiata y posteriormente en una abad\u00eda en 1623 mediante bula del Papa Urbano VII.<\/span><\/p>\n<p><img loading=\"lazy\" decoding=\"async\" class=\"size-full wp-image-4179 aligncenter\" src=\"https:\/\/www.upo.es\/patio-colorado\/wp-content\/uploads\/2022\/05\/duque-olivares.jpg\" alt=\"\" width=\"196\" height=\"257\" \/><\/p>\n<p><span style=\"font-weight: 400\">Recientemente, el ayuntamiento de Olivares ha fomentado el inter\u00e9s por todo este patrimonio, a trav\u00e9s de un impulso tur\u00edstico de \u201cLa ruta del Conde Duque de Olivares\u201d, mediante el desarrollo de una serie de eventos, equipamientos, infraestructuras y servicios que conviertan a la localidad en un referente del turismo cultural. De este modo, se diversificar\u00e1 la actividad econ\u00f3mica del municipio, desarrollando el turismo como alternativa a la agricultura y a la construcci\u00f3n.<\/span><\/p>\n<p><span style=\"font-weight: 400\">Este recorrido permite conocer el Palacio de los condes de Olivares, actual Casa Consistorial, que en su momento constituy\u00f3 el lugar de residencia de este importante personaje hist\u00f3rico. Adem\u00e1s, es actualmente la sede del Ayuntamiento de Olivares. Tras cruzar la Plaza Espa\u00f1a, otro de los puntos marcados, llegamos a la colegiata de Nuestra Se\u00f1ora de las Nieves, uno de los principales ejemplos de arquitectura del siglo XVII. El recorrido contin\u00faa por la sede de la Hermandad de la Veracruz y de la Soledad. Tambi\u00e9n, el itinerario incluye un acercamiento \u00fanico a una colecci\u00f3n de vestidos del barroco. Todo ello permite al visitante conocer c\u00f3mo era la vida cotidiana de esta \u00e9poca.<\/span><\/p>\n<p><img loading=\"lazy\" decoding=\"async\" class=\"alignnone wp-image-4181\" src=\"https:\/\/www.upo.es\/patio-colorado\/wp-content\/uploads\/2022\/05\/ruta-2.jpg\" alt=\"\" width=\"274\" height=\"162\" \/> <img loading=\"lazy\" decoding=\"async\" class=\"alignnone wp-image-4182\" src=\"https:\/\/www.upo.es\/patio-colorado\/wp-content\/uploads\/2022\/05\/ruta-3.jpg\" alt=\"\" width=\"219\" height=\"164\" \/><img loading=\"lazy\" decoding=\"async\" class=\"alignnone wp-image-4183\" src=\"https:\/\/www.upo.es\/patio-colorado\/wp-content\/uploads\/2022\/05\/palacio-300x194.jpg\" alt=\"\" width=\"258\" height=\"167\" srcset=\"https:\/\/www.upo.es\/patio-colorado\/wp-content\/uploads\/2022\/05\/palacio-300x194.jpg 300w, https:\/\/www.upo.es\/patio-colorado\/wp-content\/uploads\/2022\/05\/palacio-768x498.jpg 768w, https:\/\/www.upo.es\/patio-colorado\/wp-content\/uploads\/2022\/05\/palacio.jpg 980w\" sizes=\"auto, (max-width: 258px) 100vw, 258px\" \/><\/p>\n<p><span style=\"font-weight: 400\">Por otro lado, este paisaje agrario tan propio de Andaluc\u00eda, asociado<\/span><span style=\"font-weight: 400\"> al olivar, desde sus or\u00edgenes tambi\u00e9n ha estado asociado a la urbe, con lujosas villas ya desde la \u00e9poca romana cuando sus\u00a0 productos sal\u00edan de los puertos de It\u00e1lica\u00a0 hacia el Imperio. Posteriormente, durante el periodo musulm\u00e1n en la Pen\u00ednsula esta tradici\u00f3n olivarera del Aljarafe sevillano tambi\u00e9n vivi\u00f3 un desarrollo. M\u00e1s recientemente, este paisaje ha sufrido una intensa y r\u00e1pida transformaci\u00f3n debido al creciente proceso de urbanizaci\u00f3n. Esto ha provocado la desaparici\u00f3n de aquellos olivos centenarios y de la ya escasa presencia de la vid.<\/span><\/p>\n<p><span style=\"font-weight: 400\">Ante esta situaci\u00f3n, y para prevenir a\u00fan m\u00e1s el deterioro que el crecimiento urbano del \u00e1rea metropolitana de Sevilla est\u00e1 afectando al patrimonio asociado al cultivo del olivar en la Comarca del Aljarafe, se debe mejorar la gesti\u00f3n del territorio por parte de las Administraciones p\u00fablicas, y tambi\u00e9n por parte de sus habitantes que deben hacer un uso m\u00e1s responsable de su propio h\u00e1bitat y denunciar el mal uso del patrimonio natural.<\/span><\/p>\n<p><img loading=\"lazy\" decoding=\"async\" class=\"alignnone wp-image-4184\" src=\"https:\/\/www.upo.es\/patio-colorado\/wp-content\/uploads\/2022\/05\/campo-olivares.jpg\" alt=\"\" width=\"307\" height=\"172\" \/><img loading=\"lazy\" decoding=\"async\" class=\"alignnone size-full wp-image-4185\" src=\"https:\/\/www.upo.es\/patio-colorado\/wp-content\/uploads\/2022\/05\/urbanismo.jpg\" alt=\"\" width=\"259\" height=\"194\" \/><\/p>\n<p>&nbsp;<\/p>\n<p>&nbsp;<\/p>\n<p>Fuentes:<\/p>\n<p>Olivares Barroco, Patrimonio hist\u00f3rico, art\u00edstico y cultural. https:\/\/www.turismo-olivares.es\/olivares-barroco-patrimonio-historico-artistico-y-cultural\/<\/p>\n<p>El Conde Duque de Olivares, motor del crecimiento local. https:\/\/www.diariodesevilla.es\/provincia\/conde-Olivares-motor-crecimiento-local_0_255275147.html<\/p>\n<p>An\u00e1lisis del Palacio del Conde Duque de Olivares. https:\/\/estressoblog.wordpress.com\/2017\/03\/14\/analisis-del-palacio-del-conde-duque-de-olivares\/<\/p>\n<p>Ruptura de la sostenibilidad en la comarca del Aljarafe (Sevilla). La dial\u00e9ctica olivar-urbanizaci\u00f3n. http:\/\/www.ub.edu\/geocrit\/sn\/sn-366.htm<\/p>\n","protected":false},"excerpt":{"rendered":"<p>En esta entrada del Patio Colorao haremos un recorrido por el municipio sevillano de Olivares, situado geogr\u00e1ficamente en el Aljarafe, concretamente a orillas del r\u00edo Agrio, afluente del r\u00edo Guadiamar en direcci\u00f3n a las localidades de Gerena y Aznalc\u00f3llar. Esta localidad cuenta con un rico patrimonio hist\u00f3rico, art\u00edstico y cultural, en el que destaca la [&hellip;]<\/p>\n","protected":false},"author":82,"featured_media":4184,"comment_status":"open","ping_status":"open","sticky":false,"template":"","format":"standard","meta":{"_acf_changed":false,"_monsterinsights_skip_tracking":false,"_monsterinsights_sitenote_active":false,"_monsterinsights_sitenote_note":"","_monsterinsights_sitenote_category":0,"footnotes":""},"categories":[301],"tags":[],"class_list":["post-4175","post","type-post","status-publish","format-standard","has-post-thumbnail","hentry","category-sevilla"],"blocksy_meta":[],"acf":[],"jetpack_featured_media_url":"https:\/\/www.upo.es\/patio-colorado\/wp-content\/uploads\/2022\/05\/campo-olivares.jpg","_links":{"self":[{"href":"https:\/\/www.upo.es\/patio-colorado\/wp-json\/wp\/v2\/posts\/4175","targetHints":{"allow":["GET"]}}],"collection":[{"href":"https:\/\/www.upo.es\/patio-colorado\/wp-json\/wp\/v2\/posts"}],"about":[{"href":"https:\/\/www.upo.es\/patio-colorado\/wp-json\/wp\/v2\/types\/post"}],"author":[{"embeddable":true,"href":"https:\/\/www.upo.es\/patio-colorado\/wp-json\/wp\/v2\/users\/82"}],"replies":[{"embeddable":true,"href":"https:\/\/www.upo.es\/patio-colorado\/wp-json\/wp\/v2\/comments?post=4175"}],"version-history":[{"count":4,"href":"https:\/\/www.upo.es\/patio-colorado\/wp-json\/wp\/v2\/posts\/4175\/revisions"}],"predecessor-version":[{"id":4187,"href":"https:\/\/www.upo.es\/patio-colorado\/wp-json\/wp\/v2\/posts\/4175\/revisions\/4187"}],"wp:featuredmedia":[{"embeddable":true,"href":"https:\/\/www.upo.es\/patio-colorado\/wp-json\/wp\/v2\/media\/4184"}],"wp:attachment":[{"href":"https:\/\/www.upo.es\/patio-colorado\/wp-json\/wp\/v2\/media?parent=4175"}],"wp:term":[{"taxonomy":"category","embeddable":true,"href":"https:\/\/www.upo.es\/patio-colorado\/wp-json\/wp\/v2\/categories?post=4175"},{"taxonomy":"post_tag","embeddable":true,"href":"https:\/\/www.upo.es\/patio-colorado\/wp-json\/wp\/v2\/tags?post=4175"}],"curies":[{"name":"wp","href":"https:\/\/api.w.org\/{rel}","templated":true}]}}