{"id":4249,"date":"2022-05-15T12:13:29","date_gmt":"2022-05-15T12:13:29","guid":{"rendered":"https:\/\/www.upo.es\/patio-colorado\/?p=4249"},"modified":"2022-05-15T12:13:29","modified_gmt":"2022-05-15T12:13:29","slug":"conoce-las-maravillas-naturales-de-almeria","status":"publish","type":"post","link":"https:\/\/www.upo.es\/patio-colorado\/2022\/05\/15\/conoce-las-maravillas-naturales-de-almeria\/","title":{"rendered":"Conoce las maravillas naturales de Almer\u00eda"},"content":{"rendered":"<p><span style=\"font-weight: 400\">Desde el Patio Colorao queremos dedicar esta secci\u00f3n a Almer\u00eda y dar a conocer todo su valor y las maravillas que tiene esta tierra, que constituyen un importante reclamo tur\u00edstico. Esta ciudad pertenece a la comunidad aut\u00f3noma de Andaluc\u00eda y est\u00e1 situada en el extremo sureste de la Pen\u00ednsula Ib\u00e9rica.\u00a0<\/span><\/p>\n<p><span style=\"font-weight: 400\">Si pensamos en Almer\u00eda, seguramente la relacionamos con el cine, ya que se trata de un escenario espectacular de muchas pel\u00edculas de Hollywood, como podemos destacar la de Indiana Jones y la \u00daltima Cruzada. Este atractivo se debe al Desierto de Tabernas, en el que se ambientan pel\u00edculas del Viejo Oeste. Para mantener y potenciar esta magn\u00edfica y atractiva industria f\u00edlmica, se celebran eventos como el Festival Internacional de Cortometrajes Almer\u00eda en Corto o la recientemente inaugurada Casa del Cine.\u00a0<\/span><\/p>\n<p><img loading=\"lazy\" decoding=\"async\" class=\"alignnone size-medium wp-image-4252\" src=\"https:\/\/www.upo.es\/patio-colorado\/wp-content\/uploads\/2022\/05\/desierto.jpg\" alt=\"\" width=\"300\" height=\"168\" \/> <img loading=\"lazy\" decoding=\"async\" class=\"alignnone size-medium wp-image-4253\" src=\"https:\/\/www.upo.es\/patio-colorado\/wp-content\/uploads\/2022\/05\/escenario-300x164.jpg\" alt=\"\" width=\"300\" height=\"164\" srcset=\"https:\/\/www.upo.es\/patio-colorado\/wp-content\/uploads\/2022\/05\/escenario-300x164.jpg 300w, https:\/\/www.upo.es\/patio-colorado\/wp-content\/uploads\/2022\/05\/escenario.jpg 303w\" sizes=\"auto, (max-width: 300px) 100vw, 300px\" \/><\/p>\n<p><span style=\"font-weight: 400\">En este mismo corredor subdes\u00e9rtico Tabernas-Sorbas, se encuentra un impresionante mundo subterr\u00e1neo labrado por la acci\u00f3n milenaria de hace seis millones de a\u00f1os, del agua de lluvia sobre una potente roca de yeso. En este lugar, podemos apreciar diversas formaciones cristalinas como estalactitas, estalagmitas, columnas y corales, de gran inter\u00e9s espeleol\u00f3gico, convirti\u00e9ndolo en uno de los karst en yesos m\u00e1s importantes del mundo.<\/span><\/p>\n<p><img loading=\"lazy\" decoding=\"async\" class=\"alignnone size-medium wp-image-4254\" src=\"https:\/\/www.upo.es\/patio-colorado\/wp-content\/uploads\/2022\/05\/cueva-1.jpg\" alt=\"\" width=\"288\" height=\"175\" \/> <img loading=\"lazy\" decoding=\"async\" class=\"alignnone size-medium wp-image-4255\" src=\"https:\/\/www.upo.es\/patio-colorado\/wp-content\/uploads\/2022\/05\/cueva-2.jpg\" alt=\"\" width=\"275\" height=\"183\" \/><\/p>\n<p><span style=\"font-weight: 400\">Siguiendo con este paisaje tan caracter\u00edstico, cabe destacar la presencia del Parque Natural de Cabo de Gata-N\u00edjar, considerado como un espacio protegido desde 1987, con el objetivo de conservar sus ecosistemas naturales. Por ello, podemos destacar como un destino singular como uno de los pocos lugares de costa mediterr\u00e1nea que a\u00fan quedan libres del agresivo urbanismo y la masificaci\u00f3n tur\u00edstica. Se trata de uno de los paisajes m\u00e1s \u00e1ridos de Europa, y uno de los pocos de origen volc\u00e1nico, por lo que en muchas de sus playas podemos encontrar fen\u00f3menos como la arena negra por su origen, cr\u00e1teres, lenguas de lava fosilizadas, chimeneas volc\u00e1nicas, etc. En este Parque Natural cabe destacar playas como la de M\u00f3nsul, playa de los Genoveses, playa de Los Escullos, playa de los muertos, o el Arrecife de las Sirenas.<\/span><\/p>\n<p><img loading=\"lazy\" decoding=\"async\" class=\"alignnone  wp-image-4256\" src=\"https:\/\/www.upo.es\/patio-colorado\/wp-content\/uploads\/2022\/05\/playa-1.jpg\" alt=\"\" width=\"216\" height=\"162\" \/> <img loading=\"lazy\" decoding=\"async\" class=\"alignnone size-medium wp-image-4257\" src=\"https:\/\/www.upo.es\/patio-colorado\/wp-content\/uploads\/2022\/05\/playa-2-300x154.jpg\" alt=\"\" width=\"300\" height=\"154\" srcset=\"https:\/\/www.upo.es\/patio-colorado\/wp-content\/uploads\/2022\/05\/playa-2-300x154.jpg 300w, https:\/\/www.upo.es\/patio-colorado\/wp-content\/uploads\/2022\/05\/playa-2.jpg 314w\" sizes=\"auto, (max-width: 300px) 100vw, 300px\" \/><\/p>\n<p><span style=\"font-weight: 400\">Asimismo, en la zona almeriense podemos encontrar otro fen\u00f3meno natural sorprendente, se trata de una geoda, cavidad rocosa que est\u00e1 normalmente cerrada. Este yacimiento geol\u00f3gico es una de las cosas de las que m\u00e1s puede presumir Almer\u00eda, ya que se trata de la geoda m\u00e1s grande de Europa y la segunda del mundo, al ser una cavidad de 10,7 metros c\u00fabicos ubicada a 50 metros de profundidad situada en una antigua mina de plomo en la pedan\u00eda de Pilar de Jarav\u00eda. Est\u00e1 compuesta por cristales de yeso con una transparencia alt\u00edsima dando lugar a un aut\u00e9ntico espect\u00e1culo de la naturaleza.\u00a0\u00a0<\/span><\/p>\n<p><img loading=\"lazy\" decoding=\"async\" class=\"alignnone size-medium wp-image-4258\" src=\"https:\/\/www.upo.es\/patio-colorado\/wp-content\/uploads\/2022\/05\/geoda-1-300x158.jpg\" alt=\"\" width=\"300\" height=\"158\" srcset=\"https:\/\/www.upo.es\/patio-colorado\/wp-content\/uploads\/2022\/05\/geoda-1-300x158.jpg 300w, https:\/\/www.upo.es\/patio-colorado\/wp-content\/uploads\/2022\/05\/geoda-1.jpg 310w\" sizes=\"auto, (max-width: 300px) 100vw, 300px\" \/> <img loading=\"lazy\" decoding=\"async\" class=\"alignnone  wp-image-4259\" src=\"https:\/\/www.upo.es\/patio-colorado\/wp-content\/uploads\/2022\/05\/geoda-2-300x166.jpg\" alt=\"\" width=\"284\" height=\"157\" srcset=\"https:\/\/www.upo.es\/patio-colorado\/wp-content\/uploads\/2022\/05\/geoda-2-300x166.jpg 300w, https:\/\/www.upo.es\/patio-colorado\/wp-content\/uploads\/2022\/05\/geoda-2.jpg 302w\" sizes=\"auto, (max-width: 284px) 100vw, 284px\" \/><\/p>\n<p><span style=\"font-weight: 400\">Por otro lado, esta provincia cuenta un rico pasado hist\u00f3rico, que hemos sido capaces de conocer gracias al yacimiento arqueol\u00f3gico de Los Millares, ubicado en el municipio de Santa Fe de Mond\u00fajar. Este enclave se trata de un asentamiento prehist\u00f3rico de la Edad del Cobre, formado por el poblado y su necr\u00f3polis. Presenta un urbanismo organizado con viviendas de planta circular, algunos edificios de uso p\u00fablico y construcciones relacionadas con la distribuci\u00f3n y almacenamiento de agua. La principal actividad econ\u00f3mica era la agricultura, la ganader\u00eda y la caza, junto con otros trabajos especializados como los metal\u00fargicos y la producci\u00f3n de puntas de flecha.<\/span><\/p>\n<p><img loading=\"lazy\" decoding=\"async\" class=\"alignnone size-medium wp-image-4260\" src=\"https:\/\/www.upo.es\/patio-colorado\/wp-content\/uploads\/2022\/05\/millares-1.jpg\" alt=\"\" width=\"264\" height=\"191\" \/> <img loading=\"lazy\" decoding=\"async\" class=\"alignnone size-full wp-image-4261\" src=\"https:\/\/www.upo.es\/patio-colorado\/wp-content\/uploads\/2022\/05\/millares-2.jpg\" alt=\"\" width=\"275\" height=\"183\" \/><\/p>\n<p><span style=\"font-weight: 400\">Tambi\u00e9n, en Almer\u00eda podemos destacar la presencia de la Cueva de los Letreros, situada en la localidad de V\u00e9lez-Blanco. Puede presumir de ser una de las primeras cuevas de todo el mundo en la que se han descubierto manifestaciones de pinturas rupestres, que cuentan con m\u00e1s de cinco mil a\u00f1os de antig\u00fcedad, y que han sido declaradas Patrimonio de la Humanidad por parte de la Unesco. La imagen m\u00e1s conocida y representativa de las pinturas rupestres de la Cueva de los Letreros es la figura del \u00cdndalo, que representa a un cazador de la Edad de Cobre. Se trata de un s\u00edmbolo de Almer\u00eda que evoca el sol, la brisa y el Mediterr\u00e1neao, y que adem\u00e1s es una alegor\u00eda de la buena suerte. No obstante, todas las figuras que podemos encontrar en las paredes y rocas de la cueva son interesantes y cuentan las historias y sucesos que les acontec\u00edan a aquellos que las pintaron milenios atr\u00e1s, entre las que encontramos lo que podr\u00edan ser rituales, reuniones, ceremonias o curaciones. Tambi\u00e9n encontraremos varias historias de cacer\u00edas y de animales, lo que implica una importante joya a nivel sociol\u00f3gico, hist\u00f3rico y art\u00edstico que nos permite viajar al pasado e imaginar c\u00f3mo era la vida de aquellas civilizaciones prehist\u00f3ricas.<\/span><\/p>\n<p><img loading=\"lazy\" decoding=\"async\" class=\"alignnone size-full wp-image-4262\" src=\"https:\/\/www.upo.es\/patio-colorado\/wp-content\/uploads\/2022\/05\/pintura-1.jpg\" alt=\"\" width=\"286\" height=\"176\" \/><img loading=\"lazy\" decoding=\"async\" class=\"alignnone size-full wp-image-4263\" src=\"https:\/\/www.upo.es\/patio-colorado\/wp-content\/uploads\/2022\/05\/pintura-2.jpg\" alt=\"\" width=\"259\" height=\"194\" \/><\/p>\n<p><span style=\"font-weight: 400\">Ahora que conoces m\u00e1s a fondo estos rincones naturales de Almer\u00eda, no podr\u00e1s resistirte a observar estos maravillosos\u00a0 y \u00fanicos paisajes por ti mismo. <\/span><\/p>\n<p>&nbsp;<\/p>\n<p>Fuentes:<\/p>\n<p>Almer\u00eda:\u00a0<a href=\"https:\/\/www.juntadeandalucia.es\/averroes\/centros-tic\/04005041\/helvia\/sitio\/upload\/almeria.pdf\"><span style=\"font-weight: 400\">\u00a0https:\/\/www.juntadeandalucia.es\/averroes\/centros-tic\/04005041\/helvia\/sitio\/upload\/almeria.pdf<\/span><\/a><span style=\"font-weight: 400\">\u00a0<\/span><\/p>\n<p>Lugares de Almer\u00eda como Patrimonio de la Humanidad:\u00a0<a href=\"https:\/\/www.diariodealmeria.es\/vivir\/Lugares-Almeria-Patrimonio-Humanidad_0_1423357925.html\"><span style=\"font-weight: 400\">https:\/\/www.diariodealmeria.es\/vivir\/Lugares-Almeria-Patrimonio-Humanidad_0_1423357925.html<\/span><\/a><span style=\"font-weight: 400\">\u00a0<\/span><\/p>\n<p>10 cosas que no creer\u00edas que son de Almer\u00eda:\u00a0<a href=\"https:\/\/almeriatrending.com\/10-cosas-que-no-creerias-que-son-de-almeria\/\"><span style=\"font-weight: 400\">https:\/\/almeriatrending.com\/10-cosas-que-no-creerias-que-son-de-almeria\/<\/span><\/a><span style=\"font-weight: 400\">\u00a0<\/span><\/p>\n<p>Parque Natural de Cabo de Gata-N\u00edjar:\u00a0<a href=\"https:\/\/es.wikipedia.org\/wiki\/Parque_natural_del_Cabo_de_Gata-N%C3%ADjar\"><span style=\"font-weight: 400\">https:\/\/es.wikipedia.org\/wiki\/Parque_natural_del_Cabo_de_Gata-N%C3%ADjar<\/span><\/a><span style=\"font-weight: 400\">\u00a0<\/span><\/p>\n<p>Karts en Yesos de Sorbas:\u00a0<a href=\"https:\/\/www.juntadeandalucia.es\/medioambiente\/portal\/web\/ventanadelvisitante\/detalle-buscador-mapa\/-\/asset_publisher\/Jlbxh2qB3NwR\/content\/karst-en-yesos-de-sorbas-6\/255035\"><span style=\"font-weight: 400\">https:\/\/www.juntadeandalucia.es\/medioambiente\/portal\/web\/ventanadelvisitante\/detalle-buscador-mapa\/-\/asset_publisher\/Jlbxh2qB3NwR\/content\/karst-en-yesos-de-sorbas-6\/255035<\/span><\/a><span style=\"font-weight: 400\">\u00a0<\/span><\/p>\n<p>Enclave arqueol\u00f3gico Los Millares:\u00a0<a href=\"https:\/\/www.juntadeandalucia.es\/cultura\/enclaves\/enclave-arqueologico-de-los-millares\"><span style=\"font-weight: 400\">https:\/\/www.juntadeandalucia.es\/cultura\/enclaves\/enclave-arqueologico-de-los-millares<\/span><\/a><span style=\"font-weight: 400\">\u00a0<\/span><\/p>\n<p>La Cueva de los Letreros en Almer\u00eda: <a href=\"https:\/\/saposyprincesas.elmundo.es\/actividades-ninos\/almeria\/aire-libre\/rutas-y-excursiones\/la-cueva-de-los-letreros\/\"><span style=\"font-weight: 400\">https:\/\/saposyprincesas.elmundo.es\/actividades-ninos\/almeria\/aire-libre\/rutas-y-excursiones\/la-cueva-de-los-letreros\/<\/span><\/a><span style=\"font-weight: 400\">\u00a0<\/span><\/p>\n","protected":false},"excerpt":{"rendered":"<p>Desde el Patio Colorao queremos dedicar esta secci\u00f3n a Almer\u00eda y dar a conocer todo su valor y las maravillas que tiene esta tierra, que constituyen un importante reclamo tur\u00edstico. Esta ciudad pertenece a la comunidad aut\u00f3noma de Andaluc\u00eda y est\u00e1 situada en el extremo sureste de la Pen\u00ednsula Ib\u00e9rica.\u00a0 Si pensamos en Almer\u00eda, seguramente [&hellip;]<\/p>\n","protected":false},"author":82,"featured_media":4250,"comment_status":"open","ping_status":"open","sticky":false,"template":"","format":"standard","meta":{"_acf_changed":false,"_monsterinsights_skip_tracking":false,"_monsterinsights_sitenote_active":false,"_monsterinsights_sitenote_note":"","_monsterinsights_sitenote_category":0,"footnotes":""},"categories":[307],"tags":[],"class_list":["post-4249","post","type-post","status-publish","format-standard","has-post-thumbnail","hentry","category-almeria"],"blocksy_meta":[],"acf":[],"jetpack_featured_media_url":"https:\/\/www.upo.es\/patio-colorado\/wp-content\/uploads\/2022\/05\/portada.jpg","_links":{"self":[{"href":"https:\/\/www.upo.es\/patio-colorado\/wp-json\/wp\/v2\/posts\/4249","targetHints":{"allow":["GET"]}}],"collection":[{"href":"https:\/\/www.upo.es\/patio-colorado\/wp-json\/wp\/v2\/posts"}],"about":[{"href":"https:\/\/www.upo.es\/patio-colorado\/wp-json\/wp\/v2\/types\/post"}],"author":[{"embeddable":true,"href":"https:\/\/www.upo.es\/patio-colorado\/wp-json\/wp\/v2\/users\/82"}],"replies":[{"embeddable":true,"href":"https:\/\/www.upo.es\/patio-colorado\/wp-json\/wp\/v2\/comments?post=4249"}],"version-history":[{"count":3,"href":"https:\/\/www.upo.es\/patio-colorado\/wp-json\/wp\/v2\/posts\/4249\/revisions"}],"predecessor-version":[{"id":4265,"href":"https:\/\/www.upo.es\/patio-colorado\/wp-json\/wp\/v2\/posts\/4249\/revisions\/4265"}],"wp:featuredmedia":[{"embeddable":true,"href":"https:\/\/www.upo.es\/patio-colorado\/wp-json\/wp\/v2\/media\/4250"}],"wp:attachment":[{"href":"https:\/\/www.upo.es\/patio-colorado\/wp-json\/wp\/v2\/media?parent=4249"}],"wp:term":[{"taxonomy":"category","embeddable":true,"href":"https:\/\/www.upo.es\/patio-colorado\/wp-json\/wp\/v2\/categories?post=4249"},{"taxonomy":"post_tag","embeddable":true,"href":"https:\/\/www.upo.es\/patio-colorado\/wp-json\/wp\/v2\/tags?post=4249"}],"curies":[{"name":"wp","href":"https:\/\/api.w.org\/{rel}","templated":true}]}}