{"id":4267,"date":"2022-05-15T13:34:26","date_gmt":"2022-05-15T13:34:26","guid":{"rendered":"https:\/\/www.upo.es\/patio-colorado\/?p=4267"},"modified":"2022-06-04T09:29:44","modified_gmt":"2022-06-04T09:29:44","slug":"agenda-del-teatro-de-la-maestranza-en-la-temporada-2022-2023","status":"publish","type":"post","link":"https:\/\/www.upo.es\/patio-colorado\/2022\/05\/15\/agenda-del-teatro-de-la-maestranza-en-la-temporada-2022-2023\/","title":{"rendered":"Agenda del Teatro de la Maestranza en la temporada 2022\/2023"},"content":{"rendered":"<p>Con la entrada del mes de mayo y la cercan\u00eda al segundo semestre del a\u00f1o 2022, se han hecho p\u00fablicas las representaciones teatrales que tendr\u00e1n lugar en el Teatro de la Maestranza de Sevilla. Como singularidad, cabe destacar que esta temporada se le ha dado preferencia a aquellas obras que no pudieron ser representadas debido a la pandemia de COVID-19.<\/p>\n<p>En el \u00e1mbito l\u00edrico, la temporada comienza con una representaci\u00f3n de la obra llamada \u00abRoberto Devereux\u00bb, de Gaetano Donizetti, que tendr\u00e1 lugar los d\u00edas 8, 10 y 12 de noviembre con el jerezano Ismael Jordi a la cabeza. Posteriormente, los d\u00edas 18 y 19 de marzo se dar\u00eda la representaci\u00f3n de la obra \u00abLa vida breve\u00bb, de Manuel de Falla, en el que me gustar\u00eda destacar la participaci\u00f3n de la soprano Ainhoa Arteta y el tenor Alejandro Roy.<\/p>\n<p>La programaci\u00f3n l\u00edrica se completa con el \u2018Oratorio de Navidad\u2019 el 14 de diciembre y \u00a0la \u2018Pasi\u00f3n seg\u00fan San Mateo\u2019 el 2 de abril, ambas obras de J. S. Bach e interpretadas, respectivamente, por las Orquestas Barrocas de Friburgo y de Sevilla.<\/p>\n<p>En lo que al ciclo de danza respecta, se contar\u00e1 con interpretaciones como las de \u00abRomeo y Julieta\u00bb, de Les Ballets de Monte-Carlo del 11 al 14 de enero; \u00abFuego\u00bb, de la Compa\u00f1\u00eda Antonio Gades los d\u00edas 23 y 24 de marzo; y la nueva obra del B\u00e9jart Ballet Lausanne el 14 y el 15 de octubre, que celebra la juventud al ritmo de Queen y Mozart.Asimismo, diez figuras internacionales de la danza homenajear\u00e1n en la \u2018Gala Alicia Alonso\u2019 a la inolvidable bailarina y directora del Ballet Nacional de Cuba el 1 de octubre de 2023.<\/p>\n<p><img loading=\"lazy\" decoding=\"async\" class=\"wp-image-4269 aligncenter\" src=\"https:\/\/www.upo.es\/patio-colorado\/wp-content\/uploads\/2022\/05\/120522d-1-300x200.jpg\" alt=\"\" width=\"464\" height=\"309\" srcset=\"https:\/\/www.upo.es\/patio-colorado\/wp-content\/uploads\/2022\/05\/120522d-1-300x200.jpg 300w, https:\/\/www.upo.es\/patio-colorado\/wp-content\/uploads\/2022\/05\/120522d-1-1024x683.jpg 1024w, https:\/\/www.upo.es\/patio-colorado\/wp-content\/uploads\/2022\/05\/120522d-1-768x512.jpg 768w, https:\/\/www.upo.es\/patio-colorado\/wp-content\/uploads\/2022\/05\/120522d-1-1536x1024.jpg 1536w, https:\/\/www.upo.es\/patio-colorado\/wp-content\/uploads\/2022\/05\/120522d-1-2048x1365.jpg 2048w\" sizes=\"auto, (max-width: 464px) 100vw, 464px\" \/><\/p>\n","protected":false},"excerpt":{"rendered":"<p>Con la entrada del mes de mayo y la cercan\u00eda al segundo semestre del a\u00f1o 2022, se han hecho p\u00fablicas las representaciones teatrales que tendr\u00e1n lugar en el Teatro de la Maestranza de Sevilla. Como singularidad, cabe destacar que esta temporada se le ha dado preferencia a aquellas obras que no pudieron ser representadas debido [&hellip;]<\/p>\n","protected":false},"author":90,"featured_media":5566,"comment_status":"open","ping_status":"open","sticky":false,"template":"","format":"standard","meta":{"_acf_changed":false,"_monsterinsights_skip_tracking":false,"_monsterinsights_sitenote_active":false,"_monsterinsights_sitenote_note":"","_monsterinsights_sitenote_category":0,"footnotes":""},"categories":[169,1,12,186,301],"tags":[],"class_list":["post-4267","post","type-post","status-publish","format-standard","has-post-thumbnail","hentry","category-cine-artes-audiovisuales","category-sin-categoria","category-eventos","category-literatura-musica","category-sevilla"],"blocksy_meta":[],"acf":[],"jetpack_featured_media_url":"https:\/\/www.upo.es\/patio-colorado\/wp-content\/uploads\/2022\/05\/700DEB6E-4099-476D-93FD-EEAA1C2D1EDC.jpeg","_links":{"self":[{"href":"https:\/\/www.upo.es\/patio-colorado\/wp-json\/wp\/v2\/posts\/4267","targetHints":{"allow":["GET"]}}],"collection":[{"href":"https:\/\/www.upo.es\/patio-colorado\/wp-json\/wp\/v2\/posts"}],"about":[{"href":"https:\/\/www.upo.es\/patio-colorado\/wp-json\/wp\/v2\/types\/post"}],"author":[{"embeddable":true,"href":"https:\/\/www.upo.es\/patio-colorado\/wp-json\/wp\/v2\/users\/90"}],"replies":[{"embeddable":true,"href":"https:\/\/www.upo.es\/patio-colorado\/wp-json\/wp\/v2\/comments?post=4267"}],"version-history":[{"count":1,"href":"https:\/\/www.upo.es\/patio-colorado\/wp-json\/wp\/v2\/posts\/4267\/revisions"}],"predecessor-version":[{"id":4270,"href":"https:\/\/www.upo.es\/patio-colorado\/wp-json\/wp\/v2\/posts\/4267\/revisions\/4270"}],"wp:featuredmedia":[{"embeddable":true,"href":"https:\/\/www.upo.es\/patio-colorado\/wp-json\/wp\/v2\/media\/5566"}],"wp:attachment":[{"href":"https:\/\/www.upo.es\/patio-colorado\/wp-json\/wp\/v2\/media?parent=4267"}],"wp:term":[{"taxonomy":"category","embeddable":true,"href":"https:\/\/www.upo.es\/patio-colorado\/wp-json\/wp\/v2\/categories?post=4267"},{"taxonomy":"post_tag","embeddable":true,"href":"https:\/\/www.upo.es\/patio-colorado\/wp-json\/wp\/v2\/tags?post=4267"}],"curies":[{"name":"wp","href":"https:\/\/api.w.org\/{rel}","templated":true}]}}